{"id":60524,"date":"2025-10-14T17:12:12","date_gmt":"2025-10-14T17:12:12","guid":{"rendered":"https:\/\/www.europesays.com\/no\/60524\/"},"modified":"2025-10-14T17:12:12","modified_gmt":"2025-10-14T17:12:12","slug":"gjorde-en-klar-feilvurdering","status":"publish","type":"post","link":"https:\/\/www.europesays.com\/no\/60524\/","title":{"rendered":"&#8211; Gjorde en klar feilvurdering"},"content":{"rendered":"<p class=\"kicker \" style=\"\">Kraftig advarsel:<\/p>\n<p>  Brannsjef H\u00e5vard Nicolausson skulle bare forberede en \u00f8velse. Minutter seinere eksploderte det.<\/p>\n<p>\n    SKRUBBET BORT HUDEN: H\u00e5vard Nicolausson etter ulykken. Foto: Privat\n  <\/p>\n<p>    Kort fortalt<\/p>\n<ul lang=\"nb-NO\">\n<li>En rutine\u00f8velse for r\u00f8ykdykkere i V\u00e6rnesregionen endte med at brannsjefen ble alvorlig forbrent.<\/li>\n<li>H\u00e5vard Nicolausson, instrukt\u00f8r under \u00f8velsen, ble truffet av flammer da han helte sprit p\u00e5 et antatt slukket fyringskar.<\/li>\n<li>Rask f\u00f8rstehjelp og behandling p\u00e5 sykehus f\u00f8rte til at han kom seg, uten arr, etter to uker sykemelding.<\/li>\n<li>Brann- og redningstjenesten har n\u00e5 endret rutiner for \u00e5 inkludere full r\u00f8ykdykkerbekledning for instrukt\u00f8rer.<\/li>\n<\/ul>\n<p class=\"italic ai-disclaimer\" data-lab-italic=\"italic\">Sammendraget er laget av ChatGPT og godkjent av Dagbladet.<\/p>\n<p>      Vis mer<br \/>\n      Vis mindre<\/p>\n<p>Det som skulle v\u00e6re en rutine\u00f8velse for r\u00f8ykdykkere ved V\u00e6rnesregionen brann- og redningstjeneste, endte med at brannsjefen selv ble alvorlig forbrent i ansikt og hode.<\/p>\n<p><a href=\"https:\/\/www.merakerposten.no\/brannsjefen-havnet-selv-i-branndrama-jeg-har-vart-heldig\/f\/5-133-137553\" rel=\"nofollow noopener\" target=\"_blank\">Mer\u00e5kerposten<\/a> var f\u00f8rst til \u00e5 omtale saken.<\/p>\n<p>Brannsjef H\u00e5vard Nicolausson understreker at han ikke \u00f8nsker sympati. Han \u00f8nsker heller \u00e5 framheve innsatsen fra kollegaene og n\u00f8detatene.<\/p>\n<p class=\"font-weight-bold m-font-weight-bold\" data-lab-font_weight=\"font-weight-bold\">&#8211; Det er ikke synd p\u00e5 meg. Det viktige er \u00e5 vise hvor avgj\u00f8rende det er med rask og riktig f\u00f8rstehjelp, sier han.<\/p>\n<p>S\u00e5 ikke flammen\t<\/p>\n<p>Ulykken skjedde 10. september under den \u00e5rlige r\u00f8ykdykker\u00f8velsen ved flysimulatoren p\u00e5 Trondheim lufthavn V\u00e6rnes.\u00a0<\/p>\n<p>\u00d8velsene foreg\u00e5r i et gammelt flyskrog, hvor det simuleres brann i ulike deler av flyet.<\/p>\n<p> Nicolausson hadde ansvaret for \u00e5 klargj\u00f8re et brennende kar i cockpiten f\u00f8r mannskapet gikk inn. <\/p>\n<p>        D\u00d8DE: Kenneth Andr\u00e9 Koch S\u00f8rensen (18), Jonas Gabriel Kanstad Hansen (18), Audun Andreassen Hellebust (18), Svein Johnny Jenssen (63), Unni Eva Jenssen (59). Video: Bj\u00f8rn Langsem \/ privat<\/p>\n<p>Like f\u00f8r klokka 17 gikk han inn for en siste sjekk.<\/p>\n<p>&#8211; Jeg trodde det ikke var fyr i karet, s\u00e5 jeg hentet spritkanna for \u00e5 f\u00e5 i gang flammen igjen, sier han.<\/p>\n<p> Han tenkte ikke over at flammen fra sprit kan v\u00e6re nesten usynlig. <\/p>\n<p>          <img loading=\"lazy\" decoding=\"async\" src=\"https:\/\/www.europesays.com\/no\/wp-content\/uploads\/2025\/10\/83721958.webp\" width=\"686\" height=\"474\" title=\"P\u00c5 JOBB: H\u00e5vard Nicolausson avbildet f\u00f8r ulykken. Foto: Privat\" alt=\"\" class=\"\" style=\"--aspect-ratio-image: 1.45; \"\/><\/p>\n<p>\n          P\u00c5 JOBB: H\u00e5vard Nicolausson avbildet f\u00f8r ulykken. Foto: Privat\n      <\/p>\n<p>Da han helte p\u00e5 mer sprit i karet, eksploderte det.<\/p>\n<p class=\"font-weight-bold m-font-weight-bold\" data-lab-font_weight=\"font-weight-bold\">&#8211; Det ble en slags branngasseksplosjon. Litt som n\u00e5r du hiver bensin p\u00e5 et b\u00e5l &#8211; det sier \u00abvosj!\u00bb. Flammen slo ut gjennom cockpitd\u00f8ra. Jeg forsto straks hva som hadde skjedd, og gikk rett i dusjen for \u00e5 kj\u00f8le ned huden.<\/p>\n<p>Han hadde p\u00e5 seg full vernedrakt &#8211; men hadde ingen beskyttelse p\u00e5 hodet. Flammen fra eksplosjonen traff ham rett i ansiktet.<\/p>\n<p>        TOPPM\u00d8TE: Mandag 13. oktober m\u00f8tes flere verdensledere i Egypt for \u00e5 diskutere Gazas fremtid. M\u00f8te skal ledes av USAs president Donald Trump og Egypts president Abdel Fattah el-Sisi. Reporter: Edward Stenlund. Video: Reuters<\/p>\n<p>Rask innsats hindret alvorlige skader\t<\/p>\n<p>Han og en kollega startet nedkj\u00f8lingen med 20-20-metoden: 20 grader varmt vann p\u00e5 den brannskadde huden i 20 minutter.<\/p>\n<p>Ambulanse ble tilkalt umiddelbart.<\/p>\n<p class=\"font-weight-bold m-font-weight-bold\" data-lab-font_weight=\"font-weight-bold\">&#8211; Det er de f\u00f8rste minuttene som avgj\u00f8r hvordan dette g\u00e5r. Vannet m\u00e5 holde 20 grader og p\u00e5f\u00f8res huden i 20 minutter, sier han. <\/p>\n<p>        PASS P\u00c5 KJ\u00c6LEDYRET: Hvert \u00e5r mottar forsikringsselskapet meldinger om brannskadde kj\u00e6ledyr som f\u00f8lge av vedfyring hjemme. Disse forh\u00e5ndsreglene b\u00f8r du f\u00f8lge. Video: Embla Hjort-Larsen \/ Storyblocks. <\/p>\n<p>Han ber\u00f8mmer det akuttmedisinske apparatet.<\/p>\n<p>&#8211; Den akuttmedisinske kjeden fungerte hundre prosent. Dette var f\u00f8rste gang jeg selv var pasient, og det var en gjennomg\u00e5ende positiv opplevelse &#8211; selv om jeg gjerne skulle sluppet den.<\/p>\n<p>    Dette gj\u00f8r du ved brannskade:<\/p>\n<ul>\n<li class=\"lab-bodytext-line\">Sjekk situasjonen. Pass p\u00e5 at du selv ikke blir skadet eller r\u00f8ykforgiftet.<\/li>\n<li class=\"lab-bodytext-line\">F\u00e5 den brannskadde bort fra brannkilden. Rull den skadde p\u00e5 bakken, gjerne i ett ullteppe eller hell p\u00e5 vann for \u00e5 slukke brennende kl\u00e6r.<\/li>\n<li class=\"lab-bodytext-line\">Avkj\u00f8l &#8211; se f\u00f8rstehjelpstips under.<\/li>\n<li class=\"lab-bodytext-line\">Opps\u00f8k alltid lege (ring 113) hvis du mistenker en dyp eller stor brannskade eller hvis ansikt, hender, f\u00f8tter eller kj\u00f8nnsorganer er rammet. Brannskader er alltid alvorlige n\u00e5r et stort hudomr\u00e5de er forbrent, eller hvis luftveiene, ansiktet, hendene eller kj\u00f8nnsorganene er forbrent. Barn t\u00e5ler brannskader d\u00e5rligere enn voksne.<\/li>\n<li class=\"lab-bodytext-line\">Sm\u00e5 brannskader, med for eksempel et par sm\u00e5 blemmer, kan behandles hjemme.<\/li>\n<\/ul>\n<p>F\u00f8rstehjelp:<\/p>\n<ul>\n<li>Husk 20\/20 regelen! Avkj\u00f8l det brente omr\u00e5det \u00f8yeblikkelig ved \u00e5 holde det under rennende vann som holder ca\u00a020 grader\u00a0i inntil\u00a020 minutter.\u00a0Kj\u00f8l ned\u00a0skadet omr\u00e5de, ikke hele pasienten. Du kan ogs\u00e5 bruke et kar med vann eller en svamp. V\u00e5te h\u00e5ndkl\u00e6r fungerer d\u00e5rligere fordi huden varmer dem opp. Barn skal ikke kj\u00f8les ned med annet enn lunkent vann. Bruk ikke is som kan skade huden ytterligere.<\/li>\n<li>Hold det skadede omr\u00e5det h\u00f8yt hevet for \u00e5 unng\u00e5 at det hovner opp.<\/li>\n<li>Ta av smykker, ringer og klokker som sitter i n\u00e6rheten av det skadede omr\u00e5det.<\/li>\n<li>Ta av kl\u00e6r fra det skadede omr\u00e5det n\u00e5r det er avkj\u00f8lt. Dra imidlertid ikke av kl\u00e6r som sitter fast i huden.<\/li>\n<li>Hvis du m\u00e5 til lege, dekk til brannskaden etter avkj\u00f8lingen. Tynn plastfolie kan legges rett p\u00e5 brannskadet hud og festes med plaster. Ikke bruk noe som kleber eller loer p\u00e5 brannskaden. Ikke sm\u00f8r p\u00e5 fett, krem, sm\u00f8r eller olje.<\/li>\n<li>Smertestillende som paracetamol og ibuprofen kan lindre smerten.<\/li>\n<li>Ikke lag hull p\u00e5 blemmer hjemme f\u00f8r de sprekker av seg selv. Dette kan \u00e5pne huden for bakterier.<\/li>\n<li>Stivkrampespr\u00f8yte kan v\u00e6re n\u00f8dvendig ved mer utbredte skader dersom det er en mer enn 5-10 \u00e5r siden siste dose.<\/li>\n<\/ul>\n<p class=\"italic m-italic\" data-lab-italic=\"italic\">Kilde: Lommelegen<\/p>\n<p>      Vis mer<br \/>\n      Vis mindre<\/p>\n<p>Etter f\u00f8rstehjelpen ble han fraktet til legevakt og deretter til Sykehuset Levanger.\u00a0<\/p>\n<p>Der m\u00e5tte huden i ansikt, p\u00e5 \u00f8rer og hals skrubbes bort.<\/p>\n<p class=\"font-weight-bold m-font-weight-bold\" data-lab-font_weight=\"font-weight-bold\">&#8211; Det ser dramatisk ut etterp\u00e5. Behandlingen inneb\u00e6rer at huden skrubbes bort slik at ny, frisk hud raskt kan vokse ut igjen, forklarer han.<\/p>\n<p>    <a itemprop=\"url\" href=\"https:\/\/www.dagbladet.no\/nyheter\/pensjonist-la-dod-i-15-ar\/83720598\" rel=\"nofollow noopener\" target=\"_blank\"><\/p>\n<p>      <img loading=\"lazy\" decoding=\"async\" src=\"https:\/\/www.europesays.com\/no\/wp-content\/uploads\/2025\/10\/83720683.webp\" width=\"980\" height=\"441\" title=\"Pensjonist l\u00e5 d\u00f8d i 15 \u00e5r\" alt=\"\" class=\"lazyload\" style=\"--aspect-ratio-image: 2.22; \"\/><\/p>\n<p>        Pensjonist l\u00e5 d\u00f8d i 15 \u00e5r<\/p>\n<p>    <\/a><\/p>\n<p>Overrasket sykepleieren\t<\/p>\n<p>14 dager seinere kom han til kontroll &#8211; uten s\u00e5r.<\/p>\n<p>&#8211; Sykepleieren trodde det var skjedd en feil, for hun skulle stelle s\u00e5rene mine. Men det var ingenting igjen \u00e5 stelle. Leger og sykepleiere samlet seg rundt meg &#8211; alle var overrasket over hvor raskt det hadde grodd.<\/p>\n<p>Nicolausson sier at det var den raske behandlingen &#8211; b\u00e5de den han gjorde selv og den han fikk av helsepersonellet &#8211; som gjorde at det hele endte s\u00e5 bra.<\/p>\n<p> P\u00e5 dag 15 var han tilbake i full jobb, uten et eneste arr.<\/p>\n<p>        EKSPLODERTE: Trebarnsmoren Kate Wise fikk brannskader over hele kroppen etter \u00e5 ha brukt h\u00e5ndsprit. Foto: GoFundMe. Reporter: Madeleine Liereng \/ Dagbladet TV<\/p>\n<p>Helt avgj\u00f8rende\t<\/p>\n<p>Nicolausson forteller at det siden ulykken har blitt innf\u00f8rt nye rutiner p\u00e5 jobb.<\/p>\n<p>&#8211; Du kan kalle det en systemfeil, men jeg gjorde uansett en tydelig feilvurdering. N\u00e5 skal ogs\u00e5 instrukt\u00f8rene bruke full r\u00f8ykdykkerbekledning under \u00f8velser, forteller han.<\/p>\n<p>Det viktigste er \u00e5 vise hvor mye riktig og rask f\u00f8rstehjelp betyr, sier han.<\/p>\n<p class=\"font-weight-bold m-font-weight-bold\" data-lab-font_weight=\"font-weight-bold\">&#8211; Uansett om det gjelder kokende vann eller vedovner \u2013 riktig f\u00f8rstehjelp kan forhindre alvorlige forbrenninger. Dette viser at b\u00e5de innsatsen p\u00e5 stedet og behandlingen i helsevesenet har fungert.<\/p>\n<p>Han avslutter med \u00e5 ber\u00f8mme alle som hjalp ham &#8211; ogs\u00e5 hjemme:<\/p>\n<p>&#8211; Kona og barna var ogs\u00e5 helt fantastiske da jeg var satt ut av spill, sier han.\u00a0<\/p>\n","protected":false},"excerpt":{"rendered":"Kraftig advarsel: Brannsjef H\u00e5vard Nicolausson skulle bare forberede en \u00f8velse. Minutter seinere eksploderte det. SKRUBBET BORT HUDEN: H\u00e5vard&hellip;\n","protected":false},"author":2,"featured_media":60525,"comment_status":"","ping_status":"","sticky":false,"template":"","format":"standard","meta":{"footnotes":""},"categories":[10],"tags":[20,21,24,25,15,2539,22,23,13,30,28,29,14,16,26,27],"class_list":{"0":"post-60524","1":"post","2":"type-post","3":"status-publish","4":"format-standard","5":"has-post-thumbnail","7":"category-norge","8":"tag-breaking-news","9":"tag-breakingnews","10":"tag-featured-news","11":"tag-featurednews","12":"tag-headlines","13":"tag-innenriks","14":"tag-latest-news","15":"tag-latestnews","16":"tag-news","17":"tag-no","18":"tag-norge","19":"tag-norway","20":"tag-nyheter","21":"tag-overskrifter","22":"tag-top-stories","23":"tag-topstories"},"share_on_mastodon":{"url":"","error":""},"_links":{"self":[{"href":"https:\/\/www.europesays.com\/no\/wp-json\/wp\/v2\/posts\/60524","targetHints":{"allow":["GET"]}}],"collection":[{"href":"https:\/\/www.europesays.com\/no\/wp-json\/wp\/v2\/posts"}],"about":[{"href":"https:\/\/www.europesays.com\/no\/wp-json\/wp\/v2\/types\/post"}],"author":[{"embeddable":true,"href":"https:\/\/www.europesays.com\/no\/wp-json\/wp\/v2\/users\/2"}],"replies":[{"embeddable":true,"href":"https:\/\/www.europesays.com\/no\/wp-json\/wp\/v2\/comments?post=60524"}],"version-history":[{"count":0,"href":"https:\/\/www.europesays.com\/no\/wp-json\/wp\/v2\/posts\/60524\/revisions"}],"wp:featuredmedia":[{"embeddable":true,"href":"https:\/\/www.europesays.com\/no\/wp-json\/wp\/v2\/media\/60525"}],"wp:attachment":[{"href":"https:\/\/www.europesays.com\/no\/wp-json\/wp\/v2\/media?parent=60524"}],"wp:term":[{"taxonomy":"category","embeddable":true,"href":"https:\/\/www.europesays.com\/no\/wp-json\/wp\/v2\/categories?post=60524"},{"taxonomy":"post_tag","embeddable":true,"href":"https:\/\/www.europesays.com\/no\/wp-json\/wp\/v2\/tags?post=60524"}],"curies":[{"name":"wp","href":"https:\/\/api.w.org\/{rel}","templated":true}]}}