{"id":60551,"date":"2025-10-14T17:55:18","date_gmt":"2025-10-14T17:55:18","guid":{"rendered":"https:\/\/www.europesays.com\/no\/60551\/"},"modified":"2025-10-14T17:55:18","modified_gmt":"2025-10-14T17:55:18","slug":"tutti-frutti-strid-arrogant","status":"publish","type":"post","link":"https:\/\/www.europesays.com\/no\/60551\/","title":{"rendered":"Tutti frutti-strid: &#8211; Arrogant"},"content":{"rendered":"<p>  \u00abDe har pekt p\u00e5 Jonas\u00bb, sa Tonje Brenna (Ap). \u00abPekt og pekt\u00bb, protesterer de r\u00f8dgr\u00f8nne.<\/p>\n<p>\n    KAFFEN KLAR: Brenna inviterte tutti frutti-partiene til kanelboller og godt samarbeid i Dagbladet. Men R\u00f8dt, SV og MDG reagerer p\u00e5 det de leser. Foto: J\u00f8rn H. Moen \/ Dagbladet\n  <\/p>\n<p>F\u00f8r de har rukket \u00e5 komme i gang med \u00e5 forhandle om statsbudsjettet, f\u00e5r Tonje Brenna (Ap) motb\u00f8r fra tre av dem hun skal m\u00f8te i forhandlingsrommet.<\/p>\n<p><a href=\"https:\/\/www.dagbladet.no\/nyheter\/de-har-pekt-pa-jonas\/83699598\" rel=\"nofollow noopener\" target=\"_blank\">I et intervju med Dagbladet<\/a>\u00a0s\u00f8ndag minnet Brenna om\u00a0at b\u00e5de R\u00f8dt, SV og MDG har \u00abpekt p\u00e5 Jonas og Arbeiderpartiet\u00bb, da hun ble spurt om de mindre partienes steile klimakrav.<\/p>\n<p class=\"font-weight-bold m-font-weight-bold\" data-lab-font_weight=\"font-weight-bold\"> MDGs forhandlingsleder Ingrid Liland reagerer p\u00e5 det hun leser.\u00a0<\/p>\n<p> &#8211; Det oppleves arrogant at Ap ikke forholder seg til at de er ett av fem partier som skal samarbeide, sier Liland.<\/p>\n<p>          <img loading=\"lazy\" decoding=\"async\" src=\"https:\/\/www.europesays.com\/no\/wp-content\/uploads\/2025\/10\/83720080.webp\" width=\"686\" height=\"433\" title=\"REAGERER: Ingrid Liland (MDG) reagerer p\u00e5 Tonje Brennas uttalelser. Foto: Jonas F\u00e6ste Laksekj\u00f8n \/ NTB\" alt=\"\" class=\"\" style=\"--aspect-ratio-image: 1.58; \"\/><\/p>\n<p>\n          REAGERER: Ingrid Liland (MDG) reagerer p\u00e5 Tonje Brennas uttalelser. Foto: Jonas F\u00e6ste Laksekj\u00f8n \/ NTB\n      <\/p>\n<p>&#8211; Ikke uten oss\t<\/p>\n<p>Ogs\u00e5 R\u00f8dts forhandlingsleder Mimir Kristjansson har sett seg lei p\u00e5 det han kaller \u00abpekeformuleringen\u00bb, som Brenna har gjentatt flere ganger.<\/p>\n<p>&#8211; Som om disse partiene har godtatt Arbeiderpartiets politikk. Det er ikke riktig, sier Kristjansson <a href=\"https:\/\/borsen.dagbladet.no\/nyheter\/blir-mindre-utskjelling-i-ost-og-vest\/83707159\" rel=\"nofollow noopener\" target=\"_blank\">i et intervju med Dagbladet forrige uke<\/a>.<\/p>\n<p>          <img loading=\"lazy\" decoding=\"async\" src=\"https:\/\/www.europesays.com\/no\/wp-content\/uploads\/2025\/10\/83720053.webp\" width=\"686\" height=\"412\" title=\"PEKT OG PEKT, FRU BLOM: R\u00f8dts Mimir Kristjansson er ikke enig i Tonje Brennas retorikk om det nye samarbeidet. Foto: J\u00f8rn H. Moen \/ Dagbladet\" alt=\"\" class=\"\" style=\"--aspect-ratio-image: 1.67; \"\/><\/p>\n<p>\n          PEKT OG PEKT, FRU BLOM: R\u00f8dts Mimir Kristjansson er ikke enig i Tonje Brennas retorikk om det nye samarbeidet. Foto: J\u00f8rn H. Moen \/ Dagbladet\n      <\/p>\n<p>SVs forhandlingsleder Marthe Hammer minner om at SV forventer \u00e5 bli behandlet med respekt. <\/p>\n<p> &#8211; Vi har pekt p\u00e5 St\u00f8re, men dere har ikke flertall uten oss, sier Hammer (SV).<\/p>\n<p class=\"italic m-italic\" data-lab-italic=\"italic\">Les Tonje Brennas svar lenger nede i saken.<\/p>\n<p>    <a itemprop=\"url\" href=\"https:\/\/www.dagbladet.no\/nyheter\/de-har-pekt-pa-jonas\/83699598\" rel=\"nofollow noopener\" target=\"_blank\"><\/p>\n<p>      <img loading=\"lazy\" decoding=\"async\" src=\"https:\/\/www.europesays.com\/no\/wp-content\/uploads\/2025\/10\/83705616.webp\" width=\"980\" height=\"441\" title=\"Advarer: - De har pekt p\u00e5 Jonas\" alt=\"\" class=\"lazyload\" style=\"--aspect-ratio-image: 2.22; \"\/><\/p>\n<p>        Advarer: &#8211; De har pekt p\u00e5 Jonas<\/p>\n<p>    <\/a><\/p>\n<p>&#8211; M\u00e5 n\u00e6rmere oss\t<\/p>\n<p>Finansminister Jens Stoltenberg (Ap) legger onsdag fram statsbudsjettet. Deretter blir det en dragkamp mot de andre tutti frutti-partiene R\u00f8dt, SV, MDG og Senterpartiet for \u00e5 lande et kompromiss som f\u00e5r flertall. Tre av dem har stilt t\u00f8ffe krav om blant annet en sluttplan for olja.\u00a0<\/p>\n<p>&#8211; Det mener de partiene, og det har de ment bestandig. Og s\u00e5 har de samtidig pekt p\u00e5 Jonas og Arbeiderpartiet. De vet veldig godt hva Arbeiderpartiet mener, sa Brenna s\u00f8ndag og erkjente at samarbeidet blir krevende.<\/p>\n<p>          <img loading=\"lazy\" decoding=\"async\" src=\"https:\/\/www.europesays.com\/no\/wp-content\/uploads\/2025\/10\/83720286.webp\" width=\"686\" height=\"392\" title=\"TUTTI FRUTTI-STRID: Jonas Gahr St\u00f8re (Ap), Kirsti Bergst\u00f8 (SV), Trygve Magnus Slagsvold Vedum (Sp) og Marie Sneve Martinussen (R) under TV 2s valgsending. Foto: Paul S. Amundsen \/ NTB\" alt=\"\" class=\"\" style=\"--aspect-ratio-image: 1.75; \"\/><\/p>\n<p>\n          TUTTI FRUTTI-STRID: Jonas Gahr St\u00f8re (Ap), Kirsti Bergst\u00f8 (SV), Trygve Magnus Slagsvold Vedum (Sp) og Marie Sneve Martinussen (R) under TV 2s valgsending. Foto: Paul S. Amundsen \/ NTB\n      <\/p>\n<p>Liland tolker dette som at Brenna vil kreve at MDG st\u00f8tter Arbeiderpartiets partiprogram. Hun minner om at St\u00f8re har vunnet valget med hjelp av MDG-velgere, som vil ha en omstilling ut av oljealderen innen 2040.<\/p>\n<p>&#8211; Da m\u00e5 de bevege seg n\u00e6rmere oss, sier hun.<\/p>\n<p data-lab-italic=\"italic\" class=\"italic m-italic\">&#8211; Dere gikk til valg p\u00e5 \u00e5 \u00abgj\u00f8re St\u00f8re gr\u00f8nnere\u00bb. Er ikke det \u00e5 peke p\u00e5 han?<\/p>\n<p>&#8211; Jo, og det vi gj\u00f8r vi. Vi peker ikke p\u00e5 andre. Men Ap og Brenna m\u00e5 ta innover seg at det er et mye gr\u00f8nnere flertall n\u00e5, sier MDG-nestlederen.<\/p>\n<p>    <a itemprop=\"url\" href=\"https:\/\/borsen.dagbladet.no\/nyheter\/avslorer-spotify-lista-ikke-hipt\/83411022\" rel=\"nofollow noopener\" target=\"_blank\"><\/p>\n<p>      <img loading=\"lazy\" decoding=\"async\" src=\"https:\/\/www.europesays.com\/no\/wp-content\/uploads\/2025\/10\/83410511.webp\" width=\"980\" height=\"441\" title=\"Avsl\u00f8rer Spotify-lista: - Ikke hipt\" alt=\"\" class=\"lazyload\" style=\"--aspect-ratio-image: 2.22; \"\/><\/p>\n<p>        Avsl\u00f8rer Spotify-lista: &#8211; Ikke hipt<\/p>\n<p>    <\/a><\/p>\n<p>Sier nei\t<\/p>\n<p> \u00abPekt og pekt\u00bb, innvender R\u00f8dts Mimir Kristjansson til Brennas retorikk. I et intervju med Dagbladet sist uke luftet han bekymring for hvordan R\u00f8dt skal klare \u00e5 sette et tydelig nok avtrykk p\u00e5 statsbudsjettet.<\/p>\n<p>&#8211; Vi har sagt at vi skal samarbeide og forhandle med dem. Men man m\u00e5 ikke tolke det s\u00e5nn som Brenna og Ap:\u00a0\u00abDere visste hva dere fikk\u00bb, sa Kristjansson forrige uke.<\/p>\n<p>          <img loading=\"lazy\" decoding=\"async\" src=\"https:\/\/www.europesays.com\/no\/wp-content\/uploads\/2025\/10\/83720085.webp\" width=\"686\" height=\"405\" title=\"NY JOBB: Tonje Brenna skal lede Arbeiderpartiets stortingsarbeid. Det er her de store slagene skal st\u00e5 i neste periode. Foto: J\u00f8rn H. Moen \/ Dagbladet\" alt=\"\" class=\"\" style=\"--aspect-ratio-image: 1.69; \"\/><\/p>\n<p>\n          NY JOBB: Tonje Brenna skal lede Arbeiderpartiets stortingsarbeid. Det er her de store slagene skal st\u00e5 i neste periode. Foto: J\u00f8rn H. Moen \/ Dagbladet\n      <\/p>\n<p>Tonje Brenna, parlamentarisk leder for Arbeiderpartiet, er forelagt kritikken og svarer at det er god dialog mellom partiene.<\/p>\n<p>&#8211; Vi er fem r\u00f8dgr\u00f8nne partier som er enige om mye, men som ogs\u00e5 har ulike syn i ulike saker. Det er utfordringer vi har klart \u00e5 l\u00f8se gjennom god dialog og et godt samarbeid de siste fire \u00e5ra, som jeg er sikker p\u00e5 at vi ogs\u00e5 skal lykkes med framover, skriver hun i en e-post.<\/p>\n<p>    <a itemprop=\"url\" href=\"https:\/\/borsen.dagbladet.no\/nyheter\/blir-mindre-utskjelling-i-ost-og-vest\/83707159\" rel=\"nofollow noopener\" target=\"_blank\"><\/p>\n<p>      <img loading=\"lazy\" decoding=\"async\" src=\"https:\/\/www.europesays.com\/no\/wp-content\/uploads\/2025\/10\/83708417.webp\" width=\"980\" height=\"441\" title=\"- Blir mindre utskjelling i \u00f8st og vest\" alt=\"\" class=\"lazyload\" style=\"--aspect-ratio-image: 2.22; \"\/><\/p>\n<p>        &#8211; Blir mindre utskjelling i \u00f8st og vest<\/p>\n<p>    <\/a><\/p>\n<p>&#8211; Ikke uten oss\t<\/p>\n<p>&#8211; N\u00e5r man f\u00e5r en mindretallsregjering som trenger st\u00f8tte, er det viktig \u00e5 g\u00e5 inn i prosessen med respekt, sier SVs forhandlingsleder Marthe Hammer etter \u00e5 ha lest intervjuet med Brenna.<\/p>\n<p> Hun peker p\u00e5 at klimaflertallet er st\u00f8rre enn f\u00f8r og at SV har f\u00e5tt til gjennomslag p\u00e5 feltet i tidligere budsjettforhandlinger.<\/p>\n<p>          <img loading=\"lazy\" decoding=\"async\" src=\"https:\/\/www.europesays.com\/no\/wp-content\/uploads\/2025\/10\/83720025.webp\" width=\"980\" height=\"559\" title=\"KREVER RESPEKT: SVs forhandlingsleder Marthe Hammer minner om at Ap ikke fikk flertall uten dem. Foto: Terje Pedersen \/ NTB\" alt=\"\" class=\"\" style=\"--aspect-ratio-image: 1.75; \"\/><\/p>\n<p>\n          KREVER RESPEKT: SVs forhandlingsleder Marthe Hammer minner om at Ap ikke fikk flertall uten dem. Foto: Terje Pedersen \/ NTB\n      <\/p>\n<p class=\"italic m-italic\" data-lab-italic=\"italic\">&#8211; Opplever du at de de utviser n\u00f8dvendig respekt n\u00e5?<\/p>\n<p>&#8211; Jeg opplever inviterende toner fra Ap. Mitt budskap er at vi har pekt p\u00e5 St\u00f8re som statsminister, men dere har ikke flertall uten oss. SV skal ha gjennomslag for SV-politikk. Dette kommer til \u00e5 bli vanskelig, det tror jeg Ap m\u00e5 v\u00e6re forberedt p\u00e5.<\/p>\n<p>    <a itemprop=\"url\" href=\"https:\/\/borsen.dagbladet.no\/nyheter\/drama-i-kulissene-blir-krevende\/83617522\" rel=\"nofollow noopener\" target=\"_blank\"><\/p>\n<p>      <img loading=\"lazy\" decoding=\"async\" src=\"https:\/\/www.europesays.com\/no\/wp-content\/uploads\/2025\/10\/83617686.webp\" width=\"980\" height=\"441\" title=\"- Blir krevende\" alt=\"\" class=\"lazyload\" style=\"--aspect-ratio-image: 2.22; \"\/><\/p>\n<p>        &#8211; Blir krevende<\/p>\n<p>    <\/a><\/p>\n<p>&#8211; Knallhardt\t<\/p>\n<p>Det siste leddet i \u00abtutti frutti-koalisjonen\u00bb, Senterpartiet, steiler ikke over uttalelsene. De vil, i likhet med Ap, utvikle olje- og gassn\u00e6ringen.<\/p>\n<p>          <img loading=\"lazy\" decoding=\"async\" src=\"https:\/\/www.europesays.com\/no\/wp-content\/uploads\/2025\/10\/83720109.webp\" width=\"980\" height=\"559\" title=\"LIKEGLAD: Senterpartiets forhandlingsleder er ikke med p\u00e5 klimakravene fra de andre mindre partiene i tutti frutti-koalisjonen. Foto: Kristian Ridder-Nielsen \/ Dagbladet\" alt=\"\" class=\"\" style=\"--aspect-ratio-image: 1.75; \"\/><\/p>\n<p>\n          LIKEGLAD: Senterpartiets forhandlingsleder er ikke med p\u00e5 klimakravene fra de andre mindre partiene i tutti frutti-koalisjonen. Foto: Kristian Ridder-Nielsen \/ Dagbladet\n      <\/p>\n<p>&#8211; Vi er fem partier som kjemper for ulike interesser. Derfor blir forhandlingene knallharde, sier Bj\u00f8rn Arild Gram, som blir forhandlingsleder for Sp.<\/p>\n","protected":false},"excerpt":{"rendered":"\u00abDe har pekt p\u00e5 Jonas\u00bb, sa Tonje Brenna (Ap). \u00abPekt og pekt\u00bb, protesterer de r\u00f8dgr\u00f8nne. KAFFEN KLAR: Brenna&hellip;\n","protected":false},"author":2,"featured_media":60552,"comment_status":"","ping_status":"","sticky":false,"template":"","format":"standard","meta":{"footnotes":""},"categories":[12],"tags":[20,21,24,25,15,8894,201,22,23,1226,13,30,28,29,14,16,1674,26,27,6248,42,43,44,45],"class_list":{"0":"post-60551","1":"post","2":"type-post","3":"status-publish","4":"format-standard","5":"has-post-thumbnail","7":"category-verden","8":"tag-breaking-news","9":"tag-breakingnews","10":"tag-featured-news","11":"tag-featurednews","12":"tag-headlines","13":"tag-ingrid-liland","14":"tag-jonas-gahr-store","15":"tag-latest-news","16":"tag-latestnews","17":"tag-mimir-kristjansson","18":"tag-news","19":"tag-no","20":"tag-norge","21":"tag-norway","22":"tag-nyheter","23":"tag-overskrifter","24":"tag-tonje-brenna","25":"tag-top-stories","26":"tag-topstories","27":"tag-tutti-frutti-alliansen","28":"tag-verden","29":"tag-world","30":"tag-world-news","31":"tag-worldnews"},"share_on_mastodon":{"url":"","error":""},"_links":{"self":[{"href":"https:\/\/www.europesays.com\/no\/wp-json\/wp\/v2\/posts\/60551","targetHints":{"allow":["GET"]}}],"collection":[{"href":"https:\/\/www.europesays.com\/no\/wp-json\/wp\/v2\/posts"}],"about":[{"href":"https:\/\/www.europesays.com\/no\/wp-json\/wp\/v2\/types\/post"}],"author":[{"embeddable":true,"href":"https:\/\/www.europesays.com\/no\/wp-json\/wp\/v2\/users\/2"}],"replies":[{"embeddable":true,"href":"https:\/\/www.europesays.com\/no\/wp-json\/wp\/v2\/comments?post=60551"}],"version-history":[{"count":0,"href":"https:\/\/www.europesays.com\/no\/wp-json\/wp\/v2\/posts\/60551\/revisions"}],"wp:featuredmedia":[{"embeddable":true,"href":"https:\/\/www.europesays.com\/no\/wp-json\/wp\/v2\/media\/60552"}],"wp:attachment":[{"href":"https:\/\/www.europesays.com\/no\/wp-json\/wp\/v2\/media?parent=60551"}],"wp:term":[{"taxonomy":"category","embeddable":true,"href":"https:\/\/www.europesays.com\/no\/wp-json\/wp\/v2\/categories?post=60551"},{"taxonomy":"post_tag","embeddable":true,"href":"https:\/\/www.europesays.com\/no\/wp-json\/wp\/v2\/tags?post=60551"}],"curies":[{"name":"wp","href":"https:\/\/api.w.org\/{rel}","templated":true}]}}