{"id":60569,"date":"2025-10-14T18:18:07","date_gmt":"2025-10-14T18:18:07","guid":{"rendered":"https:\/\/www.europesays.com\/no\/60569\/"},"modified":"2025-10-14T18:18:07","modified_gmt":"2025-10-14T18:18:07","slug":"na-trump-melder-om-nytt-dodelig-angrep-mot-narkobat-vg","status":"publish","type":"post","link":"https:\/\/www.europesays.com\/no\/60569\/","title":{"rendered":"n\u00e5: Trump melder om nytt d\u00f8delig angrep mot \u00abnarkob\u00e5t\u00bb &#8211; VG"},"content":{"rendered":"<ol>\n<li><a href=\"https:\/\/news.google.com\/rss\/articles\/CBMijgFBVV95cUxPa3RQaDd5U1pnUmo4TnlJSGVHRlBVRzlFMjVFX2pra282eXpHb3ZsRzhpdDdHaU5yZFV2eVE1cjdNTVhpUXBjVmczbWZVLUVTOWx6Y2Z3Sm41VFUyMWxKc2ZldVhONmJCWkN5V0dMR1NZR01pQUMwcVUtUXF1SHJiOTN5SEdJY0FaUWZPQ3d3?oc=5\" target=\"_blank\" rel=\"nofollow noopener\">n\u00e5: Trump melder om nytt d\u00f8delig angrep mot \u00abnarkob\u00e5t\u00bb<\/a>&nbsp;&nbsp;VG<\/li>\n<li><a href=\"https:\/\/news.google.com\/rss\/articles\/CBMiqAFBVV95cUxPNnVfUE9xUzB0ZkxGbHBXT0FjSk9ld3VwZTZ2QzVZd2V1TFowMzQwMFNHWXdiTWdYbUREa3pGZ3pRS0RiLUx3b2RILVhMOUlKd3FtbjNrR25rRkN2VFpPbER6YW1oMlhzbW55WnBiM0NpYXUyX0ZvMHNVSkdHUnBjNnM0cnRDc01YeGVGeUhRNVgwT2NQRmZzY3BsMzJRNWg5VDZLY2tPNlg?oc=5\" target=\"_blank\" rel=\"nofollow noopener\">Trump bekrefter nytt b\u00e5tangrep utenfor Venezuela \u2013 seks personer drept<\/a>&nbsp;&nbsp;NRK<\/li>\n<li><a href=\"https:\/\/news.google.com\/rss\/articles\/CBMikAFBVV95cUxOYVp4RzVRUkN1WXVkUTVnWjE2RkdOVE80NzJSZHBsMFRaMHNzdU5hcWZwYXdXQ0ZIRkU1REJ3Z0hIU1RYVVk1Z3VTa2dyZU1PdWUzUGMtRFdWRndVR2d3bV9FY3VmOS1XLTBRd3IydnM2U1djXzBUU0JDYXIzUDNXdDd1dkZPcmpZS0RwOVpmZHk?oc=5\" target=\"_blank\" rel=\"nofollow noopener\">Donald Trump, Nyhetsvarsel | Trump: Nytt d\u00f8delig angrep mot \u00abnarkob\u00e5t\u00bb<\/a>&nbsp;&nbsp;Nettavisen<\/li>\n<li><a href=\"https:\/\/news.google.com\/rss\/articles\/CBMiswFBVV95cUxQdjZtX2VmZm8yTFBTdEU2VXlpTGxnelhnbGdQV3dTZzdIbG9ScnROU1c3YS1LZ1phY1RMR2trbUJUODB5NGVpNUJBRDNCMkxPNVNkaW51Z2pHWXg1SnlPd2xfcTl5NlZVTmZBWEJXOHFXN0ZBeDBxM2U5Uk1wcmI2UDRnbGxPSzlBRVNobDVQeHhRanJxR29HN2dVZUNNX2hkTzNVMlhzazl4bW5GSElvMmJlYw?oc=5\" target=\"_blank\" rel=\"nofollow noopener\">(+) Fredsprisvinner \u00f8nsket at Trump skulle stoppe narkotrafikk. N\u00e5 senker USA b\u00e5ter<\/a>&nbsp;&nbsp;V\u00e5rt Land<\/li>\n<li><a href=\"https:\/\/news.google.com\/rss\/articles\/CBMib0FVX3lxTFBBSmRWYWY4U09UUFFoV1o4MVVpcm9sd3ZobnByTDdkOUM4NTZod2FiQWlER0xYdlNpVUVjNTJFMzVyYXVLU0E1X3ZQdWZjYVZDVlBCU0ROUVlVOWNZWnktX3g4SjVvTXFqY3Y2SFQ1QQ?oc=5\" target=\"_blank\" rel=\"nofollow noopener\">Nye angrep: Seks d\u00f8de<\/a>&nbsp;&nbsp;Dagbladet<\/li>\n<\/ol>\n","protected":false},"excerpt":{"rendered":"n\u00e5: Trump melder om nytt d\u00f8delig angrep mot \u00abnarkob\u00e5t\u00bb&nbsp;&nbsp;VG Trump bekrefter nytt b\u00e5tangrep utenfor Venezuela \u2013 seks personer&hellip;\n","protected":false},"author":2,"featured_media":60570,"comment_status":"","ping_status":"","sticky":false,"template":"","format":"standard","meta":{"footnotes":""},"categories":[12],"tags":[31,20,21,24,25,15,22,23,13,30,28,29,14,16,26,27,42,43,44,45],"class_list":{"0":"post-60569","1":"post","2":"type-post","3":"status-publish","4":"format-standard","5":"has-post-thumbnail","7":"category-verden","8":"tag-breaking","9":"tag-breaking-news","10":"tag-breakingnews","11":"tag-featured-news","12":"tag-featurednews","13":"tag-headlines","14":"tag-latest-news","15":"tag-latestnews","16":"tag-news","17":"tag-no","18":"tag-norge","19":"tag-norway","20":"tag-nyheter","21":"tag-overskrifter","22":"tag-top-stories","23":"tag-topstories","24":"tag-verden","25":"tag-world","26":"tag-world-news","27":"tag-worldnews"},"share_on_mastodon":{"url":"","error":""},"_links":{"self":[{"href":"https:\/\/www.europesays.com\/no\/wp-json\/wp\/v2\/posts\/60569","targetHints":{"allow":["GET"]}}],"collection":[{"href":"https:\/\/www.europesays.com\/no\/wp-json\/wp\/v2\/posts"}],"about":[{"href":"https:\/\/www.europesays.com\/no\/wp-json\/wp\/v2\/types\/post"}],"author":[{"embeddable":true,"href":"https:\/\/www.europesays.com\/no\/wp-json\/wp\/v2\/users\/2"}],"replies":[{"embeddable":true,"href":"https:\/\/www.europesays.com\/no\/wp-json\/wp\/v2\/comments?post=60569"}],"version-history":[{"count":0,"href":"https:\/\/www.europesays.com\/no\/wp-json\/wp\/v2\/posts\/60569\/revisions"}],"wp:featuredmedia":[{"embeddable":true,"href":"https:\/\/www.europesays.com\/no\/wp-json\/wp\/v2\/media\/60570"}],"wp:attachment":[{"href":"https:\/\/www.europesays.com\/no\/wp-json\/wp\/v2\/media?parent=60569"}],"wp:term":[{"taxonomy":"category","embeddable":true,"href":"https:\/\/www.europesays.com\/no\/wp-json\/wp\/v2\/categories?post=60569"},{"taxonomy":"post_tag","embeddable":true,"href":"https:\/\/www.europesays.com\/no\/wp-json\/wp\/v2\/tags?post=60569"}],"curies":[{"name":"wp","href":"https:\/\/api.w.org\/{rel}","templated":true}]}}