{"id":60598,"date":"2025-10-14T18:53:11","date_gmt":"2025-10-14T18:53:11","guid":{"rendered":"https:\/\/www.europesays.com\/no\/60598\/"},"modified":"2025-10-14T18:53:11","modified_gmt":"2025-10-14T18:53:11","slug":"alvorlige-sprekker","status":"publish","type":"post","link":"https:\/\/www.europesays.com\/no\/60598\/","title":{"rendered":"&#8211; Alvorlige sprekker"},"content":{"rendered":"<p>  Antonio Nusa (20) god nok for Barcelona eller Real Madrid? Lagkompis antyder\u00a0\u00abja\u00bb p\u00e5 sp\u00f8rsm\u00e5let.\u00a0<\/p>\n<p>\n    JUBEL: Norges Antonio Nusa med 1-1-scoringen under privatlandskampen mellom Norge og New Zealand p\u00e5 Ullevaal Stadion. Foto: Fredrik Varfjell \/ NTB\n  <\/p>\n<p>ULLEVAAL STADION (Dagbladet): Etter festfotball mot Israel gjorde St\u00e5le Solbakken store endringer p\u00e5 laget til treningskampen mot New Zealand.\u00a0<\/p>\n<p> Men \u00abnye\u00bb Norge slet stort &#8211; hvert fall f\u00f8r pause. Det s\u00e5 tidvis ikke ut. Solbakken var synlig frustrert. <\/p>\n<p class=\"font-weight-bold m-font-weight-bold\" data-lab-font_weight=\"font-weight-bold\">En halvtime f\u00f8r slutt reddet Antonio Norge fra en smell.\u00a0<\/p>\n<p>&#8211; Det var tungt, men det var deilig oppm\u00f8te hvert fall. Den viktigste kampen var p\u00e5 l\u00f8rdag og vi skulle gjerne ha vunnet her og, men vi f\u00e5r ta uavgjort, sier m\u00e5lscorer Nusa, som kom inn til pause, til TV 2.\u00a0<\/p>\n<p>        FOTBALL: Herrelandslaget kan mye mulig v\u00e6re p\u00e5 vei til fotball-VM, men ligger for \u00f8yeblikket under for New Zealand i privatlandskamp hjemme p\u00e5 Ullevaal Stadion. Reporter: Henrik Ljosland<\/p>\n<p>Norge l\u00e5 under med ett m\u00e5l til pause etter svakt forsvarsspill p\u00e5 en d\u00f8dball. Etter pause gjorde Solbakken flere bytter. Nusa utliknet med et skudd i krysset.\u00a0<\/p>\n<p>Norge hevet seg, men var ogs\u00e5 n\u00e6re \u00e5 tape kampen da gjestene misset omgangens st\u00f8rste sjanse dr\u00f8yt ti minutter f\u00f8r slutt.<\/p>\n<p>          <img loading=\"lazy\" decoding=\"async\" src=\"https:\/\/www.europesays.com\/no\/wp-content\/uploads\/2025\/10\/83723876.webp\" width=\"686\" height=\"460\" title=\"OPPGITT: St\u00e5le Solbakken under kampens gang. Foto: Annika Byrde \/ NTB\" alt=\"\" class=\"\" style=\"--aspect-ratio-image: 1.49; \"\/><\/p>\n<p>\n          OPPGITT: St\u00e5le Solbakken under kampens gang. Foto: Annika Byrde \/ NTB\n      <\/p>\n<p>Bare en feberredning fra \u00d8rjan Nyland p\u00e5 Tim Paynes heading fra fem meter reddet Norge fra en liten ydmykelse.\u00a0<\/p>\n<p class=\"font-weight-bold m-font-weight-bold\" data-lab-font_weight=\"font-weight-bold\">&#8211; Det sl\u00e5r alvorlige sprekker, p\u00e5pekte \u00d8yvind Alsaker p\u00e5 TV 2.\u00a0<\/p>\n<p>    Norge &#8211; New Zealand 1-1 (0-1)<\/p>\n<p>Ullevaal stadion<\/p>\n<p>17.652 tilskuere<\/p>\n<p>M\u00e5l: 0-1 Finn Surman (45+1), 1-1 Antonio Nusa (63).<\/p>\n<p>Dommer: Horatiu Fesnic, Romania.<\/p>\n<p>Gult kort: Marko Stamenic (75), New Zealand, Eivind Helland (85), Norge.<\/p>\n<p>Lagene:<\/p>\n<p>Norge (4-1-4-1): \u00d8rjan Nyland \u2013 Marcus Holmgren Pedersen (Sebastian Sebulonsen fra 64.), Andreas Hanche-Olsen, Eivind Helland, David M\u00f8ller Wolfe \u2013 Patrick Berg (Sander Berge fra 46.) \u2013 Aron Bizet D\u00f8nnum (Antonio Nusa fra 46.), Oscar Bobb, Thelo Aasgaard (Kristian Arnstad fra 64.), Andreas Schjelderup (Sverre Nypan fra 81.) \u2013 J\u00f8rgen Strand Larsen (Aune Heggeb\u00f8 fra 64.).<\/p>\n<p>New Zealand (4-2-3-1): Alex Paulsen \u2013 Tim Payne (Lukas Kelly-Heald fra 87.), Finn Surman, Michael Boxall, Francis de Vries (Bill Tuiloma fra 87.) \u2013 Ryan Thomas (Callum McCowatt fra 70.), Marko Stamenic \u2013 Sarpreet Singh, Matt Garbett (Tylder Bindon fra 87.), Ben Old (Owen Parker-Price fra 87.) \u2013 Chris Wood (Ben Waine fra 62.).<\/p>\n<p>(NTB)<\/p>\n<p>      Vis mer<br \/>\n      Vis mindre<\/p>\n<p>&#8211; Et norsk lag som overhodet ikke f\u00f8lger med, sa TV 2-ekspert Jesper Mathisen.<\/p>\n<p>Sander Berge, som ogs\u00e5 kom inn etter pause, hadde en kjempesjanse til sikre Norges 10.strake seier, men istedenfor stang inn, ble det stang ut minutter f\u00f8r slutt.\u00a0<\/p>\n<p>Dermed endte privatlandskampen &#8211; som ogs\u00e5 var Solbakken 50. i sjefsstolen &#8211; 1-1.\u00a0<\/p>\n<p>Nusa-show\t<\/p>\n<p>Etter en begredelig f\u00f8rste omgang gjorde Antonio Nusa seg klar i pausa.\u00a0<\/p>\n<p>Det gikk et sus gjennom stadion da 20-\u00e5ringen kastet av seg overtrekksgenseren. Og umiddelbart markerte Nusa seg. Tidsvis s\u00e5 det ut som en dribleserie med Youtube-klipp.\u00a0<\/p>\n<p>          <img loading=\"lazy\" decoding=\"async\" src=\"https:\/\/www.europesays.com\/no\/wp-content\/uploads\/2025\/10\/83723861.webp\" width=\"980\" height=\"559\" title=\"HERJET: Antonio Nusa feirer m\u00e5let foran fansen. Foto: Fredrik Varfjell \/ NTB\" alt=\"\" class=\"\" style=\"--aspect-ratio-image: 1.75; \"\/><\/p>\n<p>\n          HERJET: Antonio Nusa feirer m\u00e5let foran fansen. Foto: Fredrik Varfjell \/ NTB\n      <\/p>\n<p>\u00a0Etter hvert ble han satt opp av Andreas Schjelderup, og banket inn 1-1.\u00a0<\/p>\n<p>&#8211; Han har satt fyr p\u00e5 lagkamerater og Ullevaal, ropte Jesper Mathisen p\u00e5 TV 2.\u00a0<\/p>\n<p>Det var ikke stor skuffelse \u00e5 spore hos de norske spillerne etter kampen.\u00a0<\/p>\n<p class=\"font-weight-bold m-font-weight-bold\" data-lab-font_weight=\"font-weight-bold\">&#8211; Selvf\u00f8lgelig g\u00e5r vi p\u00e5 banen for \u00e5 vinne, og det f\u00f8ler jeg vi viser i andre omgang. Vi pr\u00f8ver \u00e5 f\u00e5 vinnerm\u00e5let, men det er ikke s\u00e5nn at vi er veldig skuffet. Det er en stor dag for mange i troppen, s\u00e5 det er viktig \u00e5 gratulere de ogs\u00e5, sier David M\u00f8ller Wolfe til Dagbladet.\u00a0<\/p>\n<p>&#8211; Du skr\u00f8t veldig av Nusa her og sa at han kan n\u00e5 s\u00e5 langt han vil. Barcelona, Real Madrid, er vi der? <\/p>\n<p>&#8211; Er vi ikke det da? Synes ikke dere det? Gutten er f\u00f8dt i 2005. Han kan n\u00e5 veldig langt, svarer Wolves-spilleren.\u00a0<\/p>\n<p>        NORGE: Norge skuffet, men Antonio Nusa herjet og ble hyllet p\u00e5 Ullevaal. Reporter: Henrik Ljosland \/ Henrik Simensen.<\/p>\n","protected":false},"excerpt":{"rendered":"Antonio Nusa (20) god nok for Barcelona eller Real Madrid? Lagkompis antyder\u00a0\u00abja\u00bb p\u00e5 sp\u00f8rsm\u00e5let.\u00a0 JUBEL: Norges Antonio Nusa&hellip;\n","protected":false},"author":2,"featured_media":60599,"comment_status":"","ping_status":"","sticky":false,"template":"","format":"standard","meta":{"footnotes":""},"categories":[5],"tags":[20,21,24,25,92,15,19,4428,22,23,17,18,13,30,28,29,14,16,83,26,27],"class_list":{"0":"post-60598","1":"post","2":"type-post","3":"status-publish","4":"format-standard","5":"has-post-thumbnail","7":"category-overskrifter","8":"tag-breaking-news","9":"tag-breakingnews","10":"tag-featured-news","11":"tag-featurednews","12":"tag-fotball","13":"tag-headlines","14":"tag-hovedoppslag","15":"tag-landslaget","16":"tag-latest-news","17":"tag-latestnews","18":"tag-main-news","19":"tag-mainnews","20":"tag-news","21":"tag-no","22":"tag-norge","23":"tag-norway","24":"tag-nyheter","25":"tag-overskrifter","26":"tag-sport","27":"tag-top-stories","28":"tag-topstories"},"share_on_mastodon":{"url":"","error":""},"_links":{"self":[{"href":"https:\/\/www.europesays.com\/no\/wp-json\/wp\/v2\/posts\/60598","targetHints":{"allow":["GET"]}}],"collection":[{"href":"https:\/\/www.europesays.com\/no\/wp-json\/wp\/v2\/posts"}],"about":[{"href":"https:\/\/www.europesays.com\/no\/wp-json\/wp\/v2\/types\/post"}],"author":[{"embeddable":true,"href":"https:\/\/www.europesays.com\/no\/wp-json\/wp\/v2\/users\/2"}],"replies":[{"embeddable":true,"href":"https:\/\/www.europesays.com\/no\/wp-json\/wp\/v2\/comments?post=60598"}],"version-history":[{"count":0,"href":"https:\/\/www.europesays.com\/no\/wp-json\/wp\/v2\/posts\/60598\/revisions"}],"wp:featuredmedia":[{"embeddable":true,"href":"https:\/\/www.europesays.com\/no\/wp-json\/wp\/v2\/media\/60599"}],"wp:attachment":[{"href":"https:\/\/www.europesays.com\/no\/wp-json\/wp\/v2\/media?parent=60598"}],"wp:term":[{"taxonomy":"category","embeddable":true,"href":"https:\/\/www.europesays.com\/no\/wp-json\/wp\/v2\/categories?post=60598"},{"taxonomy":"post_tag","embeddable":true,"href":"https:\/\/www.europesays.com\/no\/wp-json\/wp\/v2\/tags?post=60598"}],"curies":[{"name":"wp","href":"https:\/\/api.w.org\/{rel}","templated":true}]}}