{"id":60647,"date":"2025-10-14T20:00:13","date_gmt":"2025-10-14T20:00:13","guid":{"rendered":"https:\/\/www.europesays.com\/no\/60647\/"},"modified":"2025-10-14T20:00:13","modified_gmt":"2025-10-14T20:00:13","slug":"prins-harrys-veldedighet-i-afrika-i-krise-etter-alvorlige-anklager-2","status":"publish","type":"post","link":"https:\/\/www.europesays.com\/no\/60647\/","title":{"rendered":"Prins Harrys veldedighet i Afrika i krise etter alvorlige anklager"},"content":{"rendered":"<p class=\"kicker \" style=\"\">Prins Harry:\u00a0<\/p>\n<p>  For tredje gang i \u00e5r m\u00f8ter prins Harrys veldedige organisasjoner grove anklager. N\u00e5 tar myndighetene i Tsjad grep.\u00a0<\/p>\n<p>\n    FJERNET: Myndighetene i det afrikanske landet Tsjad bekreftet i dag at de ikke vil fortsette samarbeidet med organisasjonen African Parks, som prins Harry har v\u00e6rt en dcel av de siste syv \u00e5rene. Foto: Andy Stenning\/Pool photo via AP\/NTB\n  <\/p>\n<p> Prins Harrys (41) humanit\u00e6re hjertesaker i Afrika er igjen i hardt v\u00e6r, etter nye og grove anklager mot organisasjonen African Parks. <\/p>\n<p>Myndighetene i Tsjad kunngjorde nylig at de avslutter sitt 15 \u00e5r lange samarbeid med organisasjonen, der hertugen av Sussex har hatt en sentral rolle i siden 2016.\u00a0<\/p>\n<p>    <a itemprop=\"url\" href=\"https:\/\/www.seher.no\/kongelig\/slar-tilbake\/83650568\" rel=\"nofollow noopener\" target=\"_blank\"><\/p>\n<p>      <img loading=\"lazy\" decoding=\"async\" src=\"https:\/\/www.europesays.com\/no\/wp-content\/uploads\/2025\/10\/1760472009_276_83650573.webp\" width=\"980\" height=\"441\" title=\"Sl\u00e5r tilbake\" alt=\"\" class=\"lazyload\" style=\"--aspect-ratio-image: 2.22; \"\/><\/p>\n<p>         Sl\u00e5r tilbake<\/p>\n<p>    <\/a><\/p>\n<p>I 2010 fikk organisasjonen ansvaret\u00a0 for \u00e5 stanse krypskyting i nasjonalparken Zakouma. N\u00e5 hevder Tsjad at de har sviktet.\u00a0<\/p>\n<p>        HASTET FORBI: Hovedpersonene i Netflix-dokumentaren \u00abRebel Royals: An Unlikely Love Story\u00bb, M\u00e4rtha Louise og Durek Verrett, gikk rett forbi pressen p\u00e5 vei til privat visning av filmen. Video: Kine Falch\/R\u00f8d L\u00f8per<\/p>\n<p class=\"font-weight-bold m-font-weight-bold\" data-lab-font_weight=\"font-weight-bold\"> I et fire siders dokument, omtalt av <a href=\"https:\/\/www.thetimes.com\/uk\/royal-family\/article\/prince-harry-charity-chad-african-parks-n33zw7ngk\" rel=\"nofollow noopener\" target=\"_blank\">The Times<\/a>, hevdes det at African Parks ikke har klart \u00e5 sette en stopper for krypskytingen, blant annet fordi de har satset mer p\u00e5 turisme enn p\u00e5 utstyr til parkvoktere.\u00a0<\/p>\n<p>          <img loading=\"lazy\" decoding=\"async\" src=\"https:\/\/www.europesays.com\/no\/wp-content\/uploads\/2025\/10\/1760472009_966_83697736.webp\" width=\"686\" height=\"460\" title=\"TSJAD: Enorme mengder elfenben vitner om brutal krypskyting i Zakouma nasjonalpark. P\u00e5 ti \u00e5r gikk 90 prosent av elefantene tapt. Foto: Jean Liou \/ AFP \/ NTB\" alt=\"\" class=\"\" style=\"--aspect-ratio-image: 1.49; \"\/><\/p>\n<p>\n          TSJAD: Enorme mengder elfenben vitner om brutal krypskyting i Zakouma nasjonalpark. P\u00e5 ti \u00e5r gikk 90 prosent av elefantene tapt. Foto: Jean Liou \/ AFP \/ NTB\n      <\/p>\n<p>Da organisasjonen tok over forvaltningen i 2010, var parken p\u00e5 randen av kollaps etter \u00e5 ha mistet rundt 90 prosent av elefantbestanden til krypskyttere p\u00e5 bare ti \u00e5r, skriver <a href=\"https:\/\/apnews.com\/article\/chad-wildlife-reserves-african-parks-b0feb5c2b2206584f4cfb1943296e643\" rel=\"nofollow noopener\" target=\"_blank\">AP<\/a>.\u00a0<\/p>\n<p>    <a itemprop=\"url\" href=\"https:\/\/www.seher.no\/kongelig\/sjokkavsloring-helt-uakseptabelt\/83530400\" rel=\"nofollow noopener\" target=\"_blank\"><\/p>\n<p>      <img loading=\"lazy\" decoding=\"async\" src=\"https:\/\/www.europesays.com\/no\/wp-content\/uploads\/2025\/10\/82239136.webp\" width=\"980\" height=\"441\" title=\"Sjokkavsl\u00f8ring: - Helt uakseptabelt\" alt=\"\" class=\"lazyload\" style=\"--aspect-ratio-image: 2.22; \"\/><\/p>\n<p>        Sjokkavsl\u00f8ring: &#8211; Helt uakseptabelt<\/p>\n<p>    <\/a><\/p>\n<p> Regjeringen\u00a0 i Tsjad hevder dessuten at African Parks har innkrevd ulovlige turistinntekter, brukt offshore-kontoer p\u00e5 Isle of Man og overf\u00f8rt kapital og valuta ut av landet, i strid med nasjonale regler. <\/p>\n<p>        TURBULENT: Kongen diskuterer den nye Netflix dokumentaren til prinsesse M\u00e4rtha Louise og Durek Verrett. Video: NTB. <\/p>\n<p> <a href=\"https:\/\/www.africanparks.org\/declaration-dafrican-parks-sur-les-mandats-de-gestion-au-tchad\" rel=\"nofollow noopener\" target=\"_blank\">African Parks<\/a> bekrefter at de 6. oktober mottok den formelle beskjeden om at de to forvaltningsmandatene i Tsjad er sagt opp.\u00a0<\/p>\n<p>          <img loading=\"lazy\" decoding=\"async\" src=\"https:\/\/www.europesays.com\/no\/wp-content\/uploads\/2025\/10\/1760472011_728_83697738.webp\" width=\"686\" height=\"467\" title=\"ELEFANTFLYTTING: Under et African Parks-prosjekt i 2016 hjalp prins Harry til med \u00e5 merke og flytte hundrevis av elefanter i Malawi. Foto: Frank Weitzer \/ African Parks \/ Kensington Palace \/ AFP \/ NTB\" alt=\"\" class=\"\" style=\"--aspect-ratio-image: 1.47; \"\/><\/p>\n<p>\n          ELEFANTFLYTTING: Under et African Parks-prosjekt i 2016 hjalp prins Harry til med \u00e5 merke og flytte hundrevis av elefanter i Malawi. Foto: Frank Weitzer \/ African Parks \/ Kensington Palace \/ AFP \/ NTB\n      <\/p>\n<p>Organisasjonen sier at de er i samtaler for \u00e5 forst\u00e5 beslutningen og \u00absikre at natur- og samfunnsgevinster fra 15 \u00e5r med forvaltning ikke g\u00e5r tapt\u00bb. <\/p>\n<p> Prins Harry var president i African Parks fra 2017 til 2023 og gikk deretter inn i styret, der han sitter framdeles. Han har s\u00e5 langt ikke kommentert Tsjads beslutning offentlig.<\/p>\n<p>        NY SERIE: Gunilla Persson har f\u00e5tt sitt eget datingprogram, hvor vi ogs\u00e5 f\u00e5r f\u00f8lge livet hennes, men noen av kravene hun har til mennene kan nok oppfattes som litt store. Video: Viaplay \/ \u00abDen rette for Gunilla\u00bb \/\/ Reporter: H\u00e5vard Bj\u00f8rnerem<\/p>\n<p>Tilfeller av vold og voldtekt\t<\/p>\n<p>Dette er ikke f\u00f8rste gang African Parks skaper overskrifter.\u00a0<\/p>\n<p>I januar 2024 publiserte b\u00e5de\u00a0<a href=\"https:\/\/www.dailymail.co.uk\/news\/article-13013591\/Harrys-Africa-charity-rangers-raped-beat-tribespeople-Rainforest-families-claim-years-abuse-hands-guards-work-conservation-body-Prince-director-beg-intervene.html\" rel=\"nofollow noopener\" target=\"_blank\">Mail on Sunday<\/a>\u00a0og <a href=\"https:\/\/www.theguardian.com\/world\/2024\/jan\/28\/charity-with-prince-harry-as-director-investigated-over-and-torture-claims\" rel=\"nofollow noopener\" target=\"_blank\">The Guardian<\/a> p\u00e5stander om grove overgrep beg\u00e5tt av African Parks\u2019 egne i Republikken Kongo.\u00a0<\/p>\n<p class=\"font-weight-bold m-font-weight-bold\" data-lab-font_weight=\"font-weight-bold\">Granskingen slo fast at det faktisk hadde skjedd tilfeller av vold, voldtekt og tortur mot lokalbefolkningen, fra organisasjonens ansatte.\u00a0<\/p>\n<p>          <img loading=\"lazy\" decoding=\"async\" src=\"https:\/\/www.europesays.com\/no\/wp-content\/uploads\/2025\/10\/1760472011_980_83697717.webp\" width=\"686\" height=\"494\" title=\"KONGO: African Parks har ledet arbeidet i Garamba nasjonalpark, hvor krypskyting er et stort problem, og har tatt livet av titusenvis av elefanter. Foto: Tony Karumba \/ AFP \/ NTB\" alt=\"\" class=\"\" style=\"--aspect-ratio-image: 1.39; \"\/><\/p>\n<p>\n          KONGO: African Parks har ledet arbeidet i Garamba nasjonalpark, hvor krypskyting er et stort problem, og har tatt livet av titusenvis av elefanter. Foto: Tony Karumba \/ AFP \/ NTB\n      <\/p>\n<p>Organisasjonen innr\u00f8mmet i en <a href=\"https:\/\/www.africanparks.org\/sites\/default\/files\/African%20Parks%20Response%20to%20Investigation%20into%20Allegations%20of%20Human%20Rights%20Abuses%20%282%29.pdf\" rel=\"nofollow noopener\" target=\"_blank\">uttalelse<\/a> at menneskerettighetsbrudd hadde forekommet, og beklaget dypt overfor ofrene. Samtidig valgte de \u00e5 ikke offentliggj\u00f8re hele rapporten, utarbeidet av det London-baserte advokatfirmaet Omnia Strategy, skrev <a href=\"https:\/\/www.bbc.com\/news\/articles\/cq54dgv2p29o\" rel=\"nofollow noopener\" target=\"_blank\">BBC<\/a> i mai 2025.\u00a0\u00a0<\/p>\n<p>        LAGT I BAKKEN: NRK-profilen forteller om stuntet han aldri ville gjort igjen. Video: TVNorge, NRK, Thea Hope<\/p>\n<p>De innr\u00f8mmet systemsvikt, s\u00e6rlig i de tidlige \u00e5ra av sitt arbeid i omr\u00e5det, men lovet \u00e5 styrke rutiner og reagere strengt mot ansatte som\u00a0var involvert.<\/p>\n<p>Prins Harry kom ikke med noen offisiell uttalelse.\u00a0<\/p>\n<p>        SKJULT HYLLEST: Kronprinsesse Mette-Marit bes\u00f8kte tidligere i \u00e5r motebiblioteket i Oslo, og ogs\u00e5 denne gangen var hun antrukket med en detalj som har en dypere mening. Foto: NTB \/\/ Reporter: Caroline Vagle \/\/ Klipp: H\u00e5vard Bj\u00f8rnerem<\/p>\n<p>Veldedigheter i krise\t<\/p>\n<p> African Parks-saken f\u00f8yer seg inn i en urovekkende rekke for hertugen.\u00a0<\/p>\n<p>Tidligere i \u00e5r trakk b\u00e5de <a href=\"https:\/\/www.seher.no\/kjendis\/anklages-for-a-spille-offerkortet\/82885076\" rel=\"nofollow noopener\" target=\"_blank\">han og prins Seeiso av Lesotho<\/a> seg fra ledelsen av Sentebale, veldedighetsorganisasjonen de to grunnla for nesten 20 \u00e5r siden. <\/p>\n<p>          <img loading=\"lazy\" decoding=\"async\" src=\"https:\/\/www.europesays.com\/no\/wp-content\/uploads\/2025\/10\/1760472011_174_83697706.webp\" width=\"686\" height=\"536\" title=\"TILBAKEBLIKK: Prins Harry og prins Seeiso utenfor Mamohato Children\u2019s Centre, satt opp av Sentebale, i 2015. Etter nesten to ti\u00e5r har de trukket seg fra organisasjonen. Foto: Chris Radburn \/ NTB\" alt=\"\" class=\"\" style=\"--aspect-ratio-image: 1.28; \"\/><\/p>\n<p>\n          TILBAKEBLIKK: Prins Harry og prins Seeiso utenfor Mamohato Children\u2019s Centre, satt opp av Sentebale, i 2015. Etter nesten to ti\u00e5r har de trukket seg fra organisasjonen. Foto: Chris Radburn \/ NTB\n      <\/p>\n<p> Avgj\u00f8relsen kom etter et brudd mellom styret og organisasjonens leder, Dr. Sophie Chandauka, som gikk til s\u00f8ksm\u00e5l etter \u00e5 ha blitt bedt om \u00e5 tre til side.\u00a0<\/p>\n<p class=\"font-weight-bold m-font-weight-bold\" data-lab-font_weight=\"font-weight-bold\">Hun hevdet at hun var blitt fjernet fordi hun turte \u00e5 varsle om d\u00e5rlig styring, maktmisbruk, seksuell trakassering og kvinnefiendtlig kultur.\u00a0<\/p>\n<p>          <img loading=\"lazy\" decoding=\"async\" src=\"https:\/\/www.europesays.com\/no\/wp-content\/uploads\/2025\/10\/1760472012_459_83697702.webp\" width=\"686\" height=\"755\" title=\"KRISE: Prins Harry og styreleder Sophie Chandauka fotografert i 2024. I 2025 endte samarbeidet i en bitter strid, som endte med at prins Harry trakk seg. Foto: Yaroslav Sabitov \/NTB\" alt=\"\" class=\"\" style=\"--aspect-ratio-image: 0.91; \"\/><\/p>\n<p>\n          KRISE: Prins Harry og styreleder Sophie Chandauka fotografert i 2024. I 2025 endte samarbeidet i en bitter strid, som endte med at prins Harry trakk seg. Foto: Yaroslav Sabitov \/NTB\n      <\/p>\n<p class=\"font-weight-bold m-font-weight-bold\" data-lab-font_weight=\"font-weight-bold\">&#8211; Det finnes folk i denne verden som oppf\u00f8rer seg som om de st\u00e5r over loven, og som behandler folk d\u00e5rlig. S\u00e5 spiller de offerkortet og bruker pressen, som de forakter, til \u00e5 skade folk som har mot til \u00e5 utfordre deres oppf\u00f8rsel, sa Chandauka til <a href=\"https:\/\/www.independent.co.uk\/news\/uk\/home-news\/prince-harry-charity-resigns-sentebale-diana-b2721704.html\" rel=\"nofollow noopener\" target=\"_blank\">The Independent<\/a> i mars 2025.\u00a0<\/p>\n<p>        TYDELIG PREGET: Under fylkesbes\u00f8ket i Hallingdal, avsl\u00f8rer kronprinsesse Mette-Marit detaljer om rehabiliteringen hun skal p\u00e5 i oktober. Reporter: Caroline Vagle \/\/ Video: H\u00e5vard Bj\u00f8rnerem<\/p>\n<p>Styret mente p\u00e5 sin side at hun hadde satt organisasjonen i \u00f8konomisk uf\u00f8re. <\/p>\n<p>    <a itemprop=\"url\" href=\"https:\/\/www.seher.no\/kjendis\/raser-etter-diana-video-respektlos\/83687365\" rel=\"nofollow noopener\" target=\"_blank\"><\/p>\n<p>      <img loading=\"lazy\" decoding=\"async\" src=\"https:\/\/www.europesays.com\/no\/wp-content\/uploads\/2025\/10\/1760472013_165_83688100.webp\" width=\"980\" height=\"441\" title=\"Raser etter Diana-video: - Respektl\u00f8s\" alt=\"\" class=\"lazyload\" style=\"--aspect-ratio-image: 2.22; \"\/><\/p>\n<p>        Raser etter Diana-video: &#8211; Respektl\u00f8s<\/p>\n<p>    <\/a><\/p>\n<p> Britiske myndigheter gransket situasjonen og konkluderte i august med at det ikke fantes nok bevis, og frikjente b\u00e5de Harry og Chandauka for overtramp. <\/p>\n","protected":false},"excerpt":{"rendered":"Prins Harry:\u00a0 For tredje gang i \u00e5r m\u00f8ter prins Harrys veldedige organisasjoner grove anklager. N\u00e5 tar myndighetene i&hellip;\n","protected":false},"author":2,"featured_media":60648,"comment_status":"","ping_status":"","sticky":false,"template":"","format":"standard","meta":{"footnotes":""},"categories":[12],"tags":[20,21,1893,24,25,15,479,22,23,13,30,28,29,14,16,75,26,27,8409,8408,42,43,44,45],"class_list":{"0":"post-60647","1":"post","2":"type-post","3":"status-publish","4":"format-standard","5":"has-post-thumbnail","7":"category-verden","8":"tag-breaking-news","9":"tag-breakingnews","10":"tag-det-britiske-kongehuset","11":"tag-featured-news","12":"tag-featurednews","13":"tag-headlines","14":"tag-kjendis","15":"tag-latest-news","16":"tag-latestnews","17":"tag-news","18":"tag-no","19":"tag-norge","20":"tag-norway","21":"tag-nyheter","22":"tag-overskrifter","23":"tag-prins-harry","24":"tag-top-stories","25":"tag-topstories","26":"tag-tsjad","27":"tag-veldedighetsorganisasjon","28":"tag-verden","29":"tag-world","30":"tag-world-news","31":"tag-worldnews"},"share_on_mastodon":{"url":"","error":""},"_links":{"self":[{"href":"https:\/\/www.europesays.com\/no\/wp-json\/wp\/v2\/posts\/60647","targetHints":{"allow":["GET"]}}],"collection":[{"href":"https:\/\/www.europesays.com\/no\/wp-json\/wp\/v2\/posts"}],"about":[{"href":"https:\/\/www.europesays.com\/no\/wp-json\/wp\/v2\/types\/post"}],"author":[{"embeddable":true,"href":"https:\/\/www.europesays.com\/no\/wp-json\/wp\/v2\/users\/2"}],"replies":[{"embeddable":true,"href":"https:\/\/www.europesays.com\/no\/wp-json\/wp\/v2\/comments?post=60647"}],"version-history":[{"count":0,"href":"https:\/\/www.europesays.com\/no\/wp-json\/wp\/v2\/posts\/60647\/revisions"}],"wp:featuredmedia":[{"embeddable":true,"href":"https:\/\/www.europesays.com\/no\/wp-json\/wp\/v2\/media\/60648"}],"wp:attachment":[{"href":"https:\/\/www.europesays.com\/no\/wp-json\/wp\/v2\/media?parent=60647"}],"wp:term":[{"taxonomy":"category","embeddable":true,"href":"https:\/\/www.europesays.com\/no\/wp-json\/wp\/v2\/categories?post=60647"},{"taxonomy":"post_tag","embeddable":true,"href":"https:\/\/www.europesays.com\/no\/wp-json\/wp\/v2\/tags?post=60647"}],"curies":[{"name":"wp","href":"https:\/\/api.w.org\/{rel}","templated":true}]}}