{"id":60661,"date":"2025-10-14T20:42:10","date_gmt":"2025-10-14T20:42:10","guid":{"rendered":"https:\/\/www.europesays.com\/no\/60661\/"},"modified":"2025-10-14T20:42:10","modified_gmt":"2025-10-14T20:42:10","slug":"krever-mer-info-deling-om-kriminelle-barn-og-unge","status":"publish","type":"post","link":"https:\/\/www.europesays.com\/no\/60661\/","title":{"rendered":"Krever mer info-deling om kriminelle barn og unge"},"content":{"rendered":"\n<ul class=\"_list_o9xde_3 _list_64s2r_85 _unordered_o9xde_106 text-sans-m\">\n<li class=\"_item_o9xde_30\">Regjeringen \u00f8nsker \u00e5 utvide adgangen til \u00e5 dele informasjon om elever ved skolebytter.<\/li>\n<li class=\"_item_o9xde_30\">Oslo-byr\u00e5det st\u00f8tter tiltaket, men vil g\u00e5 enda lenger og inkludere politi og barnevern.<\/li>\n<li class=\"_item_o9xde_30\">Oslo-politikere mener situasjonen er akutt og krever rask handling fra justisministeren.<\/li>\n<li class=\"_item_o9xde_30\">Justisminister Aas-Hansen forteller at en ekspertgruppe arbeider med tiltak, med forslag ventes sommeren 2026.<\/li>\n<\/ul>\n<p>Vis mer <\/p>\n<p class=\"_paragraph_o9xde_4 _paragraph_xtcu6_10 layout-component text-serif-m layout-normal text-serif-m layout-padded\">Sist vinter lot dav\u00e6rende utdanningsdirekt\u00f8r Marte Gerhardsen seg intervjue av VG, og <a href=\"https:\/\/www.vg.no\/nyheter\/i\/nynKAd\/marte-gerhardsen-en-av-skole-norges-mektigste-vil-dele-info-om-kriminelle-elever\" data-track-element-type=\"Link\" data-track-id=\"link:nynKAd\" class=\"_link_o9xde_39\" rel=\"nofollow noopener\" target=\"_blank\">etterlyste at skoler kunne utveksle info<\/a> om elever med kriminell bakgrunn. <\/p>\n<p class=\"_paragraph_o9xde_4 _paragraph_xtcu6_10 layout-component text-serif-m layout-normal text-serif-m layout-padded\">Hun mente taushetsplikt og personvern sto i veien for at skolene kunne forebygge og innf\u00f8re tiltak mot nye kriminelle handlinger fra elever. <\/p>\n<p class=\"_paragraph_o9xde_4 _paragraph_xtcu6_10 layout-component text-serif-m layout-normal text-serif-m layout-padded\">Behovet har blitt ytterligere aktualisert de siste ukene &#8211; med flere alvorlige hendelser der til dels sv\u00e6rt unge mennesker er involvert.<\/p>\n<p class=\"_paragraph_o9xde_4 _paragraph_xtcu6_10 layout-component text-serif-m layout-normal text-serif-m layout-padded\">Kunnskapsminister Kari Nessa Nordtun (Ap) fulgte opp utdanningsetaten i <a href=\"https:\/\/www.vg.no\/tag\/oslo?utm_source=vg-article&amp;utm_medium=auto-tagger&amp;utm_campaign=jQ6pre\" class=\"_link_o9xde_39\" rel=\"nofollow noopener\" target=\"_blank\">Oslo<\/a> sitt behov med <a href=\"https:\/\/www.vg.no\/nyheter\/i\/RzAKma\/lovforslag-regjeringen-vil-la-ny-skole-faa-vite-om-elevers-voldshistorikk-ved-skolebytte\" data-track-element-type=\"Link\" data-track-id=\"link:RzAKma\" class=\"_link_o9xde_39\" rel=\"nofollow noopener\" target=\"_blank\">et lovforslag som gir skolene anledning til \u00e5 dele informasjon<\/a> om for eksempel voldelige elever.<\/p>\n<p><img alt=\"INVOLVERT: Kunnskapsminister Kari Nessa Nordtun og statsminister Jonas Gahr St\u00f8re - f\u00f8lger begge arbeidet mot rekruttering til voldsbasert ungdomskriminalitet n\u00f8ye.  Foto: Helge Mikalsen \/ VG\" class=\"_image_qp4xg_65 layout-component layout-normal\" data-fullscreen- data-track-element-type=\"Article image fullscreen\" data-track-name=\"ImageFullscreen\" decoding=\"async\" loading=\"lazy\" height=\"5176\" itemprop=\"image\"  src=\"https:\/\/www.europesays.com\/no\/wp-content\/uploads\/2025\/10\/3825e0c5-c767-452a-a76e-2a1b9883497d\"  style=\"object-position:0% 0%\" width=\"7313\"\/>INVOLVERT: Kunnskapsminister Kari Nessa Nordtun og statsminister Jonas Gahr St\u00f8re &#8211; f\u00f8lger begge arbeidet mot rekruttering til voldsbasert ungdomskriminalitet n\u00f8ye.  Foto: Helge Mikalsen \/ VG<\/p>\n<p class=\"_paragraph_o9xde_4 _paragraph_xtcu6_10 layout-component text-serif-m layout-normal text-serif-m layout-padded\">H\u00f8ringsfristen gikk ut sist fredag, men Oslobyr\u00e5det mener Nordtun og regjeringen ikke g\u00e5r langt nok i <a href=\"https:\/\/www.regjeringen.no\/contentassets\/c09ea3481f934b0b978294af7cf31b51\/horingsnotat-forslag-til-utvidelse-av-adgangen-til-informasjonsdeling-ved-skolebytte.pdf\" class=\"_link_o9xde_39\" rel=\"nofollow noopener\" target=\"_blank\">sitt h\u00f8ringsnotat<\/a> &#8211; gitt den siste utviklingen i hovedstaden.<\/p>\n<p class=\"_paragraph_o9xde_4 _paragraph_xtcu6_10 layout-component text-serif-m layout-normal text-serif-m layout-padded\">\u2013 I akutte og alvorlige situasjoner m\u00e5 skole &#8211; men ogs\u00e5 politi og barnevern kunne dele informasjon. Jeg forventer at justisministeren n\u00e5 \u00e5pner for dette. De siste hendelsene i Oslo understreker alvoret, og det haster for oss \u00e5 f\u00e5 dette p\u00e5 plass. Regjeringen er godt kjent med problemstillingen. Det er frustrerende og uforst\u00e5elig at ingenting skjer, sier byr\u00e5dsleder Eirik Lae Solberg (H) til VG.<\/p>\n<p class=\"_paragraph_o9xde_4 _paragraph_xtcu6_10 layout-component text-serif-m layout-normal text-serif-m layout-padded\"><strong class=\"_strong_o9xde_25\">Les ogs\u00e5:<\/strong> <a href=\"https:\/\/www.vg.no\/nyheter\/i\/wg7Q9L\/stormoete-for-oslo-foreldre-om-rekruttering-til-voldskrim\" data-track-element-type=\"Link\" data-track-id=\"link:wg7Q9L\" class=\"_link_o9xde_39\" rel=\"nofollow noopener\" target=\"_blank\"><strong class=\"_strong_o9xde_25\">Megam\u00f8te for foreldre i regi av politiet<\/strong><\/a><\/p>\n<p class=\"_paragraph_o9xde_4 _paragraph_xtcu6_10 layout-component text-serif-m layout-normal text-serif-m layout-padded\">Utdanningsbyr\u00e5d i Oslo, Julie Remen Midtgarden peker p\u00e5 det hun mener er et hull i regelverket. F\u00f8r helgen var hun i Danmark og fikk impulser derfra.<\/p>\n<p class=\"_paragraph_o9xde_4 _paragraph_xtcu6_10 layout-component text-serif-m layout-normal text-serif-m layout-padded\"><strong class=\"_strong_o9xde_25\">\u2013 For ofte hindrer reglene oss i \u00e5 dele det som m\u00e5 deles. N\u00e5r vi ikke f\u00e5r samtykke, kolliderer taushetsplikten med v\u00e5rt viktigste oppdrag: \u00e5 holde elever og ansatte trygge og gi dem hjelpen de har krav p\u00e5, sier hun.<\/strong><\/p>\n<p>Hastverk<\/p>\n<p class=\"_paragraph_o9xde_4 _paragraph_xtcu6_10 layout-component text-serif-m layout-normal text-serif-m layout-padded\">Midtgarden legger til at byr\u00e5det har hastverk.<\/p>\n<p class=\"_paragraph_o9xde_4 _paragraph_xtcu6_10 layout-component text-serif-m layout-normal text-serif-m layout-padded\">\u2013  I mellomtiden st\u00e5r elever og ansatte i un\u00f8dvendig risiko. Det er fullstendig uforsvarlig, p\u00e5peker byr\u00e5dstoppene i hovedstaden. <\/p>\n<p><img alt=\"ENDA EN EPISODE: Byr\u00e5dsleder Eirik Lae Solberg og utdanningsbyr\u00e5d Julie Remen Midtgarden fotografert i september 2024 etter en skyteepisode p\u00e5 Linderud skole i Oslo.  Foto: VG\" class=\"_image_qp4xg_65 layout-component layout-normal\" data-fullscreen- data-track-element-type=\"Article image fullscreen\" data-track-name=\"ImageFullscreen\" decoding=\"async\" loading=\"lazy\" height=\"1667\" itemprop=\"image\"  src=\"https:\/\/www.europesays.com\/no\/wp-content\/uploads\/2025\/10\/aebad2f8-9a67-43e2-b2a0-31986557383a\"  style=\"object-position:0% 0%\" width=\"2500\"\/>ENDA EN EPISODE: Byr\u00e5dsleder Eirik Lae Solberg og utdanningsbyr\u00e5d Julie Remen Midtgarden fotografert i september 2024 etter en skyteepisode p\u00e5 Linderud skole i Oslo.  Foto: VG<\/p>\n<p class=\"_paragraph_o9xde_4 _paragraph_xtcu6_10 layout-component text-serif-m layout-normal text-serif-m layout-padded\">Midtgarden har ansvaret for b\u00e5de grunnskole og videreg\u00e5ende &#8211; siden Oslo er b\u00e5de kommune og fylkeskommune.<\/p>\n<p class=\"_paragraph_o9xde_4 _paragraph_xtcu6_10 layout-component text-serif-m layout-normal text-serif-m layout-padded\">Oslo-toppene vil ha en lovhjemmel som tillater n\u00f8dvendig deling mellom ulike etater som skole, politi og barnevern &#8211; n\u00e5r samtykke ikke er mulig og situasjonen er alvorlig. <\/p>\n<p class=\"_paragraph_o9xde_4 _paragraph_xtcu6_10 layout-component text-serif-m layout-normal text-serif-m layout-padded\"><strong class=\"_strong_o9xde_25\">\u2013 Det har vi bedt om siden januar, uten svar fr\u00e5 Justis- og beredskapsdepartementet, sier Midtgarden.<\/strong><\/p>\n<p class=\"_paragraph_o9xde_4 _paragraph_xtcu6_10 layout-component text-serif-m layout-normal text-serif-m layout-padded\">Hun venter enn\u00e5 p\u00e5 at regjeringen f\u00f8lger opp Oslos konkrete anmodning om bredere delingshjemmel.<\/p>\n<p class=\"_paragraph_o9xde_4 _paragraph_xtcu6_10 layout-component text-serif-m layout-normal text-serif-m layout-padded\">\u2013 Vi trenger at regjeringen leverer p\u00e5 tvers-deling i kritiske situasjoner, ellers blir hullet i regelverket st\u00e5ende. Det er behov for ogs\u00e5 \u00e5 kunne dele informasjon mellom organer, som for eksempel skole og politi eller skole og barnevern, i de tilfeller der det ikke er mulig \u00e5 f\u00e5 et samtykke fra eleven eller elevens foreldre, minner hun om.<\/p>\n<p class=\"_paragraph_o9xde_4 _paragraph_xtcu6_10 layout-component text-serif-m layout-normal text-serif-m layout-padded\">Oslo har bedt Justisdepartementet om en l\u00f8sning i lang tid. Kommunen har sendt brev 10. januar og 3. april \u2013 uten svar.<\/p>\n<p>Risiko<\/p>\n<p class=\"_paragraph_o9xde_4 _paragraph_xtcu6_10 layout-component text-serif-m layout-normal text-serif-m layout-padded\"><strong class=\"_strong_o9xde_25\">\u2013 I mellomtiden st\u00e5r elever og ansatte i un\u00f8dvendig risiko. Det vi konkret har bedt om og fremdeles purrer p\u00e5 er: en forskrift etter forvaltningsloven paragraf 13 g som gj\u00f8r at n\u00f8dvendig deling faktisk kan skje n\u00e5r det haster.<\/strong><\/p>\n<p><img alt=\"EKSPLOSJON: En h\u00e5ndgranat eksploderte - og enda en ble detonert p\u00e5 kontrollert vis av politiet i Pilestredet p\u00e5 Bislett 24. september i \u00e5r.  Foto: Gabriel Aas Sk\u00e5levik \/ VG\" class=\"_image_qp4xg_65 layout-component layout-normal\" data-fullscreen- data-track-element-type=\"Article image fullscreen\" data-track-name=\"ImageFullscreen\" decoding=\"async\" loading=\"lazy\" height=\"2221\" itemprop=\"image\"  src=\"https:\/\/www.europesays.com\/no\/wp-content\/uploads\/2025\/10\/a4d7b37c-0af1-4459-a09d-7019a96569a6\"  style=\"object-position:0% 0%\" width=\"3332\"\/>EKSPLOSJON: En h\u00e5ndgranat eksploderte &#8211; og enda en ble detonert p\u00e5 kontrollert vis av politiet i Pilestredet p\u00e5 Bislett 24. september i \u00e5r.  Foto: Gabriel Aas Sk\u00e5levik \/ VG<\/p>\n<p class=\"_paragraph_o9xde_4 _paragraph_xtcu6_10 layout-component text-serif-m layout-normal text-serif-m layout-padded\">Midtgarden og Lae Solberg repeterer at <a href=\"https:\/\/www.vg.no\/sok?q=h%C3%A5ndgranat%2Bbislett\" class=\"_link_o9xde_39\" rel=\"nofollow noopener\" target=\"_blank\">hendelsene den siste tiden i Oslo<\/a> og omegn (Bislett\/Haugerud\/Lillestr\u00f8m) understreker alvoret og behovet for \u00e5 kunne dele informasjon p\u00e5 tvers. <\/p>\n<p class=\"_paragraph_o9xde_4 _paragraph_xtcu6_10 layout-component text-serif-m layout-normal text-serif-m layout-padded\">Regjeringen sier de tar situasjonen p\u00e5 alvor og skal sl\u00e5 ned p\u00e5 utviklingen vi ser, men hvordan i alle dager kan de ikke \u00e5pne for dette? Dette er sv\u00e6rt, sv\u00e6rt uheldig, mener Oslotoppene i H\u00f8yre.<\/p>\n<p>Justisministeren: Godt i gang<\/p>\n<p class=\"_paragraph_o9xde_4 _paragraph_xtcu6_10 layout-component text-serif-m layout-normal text-serif-m layout-padded\">Justisminister Astrid Aas-Hansen (Ap) svarer tirsdag ettermiddag i en e-post til VG.<\/p>\n<p class=\"_paragraph_o9xde_4 _paragraph_xtcu6_10 layout-component text-serif-m layout-normal text-serif-m layout-padded\">Hun skriver at for \u00e5 lykkes med \u00e5 hindre rekruttering il kriminalitet og bekjempe narko-omsetning p\u00e5 skoler, s\u00e5 er samfunnet avhengig av at barnevern, skole og politiet samarbeider godt og deler informasjon. <\/p>\n<p class=\"_paragraph_o9xde_4 _paragraph_xtcu6_10 layout-component text-serif-m layout-normal text-serif-m layout-padded\">\u2013 Dette var noe av det f\u00f8rste jeg tok tak i da jeg tiltr\u00e5dte i februar. En egen ekspertgruppe er n\u00e5 godt i gang \u00e5 utrede hvordan politiet og andre etater kan samarbeide tettere og dele mer informasjon. Gruppa skal levere forslagene sine sommeren 2026. I arbeidet sitt skal gruppa blant annet se hen til den danske modellen p\u00e5 omr\u00e5det, skriver Aas-Hansen.<\/p>\n<p><img alt=\"RULLER UT: Justisminister Astrid Aas-Hansen (Ap) er enig med Oslobyr\u00e5det om at det m\u00e5 deles mer opplysninger om kriminelle barn og unge. Men regjeringen trenger mer tid p\u00e5 noe av iverksettingen.  Foto: Anja A. T. Brekke \/ VG\" class=\"_image_qp4xg_65 layout-component layout-normal\" data-fullscreen- data-track-element-type=\"Article image fullscreen\" data-track-name=\"ImageFullscreen\" decoding=\"async\" loading=\"lazy\" height=\"5274\" itemprop=\"image\"  src=\"https:\/\/www.europesays.com\/no\/wp-content\/uploads\/2025\/10\/c1fee403-5743-4eab-9053-6b34c5da323e\"  style=\"object-position:0% 0%\" width=\"7687\"\/>RULLER UT: Justisminister Astrid Aas-Hansen (Ap) er enig med Oslobyr\u00e5det om at det m\u00e5 deles mer opplysninger om kriminelle barn og unge. Men regjeringen trenger mer tid p\u00e5 noe av iverksettingen.  Foto: Anja A. T. Brekke \/ VG<\/p>\n<p class=\"_paragraph_o9xde_4 _paragraph_xtcu6_10 layout-component text-serif-m layout-normal text-serif-m layout-padded\">Hun sier seg glad for at byr\u00e5den for utdanning i Oslo har dratt til Danmark for \u00e5 l\u00e6re om dette.<\/p>\n<p class=\"_paragraph_o9xde_4 _paragraph_xtcu6_10 layout-component text-serif-m layout-normal text-serif-m layout-padded\">\u2013 I mange tilfeller er det viktig at skolene kan dele informasjon med hverandre n\u00e5r elever bytter skole, for eksempel der elever har ut\u00f8vd vold, eller det er p\u00e5g\u00e5ende konflikter mellom ulike elevgrupperinger, understreker justisministeren. Hun minner om at kunnskapsminister Kari Nessa Nordtun (Ap) har foresl\u00e5tt endringer i oppl\u00e6ringsloven som skal \u00e5pne for st\u00f8rre adgang til slik deling.<\/p>\n<p>En-til-en-oppf\u00f8lging<\/p>\n<p class=\"_paragraph_o9xde_4 _paragraph_xtcu6_10 layout-component text-serif-m layout-normal text-serif-m layout-padded\">H\u00f8ringsfristen gikk ut for noen dager siden, og det er for tidlig \u00e5 g\u00e5 i detalj p\u00e5 hvilke endringer regjeringen vil gj\u00f8re, opplyser Aas-Hansen.<\/p>\n<p class=\"_paragraph_o9xde_4 _paragraph_xtcu6_10 layout-component text-serif-m layout-normal text-serif-m layout-padded\"><strong class=\"_strong_o9xde_25\">Les ogs\u00e5: <a href=\"https:\/\/www.vg.no\/nyheter\/i\/VzK27d\/pst-om-radikalisert-ungdom-hver-tredje-har-en-diagnose\" data-track-element-type=\"Link\" data-track-id=\"link:VzK27d\" class=\"_link_o9xde_39\" rel=\"nofollow noopener\" target=\"_blank\">PST om radikalisert ungdom &#8211; mange har en diagnose<\/a><\/strong><\/p>\n<p class=\"_paragraph_o9xde_4 _paragraph_xtcu6_10 layout-component text-serif-m layout-normal text-serif-m layout-padded\">Hun oppfordrer til et godt samarbeid med kommunene p\u00e5 feltet. Og minner om at regjeringen i flere kommuner skal rulle ut \u00e9n-til-\u00e9n oppf\u00f8lgning av barn som beg\u00e5r alvorlig kriminalitet &#8211; eller som er i faresonen for dette.<\/p>\n<p class=\"_paragraph_o9xde_4 _paragraph_xtcu6_10 layout-component text-serif-m layout-normal text-serif-m layout-padded\">\u2013 I tillegg har vi i \u00e5r gitt midler til opprettelse og styrking av beredskapsteam. Beredskapsteamene skal jobbe med \u00e5 hindre rekruttering til kriminalitet og bekjempe narkotikaomsetning p\u00e5 skoler, skriver Aas-Hansen.<\/p>\n<p class=\"_paragraph_o9xde_4 _paragraph_xtcu6_10 layout-component text-serif-m layout-normal text-serif-m layout-padded\">Hun lover at henvendelsene fra Oslo kommune vil bli besvart \u00absnarlig\u00bb. <\/p>\n<p class=\"_paragraph_o9xde_4 _paragraph_xtcu6_10 layout-component text-serif-m layout-normal text-serif-m layout-padded\">Justisministeren minner om at det allerede i dag er mange opplysninger som kan deles, blant annet etter avvergingsplikten som f\u00f8lger av straffeloven, og etter reglene i forvaltningsloven om unntak fra taushetsplikt.<\/p>\n","protected":false},"excerpt":{"rendered":"Regjeringen \u00f8nsker \u00e5 utvide adgangen til \u00e5 dele informasjon om elever ved skolebytter. Oslo-byr\u00e5det st\u00f8tter tiltaket, men vil&hellip;\n","protected":false},"author":2,"featured_media":60662,"comment_status":"","ping_status":"","sticky":false,"template":"","format":"standard","meta":{"footnotes":""},"categories":[10],"tags":[20,21,4926,24,25,15,1688,148,22,23,13,30,28,29,14,2208,636,16,805,26,27,1995],"class_list":{"0":"post-60661","1":"post","2":"type-post","3":"status-publish","4":"format-standard","5":"has-post-thumbnail","7":"category-norge","8":"tag-breaking-news","9":"tag-breakingnews","10":"tag-eirik-lae-solberg","11":"tag-featured-news","12":"tag-featurednews","13":"tag-headlines","14":"tag-kari-nessa-nordtun","15":"tag-kriminalitet","16":"tag-latest-news","17":"tag-latestnews","18":"tag-news","19":"tag-no","20":"tag-norge","21":"tag-norway","22":"tag-nyheter","23":"tag-oppvekst","24":"tag-oslo","25":"tag-overskrifter","26":"tag-skole-og-utdanning","27":"tag-top-stories","28":"tag-topstories","29":"tag-vghelseoglivet"},"share_on_mastodon":{"url":"","error":""},"_links":{"self":[{"href":"https:\/\/www.europesays.com\/no\/wp-json\/wp\/v2\/posts\/60661","targetHints":{"allow":["GET"]}}],"collection":[{"href":"https:\/\/www.europesays.com\/no\/wp-json\/wp\/v2\/posts"}],"about":[{"href":"https:\/\/www.europesays.com\/no\/wp-json\/wp\/v2\/types\/post"}],"author":[{"embeddable":true,"href":"https:\/\/www.europesays.com\/no\/wp-json\/wp\/v2\/users\/2"}],"replies":[{"embeddable":true,"href":"https:\/\/www.europesays.com\/no\/wp-json\/wp\/v2\/comments?post=60661"}],"version-history":[{"count":0,"href":"https:\/\/www.europesays.com\/no\/wp-json\/wp\/v2\/posts\/60661\/revisions"}],"wp:featuredmedia":[{"embeddable":true,"href":"https:\/\/www.europesays.com\/no\/wp-json\/wp\/v2\/media\/60662"}],"wp:attachment":[{"href":"https:\/\/www.europesays.com\/no\/wp-json\/wp\/v2\/media?parent=60661"}],"wp:term":[{"taxonomy":"category","embeddable":true,"href":"https:\/\/www.europesays.com\/no\/wp-json\/wp\/v2\/categories?post=60661"},{"taxonomy":"post_tag","embeddable":true,"href":"https:\/\/www.europesays.com\/no\/wp-json\/wp\/v2\/tags?post=60661"}],"curies":[{"name":"wp","href":"https:\/\/api.w.org\/{rel}","templated":true}]}}