{"id":6075,"date":"2025-08-12T14:44:08","date_gmt":"2025-08-12T14:44:08","guid":{"rendered":"https:\/\/www.europesays.com\/no\/6075\/"},"modified":"2025-08-12T14:44:08","modified_gmt":"2025-08-12T14:44:08","slug":"espen-barth-eide-om-toppmotet-mellom-donald-trump-og-vladimir-putin","status":"publish","type":"post","link":"https:\/\/www.europesays.com\/no\/6075\/","title":{"rendered":"Espen Barth Eide om toppm\u00f8tet mellom Donald Trump og Vladimir Putin:"},"content":{"rendered":"\n<ul class=\"_list_1bvmi_3 _list_1flq1_85 _unordered_1bvmi_99 text-sans-m\">\n<li class=\"_item_1bvmi_30\">Trump f\u00e5r sterke advarsler mot \u00e5 tilby Putin deler av Ukraina for fred eller v\u00e5penhvile.<\/li>\n<li class=\"_item_1bvmi_30\">Utenriksminister Espen Barth Eide sier at bare Ukraina kan bestemme over sitt land og kritiserer Trumps uttalelser.<\/li>\n<li class=\"_item_1bvmi_30\">Europeiske ledere samordner sine interesser f\u00f8r m\u00f8tet mellom Trump og Putin i Alaska.<\/li>\n<li class=\"_item_1bvmi_30\">Ukrainske president Zelenskyj er ikke invitert til m\u00f8tet.<\/li>\n<\/ul>\n<p>Vis mer <\/p>\n<p class=\"_paragraph_1bvmi_4 _paragraph_xtcu6_10 layout-component text-serif-m layout-normal text-serif-m layout-padded\">Europeiske toppledere samordner n\u00e5 sine interesser f\u00f8r presidentene Vladimir Putin og Donald Trump <a href=\"https:\/\/www.vg.no\/nyheter\/i\/alAvqa\/trump-moeter-putin-i-alaska-15-august\" data-track-element-type=\"Link\" data-track-id=\"link:alAvqa\" class=\"_link_1bvmi_39\" rel=\"nofollow noopener\" target=\"_blank\">skal m\u00f8tes i Alaska <\/a>og diskutere fred i Ukraina. <\/p>\n<p class=\"_paragraph_1bvmi_4 _paragraph_xtcu6_10 layout-component text-serif-m layout-normal text-serif-m layout-padded\">Espen Barth Eide (Ap) sier at han er oppriktig bekymret over at Trump f\u00f8r m\u00f8tet har snakket om at Ukraina m\u00e5 gi opp landomr\u00e5der og at grenser m\u00e5 justeres for \u00e5 f\u00e5 slutt p\u00e5 <a href=\"https:\/\/www.vg.no\/tag\/invasjonen-av-ukraina?utm_source=vg-article&amp;utm_medium=auto-tagger&amp;utm_campaign=nyzOaL\" class=\"_link_1bvmi_39\" rel=\"nofollow noopener\" target=\"_blank\">krigen i Ukraina<\/a><\/p>\n<p class=\"_paragraph_1bvmi_4 _paragraph_xtcu6_10 layout-component text-serif-m layout-normal text-serif-m layout-padded\"><strong class=\"_strong_1bvmi_25\">\u2013 \u00c5 snakke om avst\u00e5else av landomr\u00e5der p\u00e5 vegne av Ukraina, uten at Ukraina er med p\u00e5 det, det er veldig uheldig, sier Eide til VG.<\/strong><\/p>\n<p><img alt=\"Espen Barth Eide g\u00e5r mellom en serie m\u00f8ter og debatter i Arendalsuka.   Foto: G\u00f8ran Bohlin \/ VG\" class=\"_image_qp4xg_65 layout-component layout-normal\" data-fullscreen- data-track-element-type=\"Article image fullscreen\" data-track-name=\"ImageFullscreen\" decoding=\"async\" loading=\"lazy\" height=\"5128\" itemprop=\"image\"  src=\"https:\/\/www.europesays.com\/no\/wp-content\/uploads\/2025\/08\/9bb97a0e-bf82-4e18-97cf-b58f50224b3a\"  style=\"object-position:0% 0%\" width=\"7942\"\/>Espen Barth Eide g\u00e5r mellom en serie m\u00f8ter og debatter i Arendalsuka.   Foto: G\u00f8ran Bohlin \/ VG<\/p>\n<p class=\"_paragraph_1bvmi_4 _paragraph_xtcu6_10 layout-component text-serif-m layout-normal text-serif-m layout-padded\">VG m\u00f8tte utenriksministeren mellom de mange debattene som han deltar p\u00e5 i Arendal denne uken. <\/p>\n<p class=\"_paragraph_1bvmi_4 _paragraph_xtcu6_10 layout-component text-serif-m layout-normal text-serif-m layout-padded\">Eide sier at b\u00e5de han og statsminister Jonas Gahr St\u00f8re har tett kontakt med n\u00e6re allierte i forkant av toppm\u00f8tet. <\/p>\n<p class=\"_paragraph_1bvmi_4 _paragraph_xtcu6_10 layout-component text-serif-m layout-normal text-serif-m layout-padded\">\u2013 Det er bra om Trump lykkes i \u00e5 skape en ramme for forhandlinger som Ukraina kan delta i, og kanskje tvinge fram en enighet om en v\u00e5penhvile, og s\u00e5 skal man forhandle derfra. <\/p>\n<p class=\"_paragraph_1bvmi_4 _paragraph_xtcu6_10 layout-component text-serif-m layout-normal text-serif-m layout-padded\"><strong class=\"_strong_1bvmi_25\">\u2013 Men det er ikke \u00f8nskelig at han forskutterer ettergivelser som Ukraina kanskje m\u00e5 gi p\u00e5 et senere tidspunkt, sier Eide.<\/strong><\/p>\n<p><img alt=\"Foto: G\u00f8ran Bohlin \/ VG\" class=\"_image_qp4xg_65 layout-component layout-normal\" data-fullscreen- data-track-element-type=\"Article image fullscreen\" data-track-name=\"ImageFullscreen\" decoding=\"async\" loading=\"lazy\" height=\"5504\" itemprop=\"image\"  src=\"https:\/\/www.europesays.com\/no\/wp-content\/uploads\/2025\/08\/1cd7abc8-85f8-418b-8434-fd7f8249e493\"  style=\"object-position:0% 0%\" width=\"8256\"\/>Foto: G\u00f8ran Bohlin \/ VGUSA er ikke part <\/p>\n<p class=\"_paragraph_1bvmi_4 _paragraph_xtcu6_10 layout-component text-serif-m layout-normal text-serif-m layout-padded\">Og han presiserer:<\/p>\n<p class=\"_paragraph_1bvmi_4 _paragraph_xtcu6_10 layout-component text-serif-m layout-normal text-serif-m layout-padded\">\u2013 Det er utrolig viktig \u00e5 huske p\u00e5 at USA ikke er en part i denne krigen. Det er Ukraina, og Russland. Det er bare to parter. De som er i krigen m\u00e5 bestemme. S\u00e5 kan det v\u00e6re fint at noen pr\u00f8ver \u00e5 bidra.<\/p>\n<p class=\"_paragraph_1bvmi_4 _paragraph_xtcu6_10 layout-component text-serif-m layout-normal text-serif-m layout-padded\"><strong class=\"_strong_1bvmi_25\">\u2013 Men?<\/strong><\/p>\n<p class=\"_paragraph_1bvmi_4 _paragraph_xtcu6_10 layout-component text-serif-m layout-normal text-serif-m layout-padded\">\u2013 Men \u00e5 snakke om avst\u00e5else av landomr\u00e5der p\u00e5 vegne av Ukraina, uten at Ukraina er med p\u00e5 det, det er veldig uheldig. Bare Ukraina kan bestemme dette. Det formidler vi tydelig, sier utenriksministeren.<\/p>\n<p>Avviser Russlands vilk\u00e5r<\/p>\n<p class=\"_paragraph_1bvmi_4 _paragraph_xtcu6_10 layout-component text-serif-m layout-normal text-serif-m layout-padded\">Ukrainere flest har liten tro at det blir fred i morgen, og at toppm\u00f8tet mellom USA og Russland vil f\u00f8re til varig fred, if\u00f8lge Oleksandra Deineko, ukrainsk borger og forsker ved Institutt for forsvarsstudier <\/p>\n<p class=\"_paragraph_1bvmi_4 _paragraph_xtcu6_10 layout-component text-serif-m layout-normal text-serif-m layout-padded\">I en debatt under Arendalsuka sa hun at 76 prosent av ukrainerne mener det er uakseptabelt \u00e5 godta fred p\u00e5 Russlands vilk\u00e5r, if\u00f8lge en sp\u00f8rreunders\u00f8kelse som ble tatt opp i sommer.<\/p>\n<p class=\"_paragraph_1bvmi_4 _paragraph_xtcu6_10 layout-component text-serif-m layout-normal text-serif-m layout-padded\">\u2013 Det som bekymrer ukrainerne mest, er at Ukraina ikke er med ved forhandlingsbordet, og at det ikke er snakk om reelle sikkerhetsgarantier for Ukraina, sa Deineko.<\/p>\n<p class=\"_paragraph_1bvmi_4 _paragraph_xtcu6_10 layout-component text-serif-m layout-normal text-serif-m layout-padded\">EU-landenes utenriksministere, tirsdag uttalt at <a href=\"https:\/\/www.vg.no\/nyheter\/i\/4B2VjV\/26-eu-ledere-krever-ukrainas-rett-til-aa-bestemme-egen-fremtid\" data-track-element-type=\"Link\" data-track-id=\"link:4B2VjV\" class=\"_link_1bvmi_39\" rel=\"nofollow noopener\" target=\"_blank\">ukrainerne m\u00e5 f\u00e5 frihet til \u00e5 bestemme sin egen fremtid. <\/a>Bare Ungarn reserverte seg mot denne uttalelsen.<\/p>\n<p class=\"_paragraph_1bvmi_4 _paragraph_xtcu6_10 layout-component text-serif-m layout-normal layout-padded\"><strong class=\"_strong_1bvmi_25\">Les ogs\u00e5:<\/strong> <a href=\"https:\/\/www.vg.no\/i\/alA8B5\" data-track-element-type=\"Link\" data-track-id=\"link:alA8B5\" class=\"_link_1bvmi_39\" rel=\"nofollow noopener\" target=\"_blank\">Kommentar: Trumps kaos-diplomat skaper r\u00f8re f\u00f8r Putin-m\u00f8tet<\/a><\/p>\n<p>Ikke invitert <\/p>\n<p class=\"_paragraph_1bvmi_4 _paragraph_xtcu6_10 layout-component text-serif-m layout-normal text-serif-m layout-padded\">De nordiske og baltiske landenebaltiske landeneDe baltiske landene refererer til Estland, Latvia og Litauen, som ligger ved \u00d8stersj\u00f8en i Nord-Europa. vedtok i helgen en lignende uttalelse. Eide sier at hensikten er \u00e5 styrke Ukrainas posisjon f\u00f8r USA og Russlands presidenter m\u00f8tes i Alaska. <\/p>\n<p class=\"_paragraph_1bvmi_4 _paragraph_xtcu6_10 layout-component text-serif-m layout-normal text-serif-m layout-padded\">Ukrainas president Volodymyr Zelenskyj har ikke f\u00e5tt noen invitasjon til m\u00f8tet. Men Trump har sagt at han vil ringe opp Zelenskyj umiddelbart etter m\u00f8tet med Putin.<\/p>\n<p class=\"_paragraph_1bvmi_4 _paragraph_xtcu6_10 layout-component text-serif-m layout-normal text-serif-m layout-padded\">Eide reagerte sterkt da Trump snakket om \u00e5 bytte landomr\u00e5der mellom Russland og Ukraina:<\/p>\n<p class=\"_paragraph_1bvmi_4 _paragraph_xtcu6_10 layout-component text-serif-m layout-normal text-serif-m layout-padded\">\u2013 Det er ikke problematisk \u00e5 si at alle m\u00e5 gi noe for at det skal bli fred. Men hvis du begynner \u00e5 snakke om hva det er, s\u00e5 er det veldig problematisk, sier Espen Barth Eide.<\/p>\n<p class=\"_paragraph_1bvmi_4 _paragraph_xtcu6_10 layout-component text-serif-m layout-normal text-serif-m layout-padded\">\u2013 Og det er nesten utenkelig at Ukraina skal gi noe de besitter i dag, hvor de har tapt tusener av soldatliv for \u00e5 holde et omr\u00e5de, og s\u00e5 skal gi det til Russland. Men ikke noe av dette b\u00f8r formidles til Russland offisielt, f\u00f8r Ukraina er klar for det, fortsetter han.<\/p>\n<p>Advarer mot stengt Nato-d\u00f8r <\/p>\n<p class=\"_paragraph_1bvmi_4 _paragraph_xtcu6_10 layout-component text-serif-m layout-normal text-serif-m layout-padded\"><strong class=\"_strong_1bvmi_25\">\u2013 Hva tror du at Russland \u00f8nsker \u00e5 oppn\u00e5 med dette toppm\u00f8tet? <\/strong><\/p>\n<p class=\"_paragraph_1bvmi_4 _paragraph_xtcu6_10 layout-component text-serif-m layout-normal text-serif-m layout-padded\">\u2013 Vi har hittil ikke sett noen seri\u00f8se tegn fra Russlands side til at de egentlig \u00f8nsker en reell fred. Hvis de f\u00e5r alt de \u00f8nsker, blir det fred. Men det er en fred som Ukraina og vi i Europa ikke kan g\u00e5 med p\u00e5. <\/p>\n<p class=\"_paragraph_1bvmi_4 _paragraph_xtcu6_10 layout-component text-serif-m layout-normal text-serif-m layout-padded\">\u2013 Det vil ogs\u00e5 v\u00e6re viktig \u00e5 f\u00f8lge med p\u00e5 om Putin slenger inn noen andre krav, som \u00e5 stoppe enhver videre Nato-utvidelse. Hvis han f\u00e5r medhold i det, s\u00e5 har du egentlig sagt til andre europeiske land at d\u00f8ren er stengt for dem ogs\u00e5 i fremtiden, sier Eide. <\/p>\n<p class=\"_paragraph_1bvmi_4 _paragraph_xtcu6_10 layout-component text-serif-m layout-normal text-serif-m layout-padded\">Norge er ikke i kjernen av diskusjonen mellom USA og Europa. Det er imidlertid Finlands president Alexander Stubb, som har deltatt p\u00e5 flere telefonm\u00f8ter med Trump-administrasjonen de siste dagene. <\/p>\n<p class=\"_paragraph_1bvmi_4 _paragraph_xtcu6_10 layout-component text-serif-m layout-normal text-serif-m layout-padded\"><strong class=\"_strong_1bvmi_25\">\u2013 President Stubb har tatt en tydelig posisjon her. Men vi i de nordiske landene koordinerer oss veldig tett, sier Espen Barth Eide.<\/strong><\/p>\n","protected":false},"excerpt":{"rendered":"Trump f\u00e5r sterke advarsler mot \u00e5 tilby Putin deler av Ukraina for fred eller v\u00e5penhvile. Utenriksminister Espen Barth&hellip;\n","protected":false},"author":2,"featured_media":6076,"comment_status":"","ping_status":"","sticky":false,"template":"","format":"standard","meta":{"footnotes":""},"categories":[12],"tags":[20,21,55,258,24,25,15,179,22,23,13,30,28,29,14,16,26,27,42,205,186,43,44,45],"class_list":{"0":"post-6075","1":"post","2":"type-post","3":"status-publish","4":"format-standard","5":"has-post-thumbnail","7":"category-verden","8":"tag-breaking-news","9":"tag-breakingnews","10":"tag-donald-trump","11":"tag-espen-barth-eide","12":"tag-featured-news","13":"tag-featurednews","14":"tag-headlines","15":"tag-krigen-i-ukraina","16":"tag-latest-news","17":"tag-latestnews","18":"tag-news","19":"tag-no","20":"tag-norge","21":"tag-norway","22":"tag-nyheter","23":"tag-overskrifter","24":"tag-top-stories","25":"tag-topstories","26":"tag-verden","27":"tag-vgsamfunn","28":"tag-vladimir-putin","29":"tag-world","30":"tag-world-news","31":"tag-worldnews"},"share_on_mastodon":{"url":"","error":""},"_links":{"self":[{"href":"https:\/\/www.europesays.com\/no\/wp-json\/wp\/v2\/posts\/6075","targetHints":{"allow":["GET"]}}],"collection":[{"href":"https:\/\/www.europesays.com\/no\/wp-json\/wp\/v2\/posts"}],"about":[{"href":"https:\/\/www.europesays.com\/no\/wp-json\/wp\/v2\/types\/post"}],"author":[{"embeddable":true,"href":"https:\/\/www.europesays.com\/no\/wp-json\/wp\/v2\/users\/2"}],"replies":[{"embeddable":true,"href":"https:\/\/www.europesays.com\/no\/wp-json\/wp\/v2\/comments?post=6075"}],"version-history":[{"count":0,"href":"https:\/\/www.europesays.com\/no\/wp-json\/wp\/v2\/posts\/6075\/revisions"}],"wp:featuredmedia":[{"embeddable":true,"href":"https:\/\/www.europesays.com\/no\/wp-json\/wp\/v2\/media\/6076"}],"wp:attachment":[{"href":"https:\/\/www.europesays.com\/no\/wp-json\/wp\/v2\/media?parent=6075"}],"wp:term":[{"taxonomy":"category","embeddable":true,"href":"https:\/\/www.europesays.com\/no\/wp-json\/wp\/v2\/categories?post=6075"},{"taxonomy":"post_tag","embeddable":true,"href":"https:\/\/www.europesays.com\/no\/wp-json\/wp\/v2\/tags?post=6075"}],"curies":[{"name":"wp","href":"https:\/\/api.w.org\/{rel}","templated":true}]}}