{"id":60803,"date":"2025-10-15T02:06:13","date_gmt":"2025-10-15T02:06:13","guid":{"rendered":"https:\/\/www.europesays.com\/no\/60803\/"},"modified":"2025-10-15T02:06:13","modified_gmt":"2025-10-15T02:06:13","slug":"flytrafikken-i-usa-rammes-av-regjeringsstans","status":"publish","type":"post","link":"https:\/\/www.europesays.com\/no\/60803\/","title":{"rendered":"Flytrafikken i USA rammes av regjeringsstans"},"content":{"rendered":"\n<p class=\"_lead_o9xde_2 _lead_xtcu6_50 layout-component text-serif-m layout-normal text-serif-l layout-component layout-wide layout-padded _wide_17hqh_1 layout-padded\">Over 13.000 flygeledere f\u00e5r ikke l\u00f8nn.<\/p>\n<p><img alt=\" Foto: Eduardo Munoz \/ Reuters \/ NTB\" class=\"_image_qp4xg_65 layout-component layout-wide\" data-fullscreen- data-track-element-type=\"Article image fullscreen\" data-track-name=\"ImageFullscreen\" fetchpriority=\"high\" decoding=\"sync\" loading=\"eager\" height=\"2667\" itemprop=\"image\"  src=\"https:\/\/www.europesays.com\/no\/wp-content\/uploads\/2025\/10\/d6b7b84b-514e-492c-94ab-aec27a2b0eff\"  style=\"object-position:0% 0%\" width=\"4000\"\/> Foto: Eduardo Munoz \/ Reuters \/ NTB<\/p>\n<ul aria-hidden=\"true\" class=\"_images_1y6fe_106\">\n<li><a class=\"_link_1y6fe_111\" href=\"https:\/\/www.vg.no\/forfatter\/kari-aarstad-aase\" style=\"z-index:1\" title=\"Kari Aarstad Aase\" rel=\"nofollow noopener\" target=\"_blank\"><img alt=\"Bilde av Kari Aarstad Aase\" class=\"_image_1y6fe_88\" fetchpriority=\"low\" loading=\"lazy\" decoding=\"async\" itemprop=\"image\"  src=\"https:\/\/www.europesays.com\/no\/wp-content\/uploads\/2025\/10\/1760493970_327_0dbde33e-6d8e-4680-8e4f-e2a64281e2b8\"  width=\"480\"\/><\/a><\/li>\n<\/ul>\n<p> Oppdatert onsdag 15. oktober kl. 02:36     <\/p>\n<p class=\"_paragraph_o9xde_4 _paragraph_xtcu6_10 layout-component text-serif-m layout-normal text-serif-m layout-padded\">Mer enn 13.000 amerikanske flygeledere fikk tirsdag utbetalt sin siste l\u00f8nn under den p\u00e5g\u00e5ende nedstengningen, som n\u00e5 har vart i 14 dager. Det kan f\u00f8re til \u00f8kt risiko for flytrafikken, advarer fagforeningsleder Nick Daniels.<\/p>\n<p class=\"_paragraph_o9xde_4 _paragraph_xtcu6_10 layout-component text-serif-m layout-normal text-serif-m layout-padded\">\u2013 Dette introduserer en helt ny risiko i flytrafikk-systemet, n\u00e5r fokuset deres n\u00e5 flyttes fra sikkerheten og flytting av 45.000 fly og 3 millioner passasjerer daglig, til \u00abm\u00e5 jeg skaffe meg en ny jobb? M\u00e5 jeg begynne \u00e5 kj\u00f8re Uber ved siden av?\u00bb, sier Daniels til Reuters.<\/p>\n<p><img alt=\"Foto: ERIK S. LESSER \/ EPA \/ NTB\" class=\"_image_qp4xg_65 layout-component layout-normal\" data-fullscreen- data-track-element-type=\"Article image fullscreen\" data-track-name=\"ImageFullscreen\" decoding=\"async\" loading=\"lazy\" height=\"2793\" itemprop=\"image\"  src=\"https:\/\/www.europesays.com\/no\/wp-content\/uploads\/2025\/10\/88e4dfb7-78e2-489a-9fdf-7b6bb60b5004\"  style=\"object-position:0% 0%\" width=\"4190\"\/>Foto: ERIK S. LESSER \/ EPA \/ NTB<\/p>\n<p class=\"_paragraph_o9xde_4 _paragraph_xtcu6_10 layout-component text-serif-m layout-normal text-serif-m layout-padded\">Transportminister Sean Duffy sa forrige uke at bemanningsproblemer blant flygeledere var \u00e5rsaken til 53 prosent av flyforsinkelsene siden nedstengningen startet, sammenlignet med 5 prosent i normale tider.<\/p>\n<p class=\"_paragraph_o9xde_4 _paragraph_xtcu6_10 layout-component text-serif-m layout-normal text-serif-m layout-padded\">Flygelederne, som har en av de mest stressende, statlige jobbene, frykter ogs\u00e5 \u00e5 bli fanget i midten mens de politiske partiene krangler om budsjettet.<\/p>\n<p class=\"_paragraph_o9xde_4 _paragraph_xtcu6_10 layout-component text-serif-m layout-normal text-serif-m layout-padded\">\u2013 Vi brukes som den politiske brikken i spillet, sier Daniels.<\/p>\n<p class=\"_paragraph_o9xde_4 _paragraph_xtcu6_10 layout-component text-serif-m layout-normal text-serif-m layout-padded\">Mer enn 50.000 ansatte i transportsikkerhetsetaten jobber ogs\u00e5 uten l\u00f8nn. Hvis budsjettstriden ikke l\u00f8ses, vil de ikke f\u00e5 noen utbetaling neste l\u00f8nningsdag. <\/p>\n<p><img alt=\"U.S. Senate Majority Leader John Thune  Foto: ANNA MONEYMAKER \/ AFP \/ NTB\" class=\"_image_qp4xg_65 layout-component layout-normal\" data-fullscreen- data-track-element-type=\"Article image fullscreen\" data-track-name=\"ImageFullscreen\" decoding=\"async\" loading=\"lazy\" height=\"3837\" itemprop=\"image\"  src=\"https:\/\/www.europesays.com\/no\/wp-content\/uploads\/2025\/10\/51d65487-8503-4aa3-9440-4632152f593e\"  style=\"object-position:0% 0%\" width=\"5755\"\/>U.S. Senate Majority Leader John Thune  Foto: ANNA MONEYMAKER \/ AFP \/ NTB4000 sparket<\/p>\n<p class=\"_paragraph_o9xde_4 _paragraph_xtcu6_10 layout-component text-serif-m layout-normal text-serif-m layout-padded\">Et republikansk lovforslag som skulle finansiere den amerikanske staten og avslutte nedstengningen ble p\u00e5 nytt (8. fors\u00f8k)nedstemt i Senatet tirsdag kveld, melder nyhetsbyr\u00e5et\u00a0Reuters.<\/p>\n<p class=\"_paragraph_o9xde_4 _paragraph_xtcu6_10 layout-component text-serif-m layout-normal text-serif-m layout-padded\">Trump-administrasjonen har sparket 4108 f\u00f8derale ansatte siden nedstengningen begynte 1. oktober, if\u00f8lge en rettsdokument fra det amerikanske justisdepartementet tirsdag, skriver nyhetsbyr\u00e5et.<\/p>\n<p class=\"_paragraph_o9xde_4 _paragraph_xtcu6_10 layout-component text-serif-m layout-normal text-serif-m layout-padded\">Presidenten skylder p\u00e5 nedstengingen for kuttene, etter at lovgiverne ikke har klart \u00e5 bli enige om en utgiftsplan for f\u00f8derale etater.<\/p>\n<p class=\"_paragraph_o9xde_4 _paragraph_xtcu6_10 layout-component text-serif-m layout-normal text-serif-m layout-padded\">Siden 1981 har <a href=\"https:\/\/www.vg.no\/tag\/usa?utm_source=vg-article&amp;utm_medium=auto-tagger&amp;utm_campaign=ny3x8Q\" class=\"_link_o9xde_39\" rel=\"nofollow noopener\" target=\"_blank\">USA<\/a> hatt 15 nedstengninger som permitterte hundretusenvis av arbeidere. Ingen president har tidligere brukt en nedstenging som grunnlag for store oppsigelser.<\/p>\n<p class=\"_paragraph_o9xde_4 _paragraph_xtcu6_10 layout-component text-serif-m layout-normal text-serif-m layout-padded\">Fagforeninger for f\u00f8derale arbeidere saks\u00f8ker n\u00e5 i et fors\u00f8k p\u00e5 \u00e5 f\u00e5 omgjort oppsigelsene.<\/p>\n<p> Ikke meningen<\/p>\n<p class=\"_paragraph_o9xde_4 _paragraph_xtcu6_10 layout-component text-serif-m layout-normal text-serif-m layout-padded\">Trump-administrasjonen innr\u00f8mmer tirsdag ogs\u00e5 at de sparket 778 ansatte i det amerikanske helsedepartementet ved en feil forrige uke.<\/p>\n<p><img alt=\"Foto: WILL OLIVER \/ EPA \/ NTB\" class=\"_image_qp4xg_65 layout-component layout-normal\" data-fullscreen- data-track-element-type=\"Article image fullscreen\" data-track-name=\"ImageFullscreen\" decoding=\"async\" loading=\"lazy\" height=\"2519\" itemprop=\"image\"  src=\"https:\/\/www.europesays.com\/no\/wp-content\/uploads\/2025\/10\/786cb995-f151-475d-9971-c4ac3fab8cf4\"  style=\"object-position:0% 0%\" width=\"3779\"\/>Foto: WILL OLIVER \/ EPA \/ NTB<\/p>\n<p class=\"_paragraph_o9xde_4 _paragraph_xtcu6_10 layout-component text-serif-m layout-normal text-serif-m layout-padded\">Dette kommer frem i et rettsdokument som ble levert inn tirsdag, melder Reuters.<\/p>\n<p class=\"_paragraph_o9xde_4 _paragraph_xtcu6_10 layout-component text-serif-m layout-normal text-serif-m layout-padded\">Oppsigelsene skjedde i forbindelse med nedstengningen.<\/p>\n<p class=\"_paragraph_o9xde_4 _paragraph_xtcu6_10 layout-component text-serif-m layout-normal text-serif-m layout-padded\">Trump har flere ganger truet med \u00e5 benytte denne anledningen til \u00e5 si opp offentlig ansatte som administrasjonen mener er overfl\u00f8dige.<\/p>\n<p class=\"_paragraph_o9xde_4 _paragraph_xtcu6_10 layout-component text-serif-m layout-normal text-serif-m layout-padded\">En tjenestemann i helsedepartementet forklarer at feilen skyldtes \u00abdatauoverensstemmelser og behandlingsfeil\u00bb. Totalt 1760 ansatte fikk oppsigelse, mens bare 982 skulle ha f\u00e5tt sparken.<\/p>\n<p class=\"_paragraph_o9xde_4 _paragraph_xtcu6_10 layout-component text-serif-m layout-normal layout-padded\"><strong class=\"_strong_o9xde_25\">Les ogs\u00e5:<\/strong> <a href=\"https:\/\/www.vg.no\/i\/5E971E\" data-track-element-type=\"Link\" data-track-id=\"link:5E971E\" class=\"_link_o9xde_39\" rel=\"nofollow noopener\" target=\"_blank\">F\u00f8deral nedstenging i USA<\/a><\/p>\n","protected":false},"excerpt":{"rendered":"Over 13.000 flygeledere f\u00e5r ikke l\u00f8nn. Foto: Eduardo Munoz \/ Reuters \/ NTB Oppdatert onsdag 15. oktober kl.&hellip;\n","protected":false},"author":2,"featured_media":60804,"comment_status":"","ping_status":"","sticky":false,"template":"","format":"standard","meta":{"footnotes":""},"categories":[12],"tags":[20,21,55,24,25,15,22,23,13,30,28,29,14,16,26,27,50,42,46,43,44,45],"class_list":{"0":"post-60803","1":"post","2":"type-post","3":"status-publish","4":"format-standard","5":"has-post-thumbnail","7":"category-verden","8":"tag-breaking-news","9":"tag-breakingnews","10":"tag-donald-trump","11":"tag-featured-news","12":"tag-featurednews","13":"tag-headlines","14":"tag-latest-news","15":"tag-latestnews","16":"tag-news","17":"tag-no","18":"tag-norge","19":"tag-norway","20":"tag-nyheter","21":"tag-overskrifter","22":"tag-top-stories","23":"tag-topstories","24":"tag-usa","25":"tag-verden","26":"tag-vgai","27":"tag-world","28":"tag-world-news","29":"tag-worldnews"},"share_on_mastodon":{"url":"","error":""},"_links":{"self":[{"href":"https:\/\/www.europesays.com\/no\/wp-json\/wp\/v2\/posts\/60803","targetHints":{"allow":["GET"]}}],"collection":[{"href":"https:\/\/www.europesays.com\/no\/wp-json\/wp\/v2\/posts"}],"about":[{"href":"https:\/\/www.europesays.com\/no\/wp-json\/wp\/v2\/types\/post"}],"author":[{"embeddable":true,"href":"https:\/\/www.europesays.com\/no\/wp-json\/wp\/v2\/users\/2"}],"replies":[{"embeddable":true,"href":"https:\/\/www.europesays.com\/no\/wp-json\/wp\/v2\/comments?post=60803"}],"version-history":[{"count":0,"href":"https:\/\/www.europesays.com\/no\/wp-json\/wp\/v2\/posts\/60803\/revisions"}],"wp:featuredmedia":[{"embeddable":true,"href":"https:\/\/www.europesays.com\/no\/wp-json\/wp\/v2\/media\/60804"}],"wp:attachment":[{"href":"https:\/\/www.europesays.com\/no\/wp-json\/wp\/v2\/media?parent=60803"}],"wp:term":[{"taxonomy":"category","embeddable":true,"href":"https:\/\/www.europesays.com\/no\/wp-json\/wp\/v2\/categories?post=60803"},{"taxonomy":"post_tag","embeddable":true,"href":"https:\/\/www.europesays.com\/no\/wp-json\/wp\/v2\/tags?post=60803"}],"curies":[{"name":"wp","href":"https:\/\/api.w.org\/{rel}","templated":true}]}}