{"id":6082,"date":"2025-08-12T15:08:08","date_gmt":"2025-08-12T15:08:08","guid":{"rendered":"https:\/\/www.europesays.com\/no\/6082\/"},"modified":"2025-08-12T15:08:08","modified_gmt":"2025-08-12T15:08:08","slug":"tror-grealish-exit-apner-for-oscar-bobb-i-manchester-city","status":"publish","type":"post","link":"https:\/\/www.europesays.com\/no\/6082\/","title":{"rendered":"Tror Grealish-exit \u00e5pner for Oscar Bobb i Manchester City"},"content":{"rendered":"\n<p class=\"_lead_1bvmi_2 _lead_xtcu6_50 layout-component text-serif-m layout-normal text-serif-l layout-component layout-wide layout-padded _wide_17hqh_1 layout-padded\">Oscar Bobb (22) har f\u00e5tt sparsomt med spilletid i Manchester Citys sesongoppkj\u00f8ring.<\/p>\n<p><img alt=\" Foto: Hannah McKay \/ Reuters \/ NTB\" class=\"_image_qp4xg_65 layout-component layout-wide\" data-fullscreen- data-track-element-type=\"Article image fullscreen\" data-track-name=\"ImageFullscreen\" fetchpriority=\"high\" decoding=\"sync\" loading=\"eager\" height=\"2986\" itemprop=\"image\"  src=\"https:\/\/www.europesays.com\/no\/wp-content\/uploads\/2025\/08\/22d9c781-ff22-489c-98e5-35eb07f39a15\"  style=\"object-position:0% 0%\" width=\"4344\"\/> Foto: Hannah McKay \/ Reuters \/ NTB<\/p>\n<ul aria-hidden=\"true\" class=\"_images_1y6fe_106\">\n<li><a class=\"_link_1y6fe_111\" href=\"https:\/\/www.vg.no\/forfatter\/yasmin-sunde-hoel\" style=\"z-index:1\" title=\"Yasmin Sunde Hoel\" rel=\"nofollow noopener\" target=\"_blank\"><img alt=\"Bilde av Yasmin Sunde Hoel\" class=\"_image_1y6fe_88\" fetchpriority=\"low\" loading=\"lazy\" decoding=\"async\" itemprop=\"image\"  src=\"https:\/\/www.europesays.com\/no\/wp-content\/uploads\/2025\/08\/1755011288_967_9b0968a4-bfc7-4456-a6f4-b0a569ad0436\"  width=\"480\"\/><\/a><\/li>\n<\/ul>\n<p> Oppdatert tirsdag 12. august kl. 16:42     <\/p>\n<p class=\"_paragraph_1bvmi_4 _paragraph_xtcu6_10 layout-component text-serif-m layout-normal text-serif-m layout-padded\">Landslagssjef St\u00e5le Solbakken sl\u00e5r ikke alarm enn\u00e5. Men: <\/p>\n<p class=\"_paragraph_1bvmi_4 _paragraph_xtcu6_10 layout-component text-serif-m layout-normal text-serif-m layout-padded\">\u2013 Alle som skal spille p\u00e5 landslaget, trenger spilletid. Det er som litt spesielt med Oscar, er at han har v\u00e6rt ute en hel sesong uten \u00e5 spille kamper \u2013 og da er det ekstra viktig at han f\u00e5r spille en del, sier Solbakken.<\/p>\n<p class=\"_paragraph_1bvmi_4 _paragraph_xtcu6_10 layout-component text-serif-m layout-normal text-serif-m layout-padded\">Derfor gledet det landslagssjefen \u00e5 se at Oscar Bobb fikk spille \u00e9n omgang fra start i Manchester Citys generalpr\u00f8ve mot Palermo i helgen \u2013 i en kamp der Pep Guardiola byttet ut nesten hele elleveren i pausen. <\/p>\n<p class=\"_paragraph_1bvmi_4 _paragraph_xtcu6_10 layout-component text-serif-m layout-normal text-serif-m layout-padded\">City vant 3\u20130 etter scoring fra blant annet Erling Braut Haaland (som p\u00e5 sin side har spilt mye i Citys sesongoppkj\u00f8ring).<\/p>\n<p class=\"_paragraph_1bvmi_4 _paragraph_xtcu6_10 layout-component text-serif-m layout-normal text-serif-m layout-padded\">Likevel er det ikke veldig mye som tyder p\u00e5 at Bobbs navn er i Pep Guardiolas startoppstilling n\u00e5r City starter <a href=\"https:\/\/www.vg.no\/tag\/premier-league?utm_source=vg-article&amp;utm_medium=auto-tagger&amp;utm_campaign=0V2Wq0\" class=\"_link_1bvmi_39\" rel=\"nofollow noopener\" target=\"_blank\">Premier League<\/a>-sesongen borte mot Wolverhampton f\u00f8rstkommende l\u00f8rdag.<\/p>\n<p class=\"_paragraph_1bvmi_4 _paragraph_xtcu6_10 layout-component text-serif-m layout-normal text-serif-m layout-padded\">I alle fall om man skal tolke signalene fra sommerens privatkamper og klubb-VM:<\/p>\n<ul class=\"_list_1bvmi_3 _list_xtcu6_9 _unordered_1bvmi_99 layout-component text-serif-m layout-normal text-serif-m layout-padded\">\n<li class=\"_item_1bvmi_30\">I klubb-VM var Bobb innbytter i kampene Wydad AC og Al-Ain (der han ogs\u00e5 scoret ett av Citys seks m\u00e5l)<\/li>\n<li class=\"_item_1bvmi_30\">Deretter var han ubenyttet reserve mot Al-Hilal og Juventus<\/li>\n<\/ul>\n<p class=\"_paragraph_1bvmi_4 _paragraph_xtcu6_10 layout-component text-serif-m layout-normal text-serif-m layout-padded\">Bobb var i ferd med \u00e5 f\u00e5 sitt store gjennombrudd for stjerneklubben da han ble langtidsskadet med benbrudd rett f\u00f8r sesongstart i fjor.<\/p>\n<p class=\"_paragraph_1bvmi_4 _paragraph_xtcu6_10 layout-component text-serif-m layout-normal text-serif-m layout-padded\">N\u00e5 er han for lengst tilbake og friskmeldt, men i mellomtiden har Manchester Citys spillerstall est ut \u2013 s\u00e6rlig p\u00e5 midtbanen. <\/p>\n<p class=\"_paragraph_1bvmi_4 _paragraph_xtcu6_10 layout-component text-serif-m layout-normal text-serif-m layout-padded\">\u2013 Konkurransen om plassen Oscar spiller p\u00e5 er beinhard, konkluderer Solbakken, f\u00f8r han p\u00e5peker at det n\u00e5 g\u00e5r rykter om at City vil slanke troppen noe.<\/p>\n<p><img alt=\"Foto: Bj\u00f8rn S. Delebekk \/ VG\" class=\"_image_qp4xg_65 layout-component layout-normal\" data-fullscreen- data-track-element-type=\"Article image fullscreen\" data-track-name=\"ImageFullscreen\" decoding=\"async\" loading=\"lazy\" height=\"2560\" itemprop=\"image\"  src=\"https:\/\/www.europesays.com\/no\/wp-content\/uploads\/2025\/08\/f25e98f8-dfc7-4915-8a6d-3d364532d2d6\"  style=\"object-position:0% 0%\" width=\"3840\"\/>Foto: Bj\u00f8rn S. Delebekk \/ VG<\/p>\n<p class=\"_paragraph_1bvmi_4 _paragraph_xtcu6_10 layout-component text-serif-m layout-normal text-serif-m layout-padded\">\u2013 Hvis du skal v\u00e6re i City, vil konkurransen uansett v\u00e6re beinhard, men s\u00e5 f\u00e5r vi se, da. Det g\u00e5r rykter om Savinho til Tottenham og (Jack) Grealish til Everton. Det er jo ting som kan v\u00e6re bra for Oscar.<\/p>\n<p class=\"_paragraph_1bvmi_4 _paragraph_xtcu6_10 layout-component text-serif-m layout-normal text-serif-m layout-padded\">If\u00f8lge overgangsguruene Fabrizio Romano og David Ornstein i The Athletic gjenst\u00e5r det bare <a href=\"https:\/\/www.vg.no\/sport\/i\/BW8mmw\/silly-season-2025\" data-track-element-type=\"Link\" data-track-id=\"link:BW8mmw\" class=\"_link_1bvmi_39\" rel=\"nofollow noopener\" target=\"_blank\">detaljer f\u00f8r Grealish-avtalen er spikret<\/a>. Dersom Everton velger \u00e5 kj\u00f8pe ut Grealish permanent, kan prisen havne p\u00e5 omtrent 680 millioner norske kroner.<\/p>\n<ul class=\"_list_1bvmi_3 _list_xtcu6_9 _unordered_1bvmi_99 layout-component text-serif-m layout-normal text-serif-m layout-padded\">\n<li class=\"_item_1bvmi_30\"><strong class=\"_strong_1bvmi_25\">Gleder du deg til Premier League-start? <a href=\"https:\/\/vglive.vg.no\/profeten\/kamper\" class=\"_link_1bvmi_39\" rel=\"nofollow noopener\" target=\"_blank\">Spill Profeten gratis her!<\/a><\/strong><\/li>\n<\/ul>\n<p class=\"_paragraph_1bvmi_4 _paragraph_xtcu6_10 layout-component text-serif-m layout-normal text-serif-m layout-padded\">Flere britiske medier har ogs\u00e5 meldt at City har \u00e5pnet for samtaler med Tottenham om en permanent overgang for brasilianeren Savinho, som i likhet med Bobb trives best p\u00e5 h\u00f8yrevingen.<\/p>\n<p class=\"_paragraph_1bvmi_4 _paragraph_xtcu6_10 layout-component text-serif-m layout-normal text-serif-m layout-padded\">Det salget kan \u00e5pne opp for mer spilletid for Bobb, sier Viaplays fotballekspert Lars Tj\u00e6rn\u00e5s.<\/p>\n<p><img decoding=\"async\" alt=\"Bilde av Lars Tj\u00e6rn\u00e5s\" class=\"_image_ygndg_42\" height=\"60\" itemprop=\"image\" loading=\"lazy\"  src=\"https:\/\/www.europesays.com\/no\/wp-content\/uploads\/2025\/08\/a0e1224d-d33d-46dc-beb3-51b8ce9d49ff\"  width=\"40\"\/><strong class=\"_name_ygndg_51 title-serif-xs\">Lars Tj\u00e6rn\u00e5s<\/strong><\/p>\n<p class=\"_paragraph_1bvmi_4 text-sans-m _description_ygndg_56\">Fotballekspert<\/p>\n<p class=\"_paragraph_1bvmi_4 _paragraph_xtcu6_10 layout-component text-serif-m layout-normal text-serif-m layout-padded\">\u2013 For ham er det gode nyheter hvis Savinho forsvinner. Da rykker han frem i k\u00f8en, sier Tj\u00e6rn\u00e5s.<\/p>\n<p class=\"_paragraph_1bvmi_4 _paragraph_xtcu6_10 layout-component text-serif-m layout-normal text-serif-m layout-padded\">Det er i underkant av  \u00e9n m\u00e5ned til Norge m\u00f8ter Moldova i VM-kvalifiseringenNorge m\u00f8ter Moldova i VM-kvalifiseringenSpilles 9. september p\u00e5 Ullevaal.. Landslagssjef Solbakken tror ikke Bobb kommer til \u00e5 slite benken i City i forkant.<\/p>\n<p class=\"_paragraph_1bvmi_4 _paragraph_xtcu6_10 layout-component text-serif-m layout-normal text-serif-m layout-padded\">\u2013 Jeg syns at han har f\u00e5tt en del spilletid med tanke p\u00e5 at han har v\u00e6rt s\u00e5 mye skadet. S\u00e5 m\u00e5 vi se n\u00e5r sesongen n\u00e5 starter og City skal v\u00e6re med i fire turneringer. Hvis han kan v\u00e6re blant de 16, 17, 18 der, s\u00e5 vil han i alle fall f\u00e5 en del spilletid, sier Solbakken.<\/p>\n<p class=\"_paragraph_1bvmi_4 _paragraph_xtcu6_10 layout-component text-serif-m layout-normal text-serif-m layout-padded\">\u2013 Jeg synes egentlig det har v\u00e6rt OK signaler. En som har v\u00e6rt s\u00e5 lenge borte, bruker alltid litt tid. Det vi s\u00e5 mot EstlandEstlandNorge m\u00f8tte Estland og Italia i starten av juni. Bobb kom inn som innbytter i begge kampene, som endte med seier til Norge. var et stykke fra der han b\u00f8r v\u00e6re, og det er nok mangelen p\u00e5 rytme n\u00e5r han har v\u00e6rt s\u00e5 lenge ute. Men han har v\u00e6rt skadefri og det er det viktigste.<\/p>\n<p class=\"_paragraph_1bvmi_4 _paragraph_xtcu6_10 layout-component text-serif-m layout-normal text-serif-m layout-padded\">Det har tidligere v\u00e6rt spekulasjoner om et mulig utl\u00e5n til andre klubber for Bobb, men Tj\u00e6rn\u00e5s er ikke sikker p\u00e5 om det er den beste l\u00f8sningen.<\/p>\n<p class=\"_paragraph_1bvmi_4 _paragraph_xtcu6_10 layout-component text-serif-m layout-normal text-serif-m layout-padded\">\u2013 Utl\u00e5n avhenger av hvem som er alternativet. Hvis for eksempel Dortmund er alternativ og kan \u00ablove\u00bb fast spilletid, er det verdt \u00e5 gj\u00f8re det om Pep er \u00e6rlig p\u00e5 at han er bak i k\u00f8en i City, sier Tj\u00e6rn\u00e5s.<\/p>\n<p class=\"_paragraph_1bvmi_4 _paragraph_xtcu6_10 layout-component text-serif-m layout-normal text-serif-m layout-padded\">Han tror imidlertid Guardiola \u00f8nsker \u00e5 ha med seg Bobb videre.<\/p>\n<p class=\"_paragraph_1bvmi_4 _paragraph_xtcu6_10 layout-component text-serif-m layout-normal text-serif-m layout-padded\">\u2013 Han har det som kreves for \u00e5 prestere p\u00e5 absolutt toppniv\u00e5, fastsl\u00e5r Tj\u00e6rn\u00e5s.<\/p>\n<p class=\"_paragraph_1bvmi_4 _paragraph_xtcu6_10 layout-component text-serif-m layout-normal text-serif-m layout-padded\">Solbakken sier han har tett kontakt med b\u00e5de Bobb og st\u00f8tteapparatet rundt ham i City om hvordan det g\u00e5r. <\/p>\n<p class=\"_paragraph_1bvmi_4 _paragraph_xtcu6_10 layout-component text-serif-m layout-normal text-serif-m layout-padded\">\u2013 De i City har vi full kontroll p\u00e5. Han har det bra. Han er offensiv i hodet, forteller landslagssjefen.<\/p>\n<p class=\"_paragraph_1bvmi_4 _paragraph_xtcu6_10 layout-component text-serif-m layout-normal text-serif-m layout-padded\">Solbakken har v\u00e6rt tilfreds med det han har sett n\u00e5r Bobb har f\u00e5tt v\u00e6re p\u00e5 banen i sommer.<\/p>\n<p class=\"_paragraph_1bvmi_4 _paragraph_xtcu6_10 layout-component text-serif-m layout-normal text-serif-m layout-padded\">\u2013 Jeg s\u00e5 at han har f\u00e5tt rykket tilbake. Han s\u00e5 fysisk fin ut og s\u00e5 ut som han har tatt noen steg fra sist vi s\u00e5 han. Det er positivt.<\/p>\n","protected":false},"excerpt":{"rendered":"Oscar Bobb (22) har f\u00e5tt sparsomt med spilletid i Manchester Citys sesongoppkj\u00f8ring. Foto: Hannah McKay \/ Reuters \/&hellip;\n","protected":false},"author":2,"featured_media":6083,"comment_status":"","ping_status":"","sticky":false,"template":"","format":"standard","meta":{"footnotes":""},"categories":[59],"tags":[671,30,28,29,1386,161,83,82,1387],"class_list":{"0":"post-6082","1":"post","2":"type-post","3":"status-publish","4":"format-standard","5":"has-post-thumbnail","7":"category-sport","8":"tag-manchester-city","9":"tag-no","10":"tag-norge","11":"tag-norway","12":"tag-oscar-bobb","13":"tag-premier-league","14":"tag-sport","15":"tag-sports","16":"tag-stale-solbakken"},"share_on_mastodon":{"url":"","error":""},"_links":{"self":[{"href":"https:\/\/www.europesays.com\/no\/wp-json\/wp\/v2\/posts\/6082","targetHints":{"allow":["GET"]}}],"collection":[{"href":"https:\/\/www.europesays.com\/no\/wp-json\/wp\/v2\/posts"}],"about":[{"href":"https:\/\/www.europesays.com\/no\/wp-json\/wp\/v2\/types\/post"}],"author":[{"embeddable":true,"href":"https:\/\/www.europesays.com\/no\/wp-json\/wp\/v2\/users\/2"}],"replies":[{"embeddable":true,"href":"https:\/\/www.europesays.com\/no\/wp-json\/wp\/v2\/comments?post=6082"}],"version-history":[{"count":0,"href":"https:\/\/www.europesays.com\/no\/wp-json\/wp\/v2\/posts\/6082\/revisions"}],"wp:featuredmedia":[{"embeddable":true,"href":"https:\/\/www.europesays.com\/no\/wp-json\/wp\/v2\/media\/6083"}],"wp:attachment":[{"href":"https:\/\/www.europesays.com\/no\/wp-json\/wp\/v2\/media?parent=6082"}],"wp:term":[{"taxonomy":"category","embeddable":true,"href":"https:\/\/www.europesays.com\/no\/wp-json\/wp\/v2\/categories?post=6082"},{"taxonomy":"post_tag","embeddable":true,"href":"https:\/\/www.europesays.com\/no\/wp-json\/wp\/v2\/tags?post=6082"}],"curies":[{"name":"wp","href":"https:\/\/api.w.org\/{rel}","templated":true}]}}