{"id":60839,"date":"2025-10-15T05:03:09","date_gmt":"2025-10-15T05:03:09","guid":{"rendered":"https:\/\/www.europesays.com\/no\/60839\/"},"modified":"2025-10-15T05:03:09","modified_gmt":"2025-10-15T05:03:09","slug":"tror-ikke-russland-vil-angripe-nato","status":"publish","type":"post","link":"https:\/\/www.europesays.com\/no\/60839\/","title":{"rendered":"\u2013 Tror ikke Russland vil angripe Nato"},"content":{"rendered":"\n<p class=\"_lead_o9xde_2 _lead_xtcu6_50 layout-component text-serif-m layout-normal text-serif-l layout-component layout-wide layout-padded _wide_17hqh_1 layout-padded\">Et stadig mer aggressivt Russland gir \u00f8kende uro i Europa og Nato. Men forsvarsminister Tore O. Sandvik (Ap) ser ikke noen umiddelbar fare for et russisk angrep.<\/p>\n<p><img alt=\"\u00d8kende uro i Europa danner et dystert bakteppe n\u00e5r forsvarsminister Tore O. Sandvik (Ap) og resten av Natos forsvarsministre m\u00f8tes i Brussel onsdag. Her \u00e5pner Sandvik en ny treningsbase for ukrainske soldater s\u00f8r\u00f8st i Polen.  Foto: Javad Parsa \/ NTB\" class=\"_image_qp4xg_65 layout-component layout-wide\" data-fullscreen- data-track-element-type=\"Article image fullscreen\" data-track-name=\"ImageFullscreen\" fetchpriority=\"high\" decoding=\"sync\" loading=\"eager\" height=\"3361\" itemprop=\"image\"  src=\"https:\/\/www.europesays.com\/no\/wp-content\/uploads\/2025\/10\/36c3af9d-bf9b-4b6e-8dca-0e4427f155ee\"  style=\"object-position:0% 0%\" width=\"5042\"\/>\u00d8kende uro i Europa danner et dystert bakteppe n\u00e5r forsvarsminister Tore O. Sandvik (Ap) og resten av Natos forsvarsministre m\u00f8tes i Brussel onsdag. Her \u00e5pner Sandvik en ny treningsbase for ukrainske soldater s\u00f8r\u00f8st i Polen.  Foto: Javad Parsa \/ NTB<\/p>\n<ul aria-hidden=\"true\" class=\"_images_1y6fe_106\">\n<li><a class=\"_link_1y6fe_111\" href=\"https:\/\/www.vg.no\/forfatter\/ntb\" style=\"z-index:2\" title=\"NTB\" rel=\"nofollow noopener\" target=\"_blank\"><img alt=\"Bilde av NTB\" class=\"_image_1y6fe_88\" fetchpriority=\"low\" loading=\"lazy\" decoding=\"async\" itemprop=\"image\"  src=\"https:\/\/www.europesays.com\/no\/wp-content\/uploads\/2025\/10\/1760504589_964_c33980b0-5d07-4027-84a1-813f90a7c8d6\"  width=\"480\"\/><\/a><\/li>\n<\/ul>\n<p> Oppdatert onsdag 15. oktober kl. 06:28     <\/p>\n<p class=\"_paragraph_o9xde_4 _paragraph_xtcu6_10 layout-component text-serif-m layout-normal text-serif-m layout-padded\">Onsdag samles Natos 32 forsvarsministre seg til dyst i Brussel, mot et m\u00f8rkt bakteppe: <\/p>\n<p class=\"_paragraph_o9xde_4 _paragraph_xtcu6_10 layout-component text-serif-m layout-normal text-serif-m layout-padded\">\u00d8kt droneaktivitet den siste tiden og flere russiske krenkelser av europeisk luftrom har satt europeiske land i h\u00f8yspenn.<\/p>\n<p class=\"_paragraph_o9xde_4 _paragraph_xtcu6_10 layout-component text-serif-m layout-normal text-serif-m layout-padded\">Flere, blant dem Tysklands etterretningssjef Martin J\u00e4ger, har advart om at det n\u00e5 er en isfront mellom Russland og EU som n\u00e5r som helst kan bryte ut i \u00abopphetede konfrontasjoner\u00bb.<\/p>\n<p class=\"_paragraph_o9xde_4 _paragraph_xtcu6_10 layout-component text-serif-m layout-normal text-serif-m layout-padded\">Den amerikanske tankesmia Institute for the Study of War (ISW) mener at Russland allerede har startet \u00e5 forberede seg p\u00e5 en mulig krig mot Nato.<\/p>\n<p class=\"_paragraph_o9xde_4 _paragraph_xtcu6_10 layout-component text-serif-m layout-normal text-serif-m layout-padded\"> I en fersk <a href=\"https:\/\/understandingwar.org\/research\/russia-ukraine\/russian-offensive-campaign-assessment-october-11-2025\/\" class=\"_link_o9xde_39\" rel=\"nofollow noopener\" target=\"_blank\">etterretningsrapport<\/a> peker ISW p\u00e5 at Russland har trappet opp produksjonen av stridsvogner for \u00e5 gjenoppbygge sine reserver, noe som if\u00f8lge ISW indikerer at \u00abRussland har til hensikt \u00e5 v\u00e6re en langsiktig milit\u00e6r trussel mot Nato\u00bb.<\/p>\n<p>\u2013 Mer enn nok med Ukraina<\/p>\n<p class=\"_paragraph_o9xde_4 _paragraph_xtcu6_10 layout-component text-serif-m layout-normal text-serif-m layout-padded\"><a href=\"https:\/\/www.vg.no\/tag\/tore-o-sandvik?utm_source=vg-article&amp;utm_medium=auto-tagger&amp;utm_campaign=qP2am0\" class=\"_link_o9xde_39\" rel=\"nofollow noopener\" target=\"_blank\">Tore O. Sandvik<\/a> mener derimot at det ikke foreligger noen umiddelbar fare for et russisk angrep. <\/p>\n<p class=\"_paragraph_o9xde_4 _paragraph_xtcu6_10 layout-component text-serif-m layout-normal text-serif-m layout-padded\">\u2013 Vi har god etterretning og f\u00f8lger n\u00f8ye med p\u00e5 hva som er intensjonene. V\u00e5r lesning er ikke at Russland forbereder seg p\u00e5 et angrep p\u00e5 Nato. Russland har mer enn nok med den krigf\u00f8ringen de allerede har i Ukraina, sier han. <\/p>\n<p class=\"_paragraph_o9xde_4 _paragraph_xtcu6_10 layout-component text-serif-m layout-normal text-serif-m layout-padded\">P\u00e5 en brifing tirsdag bekreftet en h\u00f8ytst\u00e5ende Nato-tjenesteperson at Nato-allierte, inkludert USA, n\u00e5 deler mer informasjon med hverandre raskere enn noen gang f\u00f8r.<\/p>\n<p class=\"_paragraph_o9xde_4 _paragraph_xtcu6_10 layout-component text-serif-m layout-normal text-serif-m layout-padded\">Sandvik peker blant annet p\u00e5 store russiske tap p\u00e5 slagmarken og en stadig mer frynsete russisk \u00f8konomi.<\/p>\n<p class=\"_paragraph_o9xde_4 _paragraph_xtcu6_10 layout-component text-serif-m layout-normal text-serif-m layout-padded\">\u2013 Men samtidig \u00f8ker faren for hybride trusler mot Vesten, framholder han. <\/p>\n<p>St\u00f8tten til Ukraina nesten halvert<\/p>\n<p class=\"_paragraph_o9xde_4 _paragraph_xtcu6_10 layout-component text-serif-m layout-normal text-serif-m layout-padded\">P\u00e5 Nato-m\u00f8tet topper Ukraina nok en gang dagsordenen.<\/p>\n<p class=\"_paragraph_o9xde_4 _paragraph_xtcu6_10 layout-component text-serif-m layout-normal text-serif-m layout-padded\">\u2013 Kampen for Europas sikkerhet er fortsatt ved frontlinjen i Ukraina. Vi m\u00e5 fortsette \u00e5 st\u00f8tte Ukraina. Samtidig m\u00e5 vi bygge opp kapasiteten i Europa, sier Sandvik til NTB.<\/p>\n<p class=\"_paragraph_o9xde_4 _paragraph_xtcu6_10 layout-component text-serif-m layout-normal text-serif-m layout-padded\"> En fersk <a href=\"https:\/\/www.kielinstitut.de\/publications\/news\/ukraine-support-tracker-military-aid-falls-sharply-despite-new-nato-initiative\/\" class=\"_link_o9xde_39\" rel=\"nofollow noopener\" target=\"_blank\">rapport<\/a> fra Kiel Institute viser imidlertid et kraftig fall p\u00e5 hele 43 prosent i den milit\u00e6re st\u00f8tten til Ukraina i juli og august. Ikke bare har den amerikanske st\u00f8tten bortfalt helt, ogs\u00e5 Europa har kuttet st\u00f8tten. <\/p>\n<p class=\"_paragraph_o9xde_4 _paragraph_xtcu6_10 layout-component text-serif-m layout-normal text-serif-m layout-padded\">Flere, blant dem statsminister Jonas Gahr St\u00f8re (Ap), har tatt til orde for at Trumps handlekraft for \u00e5 f\u00e5 slutt p\u00e5 krigen i Gaza m\u00e5 overf\u00f8res til Ukraina.<\/p>\n<p class=\"_paragraph_o9xde_4 _paragraph_xtcu6_10 layout-component text-serif-m layout-normal text-serif-m layout-padded\">Fredag skal Trump m\u00f8te Ukrainas president Volodymyr Zelenskyj i Washington for \u00e5 diskutere luftvern og mulige langtrekkende Tomahawk-missiler til Ukraina.<\/p>\n<p class=\"_paragraph_o9xde_4 _paragraph_xtcu6_10 layout-component text-serif-m layout-normal text-serif-m layout-padded\">If\u00f8lge Sandvik pr\u00f8ver de andre Nato-landene kontinuerlig \u00e5 p\u00e5virke USA til \u00e5 ta en mer aktiv rolle i Ukraina for \u00e5 tvinge Putin til forhandlingsbordet. <\/p>\n<p class=\"_paragraph_o9xde_4 _paragraph_xtcu6_10 layout-component text-serif-m layout-normal text-serif-m layout-padded\">\u2013 Vi vil fortsette \u00e5 ha tett dialog med USA for \u00e5 presse fram l\u00f8sninger ved forhandlingsbordet, sier han.<\/p>\n<p>Mer p\u00e5 b\u00f8lgelengde<\/p>\n<p class=\"_paragraph_o9xde_4 _paragraph_xtcu6_10 layout-component text-serif-m layout-normal text-serif-m layout-padded\">Derimot er landene i full gang med \u00e5 oppfylle Natos ferske 5-prosentm\u00e5l. Europa m\u00e5 vise at de holder sitt l\u00f8fte om \u00e5 ta mer ansvar for egen sikkerhet, for slik \u00e5 blidgj\u00f8re USA og Donald Trump.<\/p>\n<p class=\"_paragraph_o9xde_4 _paragraph_xtcu6_10 layout-component text-serif-m layout-normal text-serif-m layout-padded\">\u2013 Mitt inntrykk er at det er stort tempo. Penger settes av. Det tas grep knyttet til forsvarsindustrien. Der har jo Norge allerede tatt grep. Og vi ser det samme i en rekke andre Nato-land, sier Sandvik. <\/p>\n<p class=\"_paragraph_o9xde_4 _paragraph_xtcu6_10 layout-component text-serif-m layout-normal text-serif-m layout-padded\">\u2013 Og s\u00e5 jobber vi med \u00e5 f\u00e5 p\u00e5 plass enda strengere sanksjoner, og at USA blir med p\u00e5 dem. Men den viktigste m\u00e5ten \u00e5 f\u00e5 USA til \u00e5 ta en st\u00f8rre rolle p\u00e5 er at Europa viser at de tar st\u00f8rre ansvar, sl\u00e5r han fast. <\/p>\n<p class=\"_paragraph_o9xde_4 _paragraph_xtcu6_10 layout-component text-serif-m layout-normal text-serif-m layout-padded\">S\u00e5 langt ser strategien ut til \u00e5 ha virket. USA og Europa er n\u00e5 i st\u00f8rre grad p\u00e5 b\u00f8lgelengde n\u00e5r det gjelder \u00e5 se viktigheten av Nato og \u00e5 st\u00f8tte Ukraina, sa utenriksminister Espen Barth Eide (Ap) til NTB i forrige uke.<\/p>\n","protected":false},"excerpt":{"rendered":"Et stadig mer aggressivt Russland gir \u00f8kende uro i Europa og Nato. Men forsvarsminister Tore O. Sandvik (Ap)&hellip;\n","protected":false},"author":2,"featured_media":60840,"comment_status":"","ping_status":"","sticky":false,"template":"","format":"standard","meta":{"footnotes":""},"categories":[12],"tags":[20,21,24,25,15,22,23,233,13,30,28,29,14,16,26,27,1566,42,186,43,44,45],"class_list":{"0":"post-60839","1":"post","2":"type-post","3":"status-publish","4":"format-standard","5":"has-post-thumbnail","7":"category-verden","8":"tag-breaking-news","9":"tag-breakingnews","10":"tag-featured-news","11":"tag-featurednews","12":"tag-headlines","13":"tag-latest-news","14":"tag-latestnews","15":"tag-nato","16":"tag-news","17":"tag-no","18":"tag-norge","19":"tag-norway","20":"tag-nyheter","21":"tag-overskrifter","22":"tag-top-stories","23":"tag-topstories","24":"tag-tore-o-sandvik","25":"tag-verden","26":"tag-vladimir-putin","27":"tag-world","28":"tag-world-news","29":"tag-worldnews"},"share_on_mastodon":{"url":"","error":""},"_links":{"self":[{"href":"https:\/\/www.europesays.com\/no\/wp-json\/wp\/v2\/posts\/60839","targetHints":{"allow":["GET"]}}],"collection":[{"href":"https:\/\/www.europesays.com\/no\/wp-json\/wp\/v2\/posts"}],"about":[{"href":"https:\/\/www.europesays.com\/no\/wp-json\/wp\/v2\/types\/post"}],"author":[{"embeddable":true,"href":"https:\/\/www.europesays.com\/no\/wp-json\/wp\/v2\/users\/2"}],"replies":[{"embeddable":true,"href":"https:\/\/www.europesays.com\/no\/wp-json\/wp\/v2\/comments?post=60839"}],"version-history":[{"count":0,"href":"https:\/\/www.europesays.com\/no\/wp-json\/wp\/v2\/posts\/60839\/revisions"}],"wp:featuredmedia":[{"embeddable":true,"href":"https:\/\/www.europesays.com\/no\/wp-json\/wp\/v2\/media\/60840"}],"wp:attachment":[{"href":"https:\/\/www.europesays.com\/no\/wp-json\/wp\/v2\/media?parent=60839"}],"wp:term":[{"taxonomy":"category","embeddable":true,"href":"https:\/\/www.europesays.com\/no\/wp-json\/wp\/v2\/categories?post=60839"},{"taxonomy":"post_tag","embeddable":true,"href":"https:\/\/www.europesays.com\/no\/wp-json\/wp\/v2\/tags?post=60839"}],"curies":[{"name":"wp","href":"https:\/\/api.w.org\/{rel}","templated":true}]}}