{"id":60999,"date":"2025-10-15T09:15:11","date_gmt":"2025-10-15T09:15:11","guid":{"rendered":"https:\/\/www.europesays.com\/no\/60999\/"},"modified":"2025-10-15T09:15:11","modified_gmt":"2025-10-15T09:15:11","slug":"pierpaolo-piccioli-roper-detaljer-om-hertuginne-meghan","status":"publish","type":"post","link":"https:\/\/www.europesays.com\/no\/60999\/","title":{"rendered":"Pierpaolo Piccioli r\u00f8per detaljer om hertuginne Meghan:"},"content":{"rendered":"<p class=\"kicker \" style=\"\">Hertuginne Meghan:\u00a0<\/p>\n<p>  Luksusmerkets nye designer avsl\u00f8rer \u00absannheten\u00bb bak hertuginnens opptreden i Paris.\u00a0<\/p>\n<p>\n    VEKKER OPPSIKT: Hertuginne Meghan overrasket da hun plutselig dukket opp i Frankrike i starten av oktober. Foto: NTB\n  <\/p>\n<p>I starten av oktober dukket <a href=\"https:\/\/www.seher.no\/kongelig\/deler-private-bilder-med-datteren\/83713640\" rel=\"nofollow noopener\" target=\"_blank\">hertuginne Meghan (44)<\/a> opp under moteuka i Paris. 44-\u00e5ringen var p\u00e5 plass under showet til luksusmerket Balenciaga.\u00a0<\/p>\n<p>    <a itemprop=\"url\" href=\"https:\/\/www.seher.no\/kongelig\/deler-private-bilder-med-datteren\/83713640\" rel=\"nofollow noopener\" target=\"_blank\"><\/p>\n<p>      <img loading=\"lazy\" decoding=\"async\" src=\"https:\/\/www.europesays.com\/no\/wp-content\/uploads\/2025\/10\/1760519710_536_83713762.webp\" width=\"980\" height=\"441\" title=\"Deler private bilder med datteren\" alt=\"\" class=\"lazyload\" style=\"--aspect-ratio-image: 2.22; \"\/><\/p>\n<p>        Deler private bilder med datteren<\/p>\n<p>    <\/a><\/p>\n<p> En talsperson bekreftet at Meghan var til stede for \u00e5 st\u00f8tte motehusets nye kreative direkt\u00f8r Pierpaolo Piccioli (58), if\u00f8lge\u00a0<a href=\"https:\/\/www.bbc.com\/news\/articles\/c1471r6e27jo\" rel=\"nofollow noopener\" target=\"_blank\">BBC<\/a>. <\/p>\n<p class=\"font-weight-bold m-font-weight-bold\" data-lab-font_weight=\"font-weight-bold\">N\u00e5 avsl\u00f8rer Piccioli at hertuginnen inviterte seg selv til moteuka.\u00a0<\/p>\n<p>        MEGHAN MARKLE: Stemningen var til \u00e5 ta og f\u00f8le p\u00e5 da hertuginne Meghan Markle og designer Pierpaolo Piccioli m\u00f8ttes etter en Balenciaga-visning under moteuka i Paris. Reporter: Trond Markus Gravdal. Video: Tiktok<\/p>\n<p>&#8211; Meghan og jeg m\u00f8ttes for noen \u00e5r siden, og vi har siden den gang sendt hverandre tekstmeldinger, forklarer han til magasinet <a href=\"https:\/\/www.thecut.com\/article\/pierpaolo-piccioli-on-meghan-markle-and-balenciaga-debut.html\" rel=\"nofollow noopener\" target=\"_blank\">The Cut<\/a> og legger til:\u00a0<\/p>\n<p class=\"font-weight-bold m-font-weight-bold\" data-lab-font_weight=\"font-weight-bold\">&#8211; Hun tok kontakt og sa at hun gjerne ville komme p\u00e5 showet. Det var ingen strategi eller stor orkestrering. Jeg fortalte ikke til noen at hun kom, fordi jeg ville at det skulle forbli en overraskelse.<\/p>\n<p>          <img loading=\"lazy\" decoding=\"async\" src=\"https:\/\/www.europesays.com\/no\/wp-content\/uploads\/2025\/10\/83721157.webp\" width=\"686\" height=\"1002\" title=\"AVSL\u00d8RER: Hertuginne Meghan skal ha invitert seg selv til showet, if\u00f8lge Balenciagas Pierpaolo Piccioli. Foto: Aissaoui Nacer \/ SplashNews\/NTB\" alt=\"\" class=\"\" style=\"--aspect-ratio-image: 0.68; \"\/><\/p>\n<p>\n          AVSL\u00d8RER: Hertuginne Meghan skal ha invitert seg selv til showet, if\u00f8lge Balenciagas Pierpaolo Piccioli. Foto: Aissaoui Nacer \/ SplashNews\/NTB\n      <\/p>\n<p>Designeren bemerket videre at \u00abekte overraskelser er sjeldne i motebransjen, og at denne var vakker\u00bb.<\/p>\n<p>          <img loading=\"lazy\" decoding=\"async\" src=\"https:\/\/www.europesays.com\/no\/wp-content\/uploads\/2025\/10\/83721454.webp\" width=\"686\" height=\"693\" title=\"DESIGNER: Pierpaolo Piccioli er kreativ leder for motehuset Balenciaga. Foto: Marechal Aurore\/ABACA\/Shutterstock\/NTB\" alt=\"\" class=\"\" style=\"--aspect-ratio-image: 0.99; \"\/><\/p>\n<p>\n          DESIGNER: Pierpaolo Piccioli er kreativ leder for motehuset Balenciaga. Foto: Marechal Aurore\/ABACA\/Shutterstock\/NTB\n      <\/p>\n<p> Dette var f\u00f8rste gang hertuginnen var p\u00e5 plass under moteuka i Paris, if\u00f8lge <a href=\"https:\/\/www.tmz.com\/2025\/10\/04\/meghan-markle-paris-fashion-week-debut\/\" rel=\"nofollow noopener\" target=\"_blank\">TMZ<\/a>. Hun dukket opp i den franske hovedstaden alene, uten ektemannen prins Harry (41) ved sin side.\u00a0<\/p>\n<p>        KRITIKK: Hertuginne Meghans nye serie \u00abWith Love, Meghan\u00bb slaktes av b\u00e5de anmeldere og publikum etter premieren. Video: Netflix \/ Sanne Holt<\/p>\n<p>44-\u00e5ringen ankom showet if\u00f8rt en hvit cape over en matchende skjorte. Seinere p\u00e5 kvelden ble hun fotografert mens hun hadde p\u00e5 seg en lang, svart kjole.\u00a0<\/p>\n","protected":false},"excerpt":{"rendered":"Hertuginne Meghan:\u00a0 Luksusmerkets nye designer avsl\u00f8rer \u00absannheten\u00bb bak hertuginnens opptreden i Paris.\u00a0 VEKKER OPPSIKT: Hertuginne Meghan overrasket da&hellip;\n","protected":false},"author":2,"featured_media":61000,"comment_status":"","ping_status":"","sticky":false,"template":"","format":"standard","meta":{"footnotes":""},"categories":[58],"tags":[8172,71,1299,2543,76,30,28,29,8169,72],"class_list":{"0":"post-60999","1":"post","2":"type-post","3":"status-publish","4":"format-standard","5":"has-post-thumbnail","7":"category-underholdning","8":"tag-balenciaga","9":"tag-entertainment","10":"tag-hertuginne-meghan","11":"tag-kjendisdesken","12":"tag-kongelig","13":"tag-no","14":"tag-norge","15":"tag-norway","16":"tag-pierpaolo-piccioli","17":"tag-underholdning"},"share_on_mastodon":{"url":"","error":""},"_links":{"self":[{"href":"https:\/\/www.europesays.com\/no\/wp-json\/wp\/v2\/posts\/60999","targetHints":{"allow":["GET"]}}],"collection":[{"href":"https:\/\/www.europesays.com\/no\/wp-json\/wp\/v2\/posts"}],"about":[{"href":"https:\/\/www.europesays.com\/no\/wp-json\/wp\/v2\/types\/post"}],"author":[{"embeddable":true,"href":"https:\/\/www.europesays.com\/no\/wp-json\/wp\/v2\/users\/2"}],"replies":[{"embeddable":true,"href":"https:\/\/www.europesays.com\/no\/wp-json\/wp\/v2\/comments?post=60999"}],"version-history":[{"count":0,"href":"https:\/\/www.europesays.com\/no\/wp-json\/wp\/v2\/posts\/60999\/revisions"}],"wp:featuredmedia":[{"embeddable":true,"href":"https:\/\/www.europesays.com\/no\/wp-json\/wp\/v2\/media\/61000"}],"wp:attachment":[{"href":"https:\/\/www.europesays.com\/no\/wp-json\/wp\/v2\/media?parent=60999"}],"wp:term":[{"taxonomy":"category","embeddable":true,"href":"https:\/\/www.europesays.com\/no\/wp-json\/wp\/v2\/categories?post=60999"},{"taxonomy":"post_tag","embeddable":true,"href":"https:\/\/www.europesays.com\/no\/wp-json\/wp\/v2\/tags?post=60999"}],"curies":[{"name":"wp","href":"https:\/\/api.w.org\/{rel}","templated":true}]}}