{"id":61026,"date":"2025-10-15T09:41:50","date_gmt":"2025-10-15T09:41:50","guid":{"rendered":"https:\/\/www.europesays.com\/no\/61026\/"},"modified":"2025-10-15T09:41:50","modified_gmt":"2025-10-15T09:41:50","slug":"russiske-angrep-lammer-kharkiv-zelenskyj-drar-til-usa-for-krisemote","status":"publish","type":"post","link":"https:\/\/www.europesays.com\/no\/61026\/","title":{"rendered":"Russiske angrep lammer Kharkiv \u2013 Zelenskyj drar til USA for krisem\u00f8te"},"content":{"rendered":"<p><strong>Russiske styrker angrep mandag Ukrainas nest st\u00f8rste by, Kharkiv, med presisjonsstyrte bomber, noe som f\u00f8rte til str\u00f8mbrudd for rundt 30 000 kunder i tre bydeler, skriver <a href=\"https:\/\/www.reuters.com\/world\/europe\/russian-attack-ukraines-kharkiv-cuts-power-30000-officials-say-2025-10-13\/\" rel=\"nofollow noopener\" target=\"_blank\">Reuters<\/a>.<\/strong><\/p>\n<p>Tre bydeler i Kharkiv ble rammet i det russiske bombeangrepet, opplyser regionguvern\u00f8r Oleh Synjehubov. Ordf\u00f8rer Ihor Terekhov sier at bombene traff et sykehus og kraftlinjer, og at fire personer ble skadet.<\/p>\n<p>Samtidig st\u00e5r Ukraina overfor nye utfordringer i luftforsvaret som f\u00f8lge av h\u00f8stv\u00e6ret.<\/p>\n<p>The Kyiv Independent <a href=\"https:\/\/kyivindependent.com\/ukraines-autumn-rains-help-shahed-type-drones-evade-ukrainian-air-defense\/\" rel=\"nofollow noopener\" target=\"_blank\">skriver<\/a> at regn og lavt skydekke gj\u00f8r det vanskeligere \u00e5 oppdage og skyte ned russiske Shahed-droner, og at effektiviteten i luftforsvaret har falt med opptil 30 prosent.<\/p>\n<p>\u00abEn kikkert i regn og sn\u00f8 ser kanskje bare 100\u2013200 meter,\u00bb sa Oleksiy, som leder mobile luftverngrupper i Kyiv-regionen. D\u00e5rlig sikt og mangel p\u00e5 ammunisjon til systemer som S-300, Gepard og Patriot svekker landets evne til \u00e5 stanse angrepene.<\/p>\n<p>President Volodymyr Zelenskyj bekreftet mandag at han denne uken skal m\u00f8te president Donald Trump i Washington, if\u00f8lge The Kyiv Independent. M\u00f8tet, som er planlagt til fredag, skal f\u00f8lge opp to telefonsamtaler mellom lederne om Ukrainas luftforsvar og behov for langtrekkende v\u00e5pen.<\/p>\n<p>\u00abSamtalene var ikke nok til \u00e5 dekke alle temaene,\u00bb sa Zelenskyj under en pressekonferanse sammen med EUs utenrikssjef Kaja Kallas.<\/p>\n<p>If\u00f8lge avisen skal Zelenskyj foresl\u00e5 en rekke tiltak som del av en planlagt \u00abMega-avtale\u00bb mellom Kyiv og Washington. En ukrainsk delegasjon ledet av statsminister Yuliia Svyrydenko er allerede p\u00e5 vei til USA for \u00e5 forhandle om flere luftvernsystemer og HIMARS-raketter, samtidig som de russiske angrepene mot energiinfrastruktur og sivile m\u00e5l fortsetter \u00e5 intensiveres.<\/p>\n","protected":false},"excerpt":{"rendered":"Russiske styrker angrep mandag Ukrainas nest st\u00f8rste by, Kharkiv, med presisjonsstyrte bomber, noe som f\u00f8rte til str\u00f8mbrudd for&hellip;\n","protected":false},"author":2,"featured_media":61027,"comment_status":"","ping_status":"","sticky":false,"template":"","format":"standard","meta":{"footnotes":""},"categories":[12],"tags":[20,21,24,25,15,179,22,23,13,30,28,29,14,16,188,26,27,766,50,42,43,44,45,6495],"class_list":{"0":"post-61026","1":"post","2":"type-post","3":"status-publish","4":"format-standard","5":"has-post-thumbnail","7":"category-verden","8":"tag-breaking-news","9":"tag-breakingnews","10":"tag-featured-news","11":"tag-featurednews","12":"tag-headlines","13":"tag-krigen-i-ukraina","14":"tag-latest-news","15":"tag-latestnews","16":"tag-news","17":"tag-no","18":"tag-norge","19":"tag-norway","20":"tag-nyheter","21":"tag-overskrifter","22":"tag-russland","23":"tag-top-stories","24":"tag-topstories","25":"tag-trump","26":"tag-usa","27":"tag-verden","28":"tag-world","29":"tag-world-news","30":"tag-worldnews","31":"tag-zelenskyj"},"share_on_mastodon":{"url":"","error":""},"_links":{"self":[{"href":"https:\/\/www.europesays.com\/no\/wp-json\/wp\/v2\/posts\/61026","targetHints":{"allow":["GET"]}}],"collection":[{"href":"https:\/\/www.europesays.com\/no\/wp-json\/wp\/v2\/posts"}],"about":[{"href":"https:\/\/www.europesays.com\/no\/wp-json\/wp\/v2\/types\/post"}],"author":[{"embeddable":true,"href":"https:\/\/www.europesays.com\/no\/wp-json\/wp\/v2\/users\/2"}],"replies":[{"embeddable":true,"href":"https:\/\/www.europesays.com\/no\/wp-json\/wp\/v2\/comments?post=61026"}],"version-history":[{"count":0,"href":"https:\/\/www.europesays.com\/no\/wp-json\/wp\/v2\/posts\/61026\/revisions"}],"wp:featuredmedia":[{"embeddable":true,"href":"https:\/\/www.europesays.com\/no\/wp-json\/wp\/v2\/media\/61027"}],"wp:attachment":[{"href":"https:\/\/www.europesays.com\/no\/wp-json\/wp\/v2\/media?parent=61026"}],"wp:term":[{"taxonomy":"category","embeddable":true,"href":"https:\/\/www.europesays.com\/no\/wp-json\/wp\/v2\/categories?post=61026"},{"taxonomy":"post_tag","embeddable":true,"href":"https:\/\/www.europesays.com\/no\/wp-json\/wp\/v2\/tags?post=61026"}],"curies":[{"name":"wp","href":"https:\/\/api.w.org\/{rel}","templated":true}]}}