{"id":61051,"date":"2025-10-15T10:19:08","date_gmt":"2025-10-15T10:19:08","guid":{"rendered":"https:\/\/www.europesays.com\/no\/61051\/"},"modified":"2025-10-15T10:19:08","modified_gmt":"2025-10-15T10:19:08","slug":"trafikk-e6-sender-farevarsel","status":"publish","type":"post","link":"https:\/\/www.europesays.com\/no\/61051\/","title":{"rendered":"Trafikk, E6 | Sender farevarsel"},"content":{"rendered":"\n<p>\u2013 Vegene kan bli stengt.<\/p>\n<p>Fra torsdag morgen m\u00e5 du v\u00e6re ekstra obs dersom du skal kj\u00f8re nord- og vestover i Gudbrandsdalen. Meteorologene har onsdag nemlig sendt ut et gult farevarsel, p\u00e5 grunn av at det ventes sn\u00f8 b\u00e5de over Strynefjellet og p\u00e5 E136 mot Bjorli og vestover.<\/p>\n<p>\u2013 Det er venta 10-25 centimeter sn\u00f8, melder meteorologene.<\/p>\n<p>I varselet skriver de at sn\u00f8fokk i fjellet kan gi redusert sikt og mulighet for kolonnekj\u00f8ring eller stengte veger. Varselet gjelder hele torsdag.<\/p>\n<p>Verst blir det over 500 meter i Nordfjord og Midt-Norge, men fjellovergangene i Gudbrandsdalen ventes ogs\u00e5 \u00e5 f\u00e5 sn\u00f8v\u00e6r fra torsdag morgen. Selv om det ikke er sendt farevarsel for Dovrefjell, er det ogs\u00e5 der meldt sn\u00f8v\u00e6r.<\/p>\n<p>\u2013 Bruk riktige dekk og sjekk v\u00e6r og f\u00f8reforhold f\u00f8r du legger ut p\u00e5 tur!<\/p>\n<p>Varselet gjelder fram til fredag morgen klokka 08.00.<\/p>\n<p>\u2013 Da minker faren, heter det i varselet.<\/p>\n","protected":false},"excerpt":{"rendered":"\u2013 Vegene kan bli stengt. Fra torsdag morgen m\u00e5 du v\u00e6re ekstra obs dersom du skal kj\u00f8re nord-&hellip;\n","protected":false},"author":2,"featured_media":61052,"comment_status":"","ping_status":"","sticky":false,"template":"","format":"standard","meta":{"footnotes":""},"categories":[10],"tags":[36,20,21,1434,834,24,25,15,22,23,1433,1431,13,30,28,29,14,16,1432,1510,26,27,224],"class_list":{"0":"post-61051","1":"post","2":"type-post","3":"status-publish","4":"format-standard","5":"has-post-thumbnail","7":"category-norge","8":"tag-art","9":"tag-breaking-news","10":"tag-breakingnews","11":"tag-dovre","12":"tag-e6","13":"tag-featured-news","14":"tag-featurednews","15":"tag-headlines","16":"tag-latest-news","17":"tag-latestnews","18":"tag-lesja","19":"tag-lom","20":"tag-news","21":"tag-no","22":"tag-norge","23":"tag-norway","24":"tag-nyheter","25":"tag-overskrifter","26":"tag-skjak","27":"tag-story","28":"tag-top-stories","29":"tag-topstories","30":"tag-trafikk"},"share_on_mastodon":{"url":"","error":""},"_links":{"self":[{"href":"https:\/\/www.europesays.com\/no\/wp-json\/wp\/v2\/posts\/61051","targetHints":{"allow":["GET"]}}],"collection":[{"href":"https:\/\/www.europesays.com\/no\/wp-json\/wp\/v2\/posts"}],"about":[{"href":"https:\/\/www.europesays.com\/no\/wp-json\/wp\/v2\/types\/post"}],"author":[{"embeddable":true,"href":"https:\/\/www.europesays.com\/no\/wp-json\/wp\/v2\/users\/2"}],"replies":[{"embeddable":true,"href":"https:\/\/www.europesays.com\/no\/wp-json\/wp\/v2\/comments?post=61051"}],"version-history":[{"count":0,"href":"https:\/\/www.europesays.com\/no\/wp-json\/wp\/v2\/posts\/61051\/revisions"}],"wp:featuredmedia":[{"embeddable":true,"href":"https:\/\/www.europesays.com\/no\/wp-json\/wp\/v2\/media\/61052"}],"wp:attachment":[{"href":"https:\/\/www.europesays.com\/no\/wp-json\/wp\/v2\/media?parent=61051"}],"wp:term":[{"taxonomy":"category","embeddable":true,"href":"https:\/\/www.europesays.com\/no\/wp-json\/wp\/v2\/categories?post=61051"},{"taxonomy":"post_tag","embeddable":true,"href":"https:\/\/www.europesays.com\/no\/wp-json\/wp\/v2\/tags?post=61051"}],"curies":[{"name":"wp","href":"https:\/\/api.w.org\/{rel}","templated":true}]}}