{"id":61081,"date":"2025-10-15T10:57:14","date_gmt":"2025-10-15T10:57:14","guid":{"rendered":"https:\/\/www.europesays.com\/no\/61081\/"},"modified":"2025-10-15T10:57:14","modified_gmt":"2025-10-15T10:57:14","slug":"superstjerner-og-barna-i-sorg-over-dangelos-dod","status":"publish","type":"post","link":"https:\/\/www.europesays.com\/no\/61081\/","title":{"rendered":"Superstjerner og barna i sorg over D\u2019Angelos d\u00f8d"},"content":{"rendered":"\n<ul class=\"_list_o9xde_3 _list_64s2r_85 _unordered_o9xde_106 text-sans-m\">\n<li class=\"_item_o9xde_30\">Den anerkjente soulartisten D\u2019Angelo d\u00f8de av kreft tirsdag, 51 \u00e5r gammel.<\/li>\n<li class=\"_item_o9xde_30\">Artistens barn s\u00f8rger, den eldste etter \u00e5 ha mistet begge foreldrene i \u00e5r.<\/li>\n<li class=\"_item_o9xde_30\">Beyonce, Lauryn Hill og Missy Elliott er blant artistene som hyller D\u2019Angelo for hans innflytelse p\u00e5 musikk og svart mannsidentitet.<\/li>\n<li class=\"_item_o9xde_30\">Tyler, The Creator beskriver ham som et musikalsk geni.<\/li>\n<\/ul>\n<p>Vis mer <\/p>\n<p class=\"_paragraph_o9xde_4 _paragraph_xtcu6_10 layout-component text-serif-m layout-normal text-serif-m layout-padded\">Den anerkjente soulartisten <a href=\"https:\/\/www.vg.no\/rampelys\/i\/jQ6EB0\/d-angelo-er-doed\" data-track-element-type=\"Link\" data-track-id=\"link:jQ6EB0\" class=\"_link_o9xde_39\" rel=\"nofollow noopener\" target=\"_blank\">d\u00f8de tirsdag<\/a>, av bukspyttkjertelkreft, 51 \u00e5r gammel.<\/p>\n<p class=\"_paragraph_o9xde_4 _paragraph_xtcu6_10 layout-component text-serif-m layout-normal text-serif-m layout-padded\">\u00abDen skinnende stjernen i v\u00e5r familie har slukket sitt lys for oss i dette livet\u00bb, sier familien i en pressemelding.<\/p>\n<p class=\"_paragraph_o9xde_4 _paragraph_xtcu6_10 layout-component text-serif-m layout-normal text-serif-m layout-padded\">\u00abEtter en langvarig og tapper kamp mot kreft er vi dypt bedr\u00f8vet over \u00e5 m\u00e5tte kunngj\u00f8re at Michael D\u2019Angelo Archer, kjent for sine fans over hele verden som D\u2019Angelo, har blitt kalt hjem.\u00bb<\/p>\n<p class=\"_paragraph_o9xde_4 _paragraph_xtcu6_10 layout-component text-serif-m layout-normal text-serif-m layout-padded\">Artisten hadde tre barn. Den eldste s\u00f8nnen Michael Archer II (27), er n\u00e5 blitt foreldrel\u00f8s i l\u00f8pet av syv og en halv m\u00e5ned. <\/p>\n<p class=\"_paragraph_o9xde_4 _paragraph_xtcu6_10 layout-component text-serif-m layout-normal text-serif-m layout-padded\">Hans mor Angie Stone, ogs\u00e5 en hyllet artist, d\u00f8de i en bilulykke 1. mars. Hun var 63.<\/p>\n<p class=\"_paragraph_o9xde_4 _paragraph_xtcu6_10 layout-component text-serif-m layout-normal text-serif-m layout-padded\">\u2013 Jeg er takknemlig for deres tanker og b\u00f8nner i denne sv\u00e6rt vanskelige tiden, for det har v\u00e6rt et t\u00f8ft og trist \u00e5r for meg, sier s\u00f8nnen til sine fans via en uttalelse til <a href=\"https:\/\/people.com\/dangelo-son-michael-archer-ii-breaks-silence-singers-death-11829673\" class=\"_link_o9xde_39\" rel=\"nofollow noopener\" target=\"_blank\">People<\/a>.<\/p>\n<p><img alt=\"Angie Stone, her i 2018.  Foto: LEAH MILLIS \/ Reuters \/ NTB\" class=\"_image_qp4xg_65 layout-component layout-normal\" data-fullscreen- data-track-element-type=\"Article image fullscreen\" data-track-name=\"ImageFullscreen\" decoding=\"async\" loading=\"lazy\" height=\"3456\" itemprop=\"image\"  src=\"https:\/\/www.europesays.com\/no\/wp-content\/uploads\/2025\/10\/afc86bce-8d18-4018-9226-a80ff9236005\"  style=\"object-position:0% 0%\" width=\"5184\"\/>Angie Stone, her i 2018.  Foto: LEAH MILLIS \/ Reuters \/ NTB<\/p>\n<p class=\"_paragraph_o9xde_4 _paragraph_xtcu6_10 layout-component text-serif-m layout-normal text-serif-m layout-padded\">\u2013 Jeg ber dere om \u00e5 fortsette \u00e5 ha meg i tankene, for dette vil ikke bli lett. Men \u00e9n ting begge foreldrene mine l\u00e6rte meg, var \u00e5 v\u00e6re sterk \u2013 og det har jeg tenkt \u00e5 v\u00e6re.<\/p>\n<p><img alt=\"Foto: Skjermdump fra Imani Archer\/Instagram\" class=\"_image_qp4xg_65 layout-component layout-normal\" data-fullscreen- data-track-element-type=\"Article image fullscreen\" data-track-name=\"ImageFullscreen\" decoding=\"async\" loading=\"lazy\" height=\"1002\" itemprop=\"image\"  src=\"https:\/\/www.europesays.com\/no\/wp-content\/uploads\/2025\/10\/d2d48b62-37f9-4991-bf8a-f4dd71b84a5f\"  style=\"object-position:0% 0%\" width=\"665\"\/>Foto: Skjermdump fra Imani Archer\/Instagram<\/p>\n<p class=\"_paragraph_o9xde_4 _paragraph_xtcu6_10 layout-component text-serif-m layout-normal text-serif-m layout-padded\">Datteren Imani Archer (26) hyller faren med et bilde av henne og ham sammen, p\u00e5 sin Instagram-story.<\/p>\n<p> \u2013 Enest\u00e5ende<\/p>\n<p class=\"_paragraph_o9xde_4 _paragraph_xtcu6_10 layout-component text-serif-m layout-normal text-serif-m layout-padded\">D\u2019Angelo rakk bare \u00e5 gi ut tre album fra midten av nittitallet og frem til sin d\u00f8d.<\/p>\n<p><img alt=\"D\u2019Angelo p\u00e5 Quartfestivalen i Kristiansand i juli 2000.  Foto: Heiko Junge \/ NTB\" class=\"_image_qp4xg_65 layout-component layout-normal\" data-fullscreen- data-track-element-type=\"Article image fullscreen\" data-track-name=\"ImageFullscreen\" decoding=\"async\" loading=\"lazy\" height=\"2300\" itemprop=\"image\"  src=\"https:\/\/www.europesays.com\/no\/wp-content\/uploads\/2025\/10\/54ab0f9f-c9a6-4796-a2bd-8739c8dffc0b\"  style=\"object-position:0% 0%\" width=\"1488\"\/>D\u2019Angelo p\u00e5 Quartfestivalen i Kristiansand i juli 2000.  Foto: Heiko Junge \/ NTB<\/p>\n<p class=\"_paragraph_o9xde_4 _paragraph_xtcu6_10 layout-component text-serif-m layout-normal text-serif-m layout-padded\">Disse, is\u00e6r andrealbumet \u00abVoodoo\u00bb (2000), var imidlertid mer enn nok til \u00e5 sikre artisten legendestatus som en fornyer av soulmusikken.<\/p>\n<p class=\"_paragraph_o9xde_4 _paragraph_xtcu6_10 layout-component text-serif-m layout-normal text-serif-m layout-padded\">Det reflekteres i hyllestene som n\u00e5 kommer fra artistkolleger.<\/p>\n<p><img alt=\"Foto: Chris Pizzello \/ AP \/ NTB\" class=\"_image_qp4xg_65 layout-component layout-normal\" data-fullscreen- data-track-element-type=\"Article image fullscreen\" data-track-name=\"ImageFullscreen\" decoding=\"async\" loading=\"lazy\" height=\"1523\" itemprop=\"image\"  src=\"https:\/\/www.europesays.com\/no\/wp-content\/uploads\/2025\/10\/02add00f-f0ac-4a03-b4bb-07e0c49ab3ce\"  style=\"object-position:0% 0%\" width=\"2040\"\/>Foto: Chris Pizzello \/ AP \/ NTB<\/p>\n<p class=\"_paragraph_o9xde_4 _paragraph_xtcu6_10 layout-component text-serif-m layout-normal text-serif-m layout-padded\">\u2013 Hvil i fred, enest\u00e5ende D\u2019Angelo, skriver den vanligvis lite taletrengte <a href=\"https:\/\/www.vg.no\/tag\/beyonce?utm_source=vg-article&amp;utm_medium=auto-tagger&amp;utm_campaign=KMOgb7\" class=\"_link_o9xde_39\" rel=\"nofollow noopener\" target=\"_blank\">Beyonc\u00e9<\/a> (44) p\u00e5 sin <a href=\"https:\/\/beyonce.com\/\" class=\"_link_o9xde_39\" rel=\"nofollow noopener\" target=\"_blank\">hjemmeside<\/a>.<\/p>\n<p class=\"_paragraph_o9xde_4 _paragraph_xtcu6_10 layout-component text-serif-m layout-normal text-serif-m layout-padded\">\u2013 Du var pioneren i neo-soul, og det endret og forvandlet rhythm &amp; blues for alltid. Vi vil aldri glemme deg.<\/p>\n<p class=\"_paragraph_o9xde_4 _paragraph_xtcu6_10 layout-component text-serif-m layout-normal text-serif-m layout-padded\">\u2013 Jeg angrer p\u00e5 at jeg ikke fikk mer tid sammen med deg. Din ubestridelige skj\u00f8nnhet og ditt talent var ikke av denne verden, skriver Lauryn Hill (50) p\u00e5 <a href=\"https:\/\/x.com\/MsLaurynHill\/status\/1978248174734299378\" class=\"_link_o9xde_39\" rel=\"nofollow\">X<\/a>.<\/p>\n<p class=\"_paragraph_o9xde_4 _paragraph_xtcu6_10 layout-component text-serif-m layout-normal text-serif-m layout-padded\">Stjernen fra The Fugees hyller ikke bare D\u2019Angelo for hans kunstneriske bidrag. Hun adresserer ogs\u00e5 hans forbildefunksjon og tr\u00f8blete forhold til musikkbransjen.<\/p>\n<p><img alt=\"Lauryn Hill.  Foto: ANGELA WEISS \/ AFP \/ NTB\" class=\"_image_qp4xg_65 layout-component layout-normal\" data-fullscreen- data-track-element-type=\"Article image fullscreen\" data-track-name=\"ImageFullscreen\" decoding=\"async\" loading=\"lazy\" height=\"3312\" itemprop=\"image\"  src=\"https:\/\/www.europesays.com\/no\/wp-content\/uploads\/2025\/10\/0dd2dcbb-b6c1-474c-b741-d86234fe3cf7\"  style=\"object-position:0% 0%\" width=\"4968\"\/>Lauryn Hill.  Foto: ANGELA WEISS \/ AFP \/ NTB<\/p>\n<p class=\"_paragraph_o9xde_4 _paragraph_xtcu6_10 layout-component text-serif-m layout-normal text-serif-m layout-padded\">\u2013 Du viste en forening av styrke og f\u00f8lsomhet i svart mannsidentitet til en generasjon som bare s\u00e5 seg selv som det ene eller det andre. Det er mitt inderlige h\u00e5p at du n\u00e5 har fred \u2013 langt borte fra egoisme, frykt og kontrollerende krefter. Langt fra begj\u00e6r, gr\u00e5dighet, manipulasjon, utnyttelse og bevisst skapt kaos, fortsetter hun.<\/p>\n<p class=\"_paragraph_o9xde_4 _paragraph_xtcu6_10 layout-component text-serif-m layout-normal text-serif-m layout-padded\">\u2013 Jeg elsker deg, og jeg savner deg.<\/p>\n<p><img alt=\"Missy Elliott.  Foto: Chris Kleponis \/ POOL \/ EPA \/ NTB\" class=\"_image_qp4xg_65 layout-component layout-normal\" data-fullscreen- data-track-element-type=\"Article image fullscreen\" data-track-name=\"ImageFullscreen\" decoding=\"async\" loading=\"lazy\" height=\"4031\" itemprop=\"image\"  src=\"https:\/\/www.europesays.com\/no\/wp-content\/uploads\/2025\/10\/32098c2d-9837-428f-a23b-a0a565de424f\"  style=\"object-position:0% 0%\" width=\"6046\"\/>Missy Elliott.  Foto: Chris Kleponis \/ POOL \/ EPA \/ NTB<\/p>\n<p class=\"_paragraph_o9xde_4 _paragraph_xtcu6_10 layout-component text-serif-m layout-normal text-serif-m layout-padded\">\u2013 Hvil i fred, D\u2019Angelo, melder raplegenden Missy Elliott (54) p\u00e5 <a href=\"https:\/\/x.com\/MissyElliott\/status\/1978158665090630116\" class=\"_link_o9xde_39\" rel=\"nofollow\">X<\/a>.<\/p>\n<p class=\"_paragraph_o9xde_4 _paragraph_xtcu6_10 layout-component text-serif-m layout-normal text-serif-m layout-padded\">\u2013 Ingen forelder \u00f8nsker \u00e5 se barna sine g\u00e5 bort, men det er ogs\u00e5 smertefullt for barn \u00e5 miste sine foreldre \u2013 s\u00e5 send b\u00f8nner til s\u00f8nnen hans, som ogs\u00e5 mistet moren sin i \u00e5r, for \u00e5 gi styrke.<\/p>\n<p><img alt=\"Tyler, The Creator.  Foto: ARTURO HOLMES \/ AFP \/ NTB\" class=\"_image_qp4xg_65 layout-component layout-normal\" data-fullscreen- data-track-element-type=\"Article image fullscreen\" data-track-name=\"ImageFullscreen\" decoding=\"async\" loading=\"lazy\" height=\"3744\" itemprop=\"image\"  src=\"https:\/\/www.europesays.com\/no\/wp-content\/uploads\/2025\/10\/c1030684-d381-4635-bc6d-1b5b498386f7\"  style=\"object-position:0% 0%\" width=\"2496\"\/>Tyler, The Creator.  Foto: ARTURO HOLMES \/ AFP \/ NTB<\/p>\n<p class=\"_paragraph_o9xde_4 _paragraph_xtcu6_10 layout-component text-serif-m layout-normal text-serif-m layout-padded\">En av nyere tids st\u00f8rste rapstjerner, nylig norgesaktuelle Tyler, The Creator (34), forteller p\u00e5 <a href=\"https:\/\/www.instagram.com\/p\/DPy7zteANzP\/\" class=\"_link_o9xde_39\" rel=\"nofollow noopener\" target=\"_blank\">Instagram<\/a> hvor viktig D\u2019Angelos \u00abVoodoo\u00bb-album var for ham.<\/p>\n<p class=\"_paragraph_o9xde_4 _paragraph_xtcu6_10 layout-component text-serif-m layout-normal text-serif-m layout-padded\">\u2013 Et geni. En ekte utenomjordisk, skriver han om D\u2019Angelo.<\/p>\n<p class=\"_paragraph_o9xde_4 _paragraph_xtcu6_10 layout-component text-serif-m layout-normal text-serif-m layout-padded\">\u2013 Mitt musikalske DNA ble formet av denne mannen. Evig takknemlig. Reis i fred.<\/p>\n<p><img alt=\"D\u2019Angelo p\u00e5 scenen i Stockholm i juli 2000.  Foto: Hasse Frid\u00e9n \/ TT Nyhetsbyr\u00e5n \/ NTB\" class=\"_image_qp4xg_65 layout-component layout-normal\" data-fullscreen- data-track-element-type=\"Article image fullscreen\" data-track-name=\"ImageFullscreen\" decoding=\"async\" loading=\"lazy\" height=\"2612\" itemprop=\"image\"  src=\"https:\/\/www.europesays.com\/no\/wp-content\/uploads\/2025\/10\/db19ea73-f5aa-4c6c-978b-7970e4f0e93d\"  style=\"object-position:0% 0%\" width=\"2168\"\/>D\u2019Angelo p\u00e5 scenen i Stockholm i juli 2000.  Foto: Hasse Frid\u00e9n \/ TT Nyhetsbyr\u00e5n \/ NTB<\/p>\n<p class=\"_paragraph_o9xde_4 _paragraph_xtcu6_10 layout-component text-serif-m layout-normal text-serif-m layout-padded\">Discolegenden Nile Rodgers (73), kjent fra gruppen Chic og som produsent for blant andre Madonna og David Bowie, forteller p\u00e5 <a href=\"https:\/\/x.com\/nilerodgers\/status\/1978145888062022001\" class=\"_link_o9xde_39\" rel=\"nofollow\">X <\/a>om hvordan en bransjevenn av ham tok med seg D\u2019Angelo til ham p\u00e5 bes\u00f8k. De ville spille den da ukjente D\u2019Angelos musikk for ham.<\/p>\n<p><img alt=\"Nile Rodgers.  Foto: Stefan Jeremiah \/ AP \/ NTB\" class=\"_image_qp4xg_65 layout-component layout-normal\" data-fullscreen- data-track-element-type=\"Article image fullscreen\" data-track-name=\"ImageFullscreen\" decoding=\"async\" loading=\"lazy\" height=\"2334\" itemprop=\"image\"  src=\"https:\/\/www.europesays.com\/no\/wp-content\/uploads\/2025\/10\/cd88c60c-7c77-4fd7-b4d3-5b022d635c67\"  style=\"object-position:0% 0%\" width=\"3500\"\/>Nile Rodgers.  Foto: Stefan Jeremiah \/ AP \/ NTB<\/p>\n<p class=\"_paragraph_o9xde_4 _paragraph_xtcu6_10 layout-component text-serif-m layout-normal text-serif-m layout-padded\">\u2013 Jeg h\u00f8rte p\u00e5 alle l\u00e5tene &#8230; ikke bare av respekt, men fordi det var forrykende, skriver Rodgers, som ogs\u00e5 sier han ble spurt om hva som kunne \u00abgj\u00f8res\u00bb med musikken.<\/p>\n<p class=\"_paragraph_o9xde_4 _paragraph_xtcu6_10 layout-component text-serif-m layout-normal text-serif-m layout-padded\">\u2013 Jeg sa: \u00abGi den ut. Den er perfekt!\u00bb<\/p>\n<p><img alt=\"Doja Cat.  Foto: Evan Agostini \/ AP \/ NTB\" class=\"_image_qp4xg_65 layout-component layout-normal\" data-fullscreen- data-track-element-type=\"Article image fullscreen\" data-track-name=\"ImageFullscreen\" decoding=\"async\" loading=\"lazy\" height=\"2333\" itemprop=\"image\"  src=\"https:\/\/www.europesays.com\/no\/wp-content\/uploads\/2025\/10\/790270a5-1ed9-4c7c-8e54-4bb6897911bb\"  style=\"object-position:0% 0%\" width=\"3500\"\/>Doja Cat.  Foto: Evan Agostini \/ AP \/ NTB<\/p>\n<p class=\"_paragraph_o9xde_4 _paragraph_xtcu6_10 layout-component text-serif-m layout-normal text-serif-m layout-padded\">\u2013 En sann soulstemme og en inspirasjon for mange briljante artister av v\u00e5r genereasjon og for kommende generasjoner, skriver rapper Doja Cat (29) p\u00e5 <a href=\"https:\/\/x.com\/DojaCat\/status\/1978140862207885343\" class=\"_link_o9xde_39\" rel=\"nofollow\">X<\/a>.<\/p>\n<p>    <img decoding=\"async\" alt=\"Tips oss illustrasjon\" width=\"62px\" height=\"auto\" src=\"https:\/\/www.europesays.com\/no\/wp-content\/uploads\/2025\/08\/1754784428_95_W9avJzE.png\"\/>    <\/p>\n<p class=\"title-serif-s\">Har du tips til oss?<\/p>\n<p class=\"text-sans-m\">Send oss informasjon, bilder eller video<\/p>\n<p>  <a href=\"https:\/\/www.vg.no\/tips-oss\" rel=\"nofollow noopener\" target=\"_blank\"> Tips oss <\/a>      <script async src=\"\/\/www.instagram.com\/embed.js\"><\/script><\/p>\n","protected":false},"excerpt":{"rendered":"Den anerkjente soulartisten D\u2019Angelo d\u00f8de av kreft tirsdag, 51 \u00e5r gammel. Artistens barn s\u00f8rger, den eldste etter \u00e5&hellip;\n","protected":false},"author":2,"featured_media":61082,"comment_status":"","ping_status":"","sticky":false,"template":"","format":"standard","meta":{"footnotes":""},"categories":[58],"tags":[4809,8944,71,30,28,29,72],"class_list":{"0":"post-61081","1":"post","2":"type-post","3":"status-publish","4":"format-standard","5":"has-post-thumbnail","7":"category-underholdning","8":"tag-beyonce","9":"tag-bukspyttkjertelkreft","10":"tag-entertainment","11":"tag-no","12":"tag-norge","13":"tag-norway","14":"tag-underholdning"},"share_on_mastodon":{"url":"","error":""},"_links":{"self":[{"href":"https:\/\/www.europesays.com\/no\/wp-json\/wp\/v2\/posts\/61081","targetHints":{"allow":["GET"]}}],"collection":[{"href":"https:\/\/www.europesays.com\/no\/wp-json\/wp\/v2\/posts"}],"about":[{"href":"https:\/\/www.europesays.com\/no\/wp-json\/wp\/v2\/types\/post"}],"author":[{"embeddable":true,"href":"https:\/\/www.europesays.com\/no\/wp-json\/wp\/v2\/users\/2"}],"replies":[{"embeddable":true,"href":"https:\/\/www.europesays.com\/no\/wp-json\/wp\/v2\/comments?post=61081"}],"version-history":[{"count":0,"href":"https:\/\/www.europesays.com\/no\/wp-json\/wp\/v2\/posts\/61081\/revisions"}],"wp:featuredmedia":[{"embeddable":true,"href":"https:\/\/www.europesays.com\/no\/wp-json\/wp\/v2\/media\/61082"}],"wp:attachment":[{"href":"https:\/\/www.europesays.com\/no\/wp-json\/wp\/v2\/media?parent=61081"}],"wp:term":[{"taxonomy":"category","embeddable":true,"href":"https:\/\/www.europesays.com\/no\/wp-json\/wp\/v2\/categories?post=61081"},{"taxonomy":"post_tag","embeddable":true,"href":"https:\/\/www.europesays.com\/no\/wp-json\/wp\/v2\/tags?post=61081"}],"curies":[{"name":"wp","href":"https:\/\/api.w.org\/{rel}","templated":true}]}}