{"id":61094,"date":"2025-10-15T11:10:32","date_gmt":"2025-10-15T11:10:32","guid":{"rendered":"https:\/\/www.europesays.com\/no\/61094\/"},"modified":"2025-10-15T11:10:32","modified_gmt":"2025-10-15T11:10:32","slug":"sport-fotball-bunnstrid-er-ikke-lenger-tema","status":"publish","type":"post","link":"https:\/\/www.europesays.com\/no\/61094\/","title":{"rendered":"Sport, Fotball | Bunnstrid er ikke lenger tema"},"content":{"rendered":"\n<p>24-\u00e5ringen fra Vals\u00f8yfjord er gjest i Rundspilt denne uka. Han har stor tro p\u00e5 at KBK kan lande en sluttplassering bedre enn den 12.-plassen laget ligger p\u00e5 i dag.<\/p>\n<p>\u2013 Vi har seks kamper igjen. La oss si at vi har et m\u00e5l om \u00e5 vinne minst tre kamper. Og kanskje spille to uavgjort i tillegg. Da kan det blir bra, sier den h\u00f8yreiste sisteskansen.<\/p>\n<p><b>Podkasten er laget av Eirin Liab\u00f8, Rune Ed\u00f8y og Trygve Strand Joakimsen.<\/b><\/p>\n<p>F\u00f8rste mulighet til \u00e5 klatre kommer s\u00f8ndag. Da spiller nordm\u00f8rslaget borte mot KFUM Oslo p\u00e5 Ekeberg.<\/p>\n<p>\u2013 Det blir helt sikkert en t\u00f8ff kamp. KFUM har et godt lag som er samspilt og litt ekkel \u00e5 spille mot, men selvsagt reiser vi til Oslo for \u00e5 vinne, sier Adrian S\u00e6ther.<\/p>\n<p>Tror p\u00e5 god avslutning<\/p>\n<p>Rune Ed\u00f8y h\u00e5per trener Amund Skiri velger \u00e5 ha en offensiv innstilling til kampen. Han vil i hvert fall ikke se et KBK-lag som starter med fem mann bak.<\/p>\n<p>\u2013 Men KFUM har raske spillere p\u00e5 topp. Det kan fort g\u00e5 galt hvis KBK legger opp til en veldig \u00e5pen kamp. Jeg vil se en 4-3-3-formasjon, men er med p\u00e5 at det denne gangen fort kan l\u00f8nne seg \u00e5 presse litt lavere enn det KBK normalt gj\u00f8r, sier Rune Ed\u00f8y.<\/p>\n<p>Det gjenst\u00e5r seks kamper \u00e5 spille f\u00f8r S\u00e6ther og de andre spillerne i Kristiansund kan ga juleferie.<\/p>\n<p>\u2013 I dette venter blant annet hjemmekamper mot HamKam og Str\u00f8msgodset. Her vil KBK v\u00e6re favoritter. M\u00e5let m\u00e5 v\u00e6re \u00e5 ta seks poeng mot de to bunnlagene. Og s\u00e5 f\u00e5r vi h\u00e5pe \u00abTroms\u00f8\u00bb er ferdigspilt n\u00e5r de kommer til Nordm\u00f8re stadion i siste serierunde. KBK har normalt et bra tak p\u00e5 laget fra nord, sier Ed\u00f8y.<\/p>\n<p>Han tror ogs\u00e5 det er mulig \u00e5 f\u00e5 med seg noe fra bortekampene som skal spilles f\u00f8r serien er slutt.<\/p>\n<p>\u2013 Jeg vil si det er 50\/50 mot KFUM i helga. Det samme gjelder egentlig i kampene mot Fredrikstad og V\u00e5lerenga. Tabellen viser at dette er lag p\u00e5 KBKs niv\u00e5. Mitt h\u00e5p er at KBK tar minst ti poeng p\u00e5 de seks siste. Da har de 40 totalt. Det vil v\u00e6re knallbra.<\/p>\n<p>Vil ha s\u00f8ndags\u00e5pent<\/p>\n<p>\u2013 KBK er n\u00e6rmere femteplassen enn avstanden ned til HamKam p\u00e5 plassen bak dem. Det blir en utrolig spennende innspurt, sier Eirin Liab\u00f8.<\/p>\n<p>Med S\u00e6ther som gjest blir det ogs\u00e5 \u00e5pning for \u00e5 prate om andre ting enn fotball. Blant annet er alle i Rundspilt-studio samstemt i at Bunnpris-butikken p\u00e5 Enge i Vals\u00f8yfjord b\u00f8r ha \u00e5pent ogs\u00e5 p\u00e5 s\u00f8ndager.<\/p>\n<p>If\u00f8lge butikksjef Atle Helgestad er omr\u00e5det i Vals\u00f8yfjord et \u00abtypisk turiststed\u00bb, og at det derfor er \u00e5pning for s\u00f8ndags\u00e5pent i henhold til lov om helligdager og helligdagsfred. Helt konkret \u00f8nsker Bunnpris \u00e5 ha \u00e5pent sju dager i uka fra 1. mai til 30. oktober.<\/p>\n<p>  <a href=\"https:\/\/www.tk.no\/5-51-1755771\" class=\"related-teaser has-image default-story-teaser article--c-eRUmMG article--c-eRUmMG-jKCPdD-design-default\" rel=\"nofollow noopener\" target=\"_blank\"><\/p>\n<p>    <img decoding=\"async\" loading=\"lazy\"  src=\"https:\/\/www.europesays.com\/no\/wp-content\/uploads\/2025\/10\/jan+bunn1.JPG\" alt=\"\" class=\"brick-c-cFOWSL\" style=\"\"\/><\/p>\n<p>\n            Les ogs\u00e5<\/p>\n<p>              Vil bli turiststed: \u2013 Kundene ettersp\u00f8r s\u00f8ndags\u00e5pent\n        <\/p>\n<p>  <\/a><\/p>\n<p>  <a href=\"https:\/\/www.tk.no\/5-51-1757305\" class=\"related-teaser has-image default-story-teaser article--c-eRUmMG article--c-eRUmMG-jKCPdD-design-default\" rel=\"nofollow noopener\" target=\"_blank\"><\/p>\n<p>    <img decoding=\"async\" loading=\"lazy\"  src=\"https:\/\/www.europesays.com\/no\/wp-content\/uploads\/2025\/10\/1760526632_90_fossum3.jpg\" alt=\"\" class=\"brick-c-cFOWSL\" style=\"\"\/><\/p>\n<p>\n            Les ogs\u00e5<\/p>\n<p>              Har erfaring fra Brann og Odd &#8211; n\u00e5 skal han jobbe i KBK\n        <\/p>\n<p>  <\/a><br \/>\n  \u00abJeg er en ekte marokkaner\u00bb<\/p>\n<p>Politikerne i Heim spiller p\u00e5 lag med kj\u00f8pmannen. Neste steg i prosessen er en s\u00f8knad til Statsforvalteren. I l\u00f8pet av \u00e5ret vil det v\u00e6re klart om Bunnpris f\u00e5r det som de vil.<\/p>\n<p>Og n\u00e5r praten dreies inn p\u00e5 Bunnpris, blir selvsagt Rune Ed\u00f8y i fyr og flamme. Han er fortsatt lettere fort\u00f8rnet over at Bunnpris Marokko har sluttet \u00e5 selge nystekte sjokoladeboller. \u00c5rsaken er at bolleleverand\u00f8ren til butikken p\u00e5 Nordlandet har fjernet sjokovarianten av boller fra sitt sortiment.<\/p>\n<p>Eirin Liab\u00f8 er mer oppgitt over at folk p\u00e5 Nordlandet kaller seg marokkanere enn at sjokoboller er mangelvare p\u00e5 Bunnpris. Svaret fra Ed\u00f8y og Joakimsen er at de umiddelbart begynner \u00e5 synge \u00abJeg er en ekte marokkaner\u00bb. Sangen som Idrettslaget Nordlandet i flere ti\u00e5r har hatt som sin klubbsang.<\/p>\n<p>I sum blir det som alltid en podkast om fotball og med innslag av alt mulig annet mellom himmel og jord.<\/p>\n<p>  <a href=\"https:\/\/www.tk.no\/5-51-1742987\" class=\"related-teaser has-image default-story-teaser article--c-eRUmMG article--c-eRUmMG-jKCPdD-design-default\" rel=\"nofollow noopener\" target=\"_blank\"><\/p>\n<p>    <img decoding=\"async\" loading=\"lazy\"  src=\"https:\/\/www.europesays.com\/no\/wp-content\/uploads\/2025\/10\/NTB_F-xnLd37u4s.jpg\" alt=\"\" class=\"brick-c-cFOWSL\" style=\"\"\/><\/p>\n<p>\n            Les ogs\u00e5<\/p>\n<p>              Femmila i Kollen og seriestarten i Eliteserien p\u00e5 samme dag neste \u00e5r\n        <\/p>\n<p>  <\/a><br \/>\n  Tidligere episoder<\/p>\n<p>            Slik kan du lytte til v\u00e5re podkaster <\/p>\n<p>Den enkleste m\u00e5ten \u00e5 lytte til Tidens Kravs podkaster p\u00e5, er \u00e5 gj\u00f8re det gjennom en av de mange podkast-appene.<\/p>\n<p><b>Har du +Alt abonnement s\u00e5 anbefaler vi <a href=\"https:\/\/untold.app\/\" target=\"_self\" rel=\"Follow nofollow noopener\">Untold<\/a>. <\/b>Her finner du b\u00e5de Klokere Klokest og Rundspilt samt en rekke eksklusive podkaster kun for abonnenter.<\/p>\n<p><b>Bruker du allerede en str\u00f8mmetjeneste finner du ogs\u00e5 v\u00e5re podkaster p\u00e5: <\/b><\/p>\n<p>Husk \u00e5 <b>f\u00f8lg <\/b>podkastene der du lytter for \u00e5 enkelt f\u00e5 med deg de nyeste episodene! <\/p>\n<p>F\u00f8lg oss ogs\u00e5 Tidens Krav p\u00e5 <b><a href=\"https:\/\/www.instagram.com\/tidenskrav\/\" target=\"_self\" rel=\"Follow nofollow noopener\">Instagram <\/a><\/b>\u2013 her poster vi morsomme klipp fra podkastene. <\/p>\n<p><script async src=\"\/\/www.instagram.com\/embed.js\"><\/script><\/p>\n","protected":false},"excerpt":{"rendered":"24-\u00e5ringen fra Vals\u00f8yfjord er gjest i Rundspilt denne uka. Han har stor tro p\u00e5 at KBK kan lande&hellip;\n","protected":false},"author":2,"featured_media":61095,"comment_status":"","ping_status":"","sticky":false,"template":"","format":"standard","meta":{"footnotes":""},"categories":[59],"tags":[36,134,92,3219,298,30,28,29,83,82,1510],"class_list":{"0":"post-61094","1":"post","2":"type-post","3":"status-publish","4":"format-standard","5":"has-post-thumbnail","7":"category-sport","8":"tag-art","9":"tag-eliteserien","10":"tag-fotball","11":"tag-kbk","12":"tag-kristiansund","13":"tag-no","14":"tag-norge","15":"tag-norway","16":"tag-sport","17":"tag-sports","18":"tag-story"},"share_on_mastodon":{"url":"","error":""},"_links":{"self":[{"href":"https:\/\/www.europesays.com\/no\/wp-json\/wp\/v2\/posts\/61094","targetHints":{"allow":["GET"]}}],"collection":[{"href":"https:\/\/www.europesays.com\/no\/wp-json\/wp\/v2\/posts"}],"about":[{"href":"https:\/\/www.europesays.com\/no\/wp-json\/wp\/v2\/types\/post"}],"author":[{"embeddable":true,"href":"https:\/\/www.europesays.com\/no\/wp-json\/wp\/v2\/users\/2"}],"replies":[{"embeddable":true,"href":"https:\/\/www.europesays.com\/no\/wp-json\/wp\/v2\/comments?post=61094"}],"version-history":[{"count":0,"href":"https:\/\/www.europesays.com\/no\/wp-json\/wp\/v2\/posts\/61094\/revisions"}],"wp:featuredmedia":[{"embeddable":true,"href":"https:\/\/www.europesays.com\/no\/wp-json\/wp\/v2\/media\/61095"}],"wp:attachment":[{"href":"https:\/\/www.europesays.com\/no\/wp-json\/wp\/v2\/media?parent=61094"}],"wp:term":[{"taxonomy":"category","embeddable":true,"href":"https:\/\/www.europesays.com\/no\/wp-json\/wp\/v2\/categories?post=61094"},{"taxonomy":"post_tag","embeddable":true,"href":"https:\/\/www.europesays.com\/no\/wp-json\/wp\/v2\/tags?post=61094"}],"curies":[{"name":"wp","href":"https:\/\/api.w.org\/{rel}","templated":true}]}}