{"id":61105,"date":"2025-10-15T11:47:10","date_gmt":"2025-10-15T11:47:10","guid":{"rendered":"https:\/\/www.europesays.com\/no\/61105\/"},"modified":"2025-10-15T11:47:10","modified_gmt":"2025-10-15T11:47:10","slug":"gregg-mayles-ferdig-etter-36-ar-i-rare","status":"publish","type":"post","link":"https:\/\/www.europesays.com\/no\/61105\/","title":{"rendered":"Gregg Mayles ferdig etter 36 \u00e5r i Rare"},"content":{"rendered":"<p>Rare-veteran <strong>Gregg Mayles<\/strong> har offisielt takket for seg. Utviklerlegenden meldte sin avskjed via <a role=\"link\" href=\"https:\/\/x.com\/Ghoulyboy\/status\/1978112736270655778\" rel=\"nofollow\">sosiale medier<\/a> p\u00e5 tirsdag, etter 36 \u00e5r hos det tradisjonsrike studioet.<\/p>\n<p>\u2013 I dag var min siste dag hos Rare. Takk til alle som spilte og likte spillene jeg var med \u00e5 lage mens jeg var der. Ogs\u00e5 takk til alle menneskene som jobbet p\u00e5 spillene sammen med meg.<\/p>\n<p>        <a href=\"https:\/\/i.bo3.no\/image\/386178\/Skjermbilde%202025-10-15%20190715.jpg?c=0&amp;h=1045&amp;w=1855\" rel=\"nofollow noopener\" target=\"_blank\"><\/p>\n<p>        <img decoding=\"async\" onload=\"this.style = null\" src=\"https:\/\/www.europesays.com\/no\/wp-content\/uploads\/2025\/10\/Skjermbilde 2025-10-15 190715.jpg\" style=\"background-image: url('data:image\/jpeg;base64,\/9j\/4QC8RXhpZgAASUkqAAgAAAAGABIBAwABAAAAAQAAABoBBQABAAAAVgAAABsBBQABAAAAXgAAACgBAwABAAAAAgAAABMCAwABAAAAAQAAAGmHBAABAAAAZgAAAAAAAABIAAAAAQAAAEgAAAABAAAABgAAkAcABAAAADAyMTABkQcABAAAAAECAwAAoAcABAAAADAxMDABoAMAAQAAAP\/\/AAACoAQAAQAAACQAAAADoAQAAQAAABQAAAAAAAAA\/9sAQwAIBgYHBgUIBwcHCQkICgwUDQwLCwwZEhMPFB0aHx4dGhwcICQuJyAiLCMcHCg3KSwwMTQ0NB8nOT04MjwuMzQy\/9sAQwEJCQkMCwwYDQ0YMiEcITIyMjIyMjIyMjIyMjIyMjIyMjIyMjIyMjIyMjIyMjIyMjIyMjIyMjIyMjIyMjIyMjIy\/8AAEQgAFAAkAwEiAAIRAQMRAf\/EAB8AAAEFAQEBAQEBAAAAAAAAAAABAgMEBQYHCAkKC\/\/EALUQAAIBAwMCBAMFBQQEAAABfQECAwAEEQUSITFBBhNRYQcicRQygZGhCCNCscEVUtHwJDNicoIJChYXGBkaJSYnKCkqNDU2Nzg5OkNERUZHSElKU1RVVldYWVpjZGVmZ2hpanN0dXZ3eHl6g4SFhoeIiYqSk5SVlpeYmZqio6Slpqeoqaqys7S1tre4ubrCw8TFxsfIycrS09TV1tfY2drh4uPk5ebn6Onq8fLz9PX29\/j5+v\/EAB8BAAMBAQEBAQEBAQEAAAAAAAABAgMEBQYHCAkKC\/\/EALURAAIBAgQEAwQHBQQEAAECdwABAgMRBAUhMQYSQVEHYXETIjKBCBRCkaGxwQkjM1LwFWJy0QoWJDThJfEXGBkaJicoKSo1Njc4OTpDREVGR0hJSlNUVVZXWFlaY2RlZmdoaWpzdHV2d3h5eoKDhIWGh4iJipKTlJWWl5iZmqKjpKWmp6ipqrKztLW2t7i5usLDxMXGx8jJytLT1NXW19jZ2uLj5OXm5+jp6vLz9PX29\/j5+v\/aAAwDAQACEQMRAD8A8rlhgjO2N80EToFUn5G6VHEqs248n0q25eRBsUkr0qJS10KjTvG5TeFt4UjrT7mzMUOdpzWlpwJu1kuFBVR0Nbc+paXBETLCH3cY9Knm1GoaXZw6fdorQumtDOzQghDyBRTHsZcVzIpyCKtC9mHRgKKKbRUW7EqXcxHLVFLO7jDHIooqVuW9ik07hiM0UUVpYwuf\/9k=');background-size:cover;background-position:50% 50%;\" class=\"image-container__image \" width=\"999\" height=\"563\" loading=\"lazy\" fetchpriority=\"auto\" \/><\/p>\n<p>        <\/a><\/p>\n<p>                                    Gregg Mayles (til h\u00f8yre) var designsjef for Sea of Thieves. Her sammen med spillsjef Joe Neate tilbake i 2016.<\/p>\n<p>                        Rare\n                    <\/p>\n<p>Mayles ble med i Rare i 1989, og jobbet med noen av utviklerens best kjente serier. I l\u00f8pet av tre og et halvt ti\u00e5r var han med \u00e5 skape Battletoads, Donkey Kong Country, Banjo-Kazooie, Viva Pi\u00f1ata og Sea of Thieves.<\/p>\n<p>Utvikleren forlater Rare bare f\u00e5 m\u00e5neder etter at Microsoft skrotet Everwild. Det ambisi\u00f8se eventyrspillet ble avduket tilbake i 2019, men ble kansellert som del av <a role=\"link\" href=\"https:\/\/www.gamer.no\/artikler\/perfect-dark-og-everwild-kansellert-etter-nye-xbox-kutt\/518981\" rel=\"nofollow noopener\" target=\"_blank\">omfattende nedskj\u00e6ringer<\/a> hos Xbox Game Studios.<\/p>\n<p>I et egenkomponert dikt hinter Mayles om at n\u00e5 han g\u00e5r til noe nytt. Akkurat hva det blir er ikke klart.<\/p>\n<p><strong>LES OGS\u00c5: <a role=\"link\" href=\"https:\/\/www.gamer.no\/artikler\/bowser-gir-seg-som-nintendo-topp\/519331\" rel=\"nofollow noopener\" target=\"_blank\">Doug Bowser gir seg som Nintendo-topp \u00bb<\/a><\/strong><\/p>\n","protected":false},"excerpt":{"rendered":"Rare-veteran Gregg Mayles har offisielt takket for seg. Utviklerlegenden meldte sin avskjed via sosiale medier p\u00e5 tirsdag, etter&hellip;\n","protected":false},"author":2,"featured_media":61106,"comment_status":"","ping_status":"","sticky":false,"template":"","format":"standard","meta":{"footnotes":""},"categories":[57],"tags":[30,28,29,65,63,64,66,70,69,67,68],"class_list":{"0":"post-61105","1":"post","2":"type-post","3":"status-publish","4":"format-standard","5":"has-post-thumbnail","7":"category-vitenskap-og-teknologi","8":"tag-no","9":"tag-norge","10":"tag-norway","11":"tag-science","12":"tag-science-and-technology","13":"tag-scienceandtechnology","14":"tag-technology","15":"tag-teknologi","16":"tag-vitenskap","17":"tag-vitenskap-og-teknologi","18":"tag-vitenskapteknologi"},"share_on_mastodon":{"url":"","error":""},"_links":{"self":[{"href":"https:\/\/www.europesays.com\/no\/wp-json\/wp\/v2\/posts\/61105","targetHints":{"allow":["GET"]}}],"collection":[{"href":"https:\/\/www.europesays.com\/no\/wp-json\/wp\/v2\/posts"}],"about":[{"href":"https:\/\/www.europesays.com\/no\/wp-json\/wp\/v2\/types\/post"}],"author":[{"embeddable":true,"href":"https:\/\/www.europesays.com\/no\/wp-json\/wp\/v2\/users\/2"}],"replies":[{"embeddable":true,"href":"https:\/\/www.europesays.com\/no\/wp-json\/wp\/v2\/comments?post=61105"}],"version-history":[{"count":0,"href":"https:\/\/www.europesays.com\/no\/wp-json\/wp\/v2\/posts\/61105\/revisions"}],"wp:featuredmedia":[{"embeddable":true,"href":"https:\/\/www.europesays.com\/no\/wp-json\/wp\/v2\/media\/61106"}],"wp:attachment":[{"href":"https:\/\/www.europesays.com\/no\/wp-json\/wp\/v2\/media?parent=61105"}],"wp:term":[{"taxonomy":"category","embeddable":true,"href":"https:\/\/www.europesays.com\/no\/wp-json\/wp\/v2\/categories?post=61105"},{"taxonomy":"post_tag","embeddable":true,"href":"https:\/\/www.europesays.com\/no\/wp-json\/wp\/v2\/tags?post=61105"}],"curies":[{"name":"wp","href":"https:\/\/api.w.org\/{rel}","templated":true}]}}