{"id":61118,"date":"2025-10-15T12:06:10","date_gmt":"2025-10-15T12:06:10","guid":{"rendered":"https:\/\/www.europesays.com\/no\/61118\/"},"modified":"2025-10-15T12:06:10","modified_gmt":"2025-10-15T12:06:10","slug":"jeg-blir-satt-pa-prove","status":"publish","type":"post","link":"https:\/\/www.europesays.com\/no\/61118\/","title":{"rendered":"\u2013 Jeg blir satt p\u00e5 pr\u00f8ve"},"content":{"rendered":"\n<p class=\"_lead_o9xde_2 _lead_xtcu6_50 layout-component text-serif-m layout-normal text-serif-l layout-component layout-wide layout-padded _wide_17hqh_1 layout-padded\">45-\u00e5ringen er slettes ikke sikker p\u00e5 at VM i Tyskland og Nederland blir hennes siste.<\/p>\n<p><img alt=\" Foto: Bj\u00f8rn S. Delebekk \/ VG\" class=\"_image_qp4xg_65 layout-component layout-wide\" data-fullscreen- data-track-element-type=\"Article image fullscreen\" data-track-name=\"ImageFullscreen\" fetchpriority=\"high\" decoding=\"sync\" loading=\"eager\" height=\"2624\" itemprop=\"image\"  src=\"https:\/\/www.europesays.com\/no\/wp-content\/uploads\/2025\/10\/e55e9871-6bcf-41b5-8f51-a4f65e86bab3\"  style=\"object-position:0% 0%\" width=\"4166\"\/> Foto: Bj\u00f8rn S. Delebekk \/ VG<\/p>\n<ul aria-hidden=\"true\" class=\"_images_1y6fe_106\">\n<li><a class=\"_link_1y6fe_111\" href=\"https:\/\/www.vg.no\/forfatter\/jostein-overvik\" style=\"z-index:2\" title=\"Jostein Overvik\" rel=\"nofollow noopener\" target=\"_blank\"><img alt=\"Bilde av Jostein Overvik\" class=\"_image_1y6fe_88\" fetchpriority=\"low\" loading=\"lazy\" decoding=\"async\" itemprop=\"image\"  src=\"https:\/\/www.europesays.com\/no\/wp-content\/uploads\/2025\/10\/9167fa6a-7320-4d6f-b3c9-6c4ecb8beb8c\"  width=\"480\"\/><\/a><\/li>\n<li><a class=\"_link_1y6fe_111\" href=\"https:\/\/www.vg.no\/forfatter\/bjoern-s-delebekk-foto\" style=\"z-index:1\" title=\"Bj\u00f8rn S. Delebekk (foto)\" rel=\"nofollow noopener\" target=\"_blank\"><img alt=\"Bilde av Bj\u00f8rn S. Delebekk (foto)\" class=\"_image_1y6fe_88\" fetchpriority=\"low\" loading=\"lazy\" decoding=\"async\" itemprop=\"image\"  src=\"https:\/\/www.europesays.com\/no\/wp-content\/uploads\/2025\/10\/1760529969_23_0951ae87-c959-48ff-9f15-211b75525be1\"  width=\"480\"\/><\/a><\/li>\n<\/ul>\n<p>Sandefjord Oppdatert onsdag 15. oktober kl. 13:28    <\/p>\n<ul class=\"_list_o9xde_3 _list_64s2r_85 _unordered_o9xde_106 text-sans-m\">\n<li class=\"_item_o9xde_30\">Keeperen Katrine Lunde er ikke sikker p\u00e5 at VM i Tyskland og Nederland blir hennes siste.<\/li>\n<li class=\"_item_o9xde_30\">45-\u00e5ringen har signert en korttidskontrakt med R\u00f8de Stjerne i Serbia.<\/li>\n<li class=\"_item_o9xde_30\">Hun er fortsatt motivert og inspirert til \u00e5 spille for landslaget etter 376 kamper.<\/li>\n<li class=\"_item_o9xde_30\">Lunde ble k\u00e5ret til banens beste mot Kroatia i september.<\/li>\n<\/ul>\n<p>Vis mer <\/p>\n<p class=\"_paragraph_o9xde_4 _paragraph_xtcu6_10 layout-component text-serif-m layout-normal text-serif-m layout-padded\">Keeperen er p\u00e5 vei mot mesterskapet p\u00e5 korttidskontrakt med sin nye klubb, R\u00f8de Stjerne, i Serbia.<\/p>\n<p class=\"_paragraph_o9xde_4 _paragraph_xtcu6_10 layout-component text-serif-m layout-normal text-serif-m layout-padded\">\u2013 Det har v\u00e6rt en del tankevirksomhet. Jeg vurderte \u00e5 spille kamper p\u00e5 et lavere niv\u00e5 i Norge, men har valgt \u00e5 dra til et lavere niv\u00e5 i Serbia. Jeg er bevisst p\u00e5 at jeg m\u00e5 jobbe mentalt og ha klare arbeidsoppgaver f\u00f8r hver trening. Jeg blir satt p\u00e5 pr\u00f8ve, sier Lunde til VG.<\/p>\n<p class=\"_paragraph_o9xde_4 _paragraph_xtcu6_10 layout-component text-serif-m layout-normal text-serif-m layout-padded\">Hun trente i sommer med Randesund hjemme i Kristiansand, men valgte til slutt et nytt utenlandseventyr i landet til samboer Nikola Trajkovic.<\/p>\n<p><img alt=\"Foto: Bj\u00f8rn S. Delebekk \/ VG\" class=\"_image_qp4xg_65 layout-component layout-normal\" data-fullscreen- data-track-element-type=\"Article image fullscreen\" data-track-name=\"ImageFullscreen\" decoding=\"async\" loading=\"lazy\" height=\"3592\" itemprop=\"image\"  src=\"https:\/\/www.europesays.com\/no\/wp-content\/uploads\/2025\/10\/6186aa89-9b53-4aa4-8da4-11b18b8e5a73\"  style=\"object-position:0% 0%\" width=\"5392\"\/>Foto: Bj\u00f8rn S. Delebekk \/ VG<\/p>\n<p class=\"_paragraph_o9xde_4 _paragraph_xtcu6_10 layout-component text-serif-m layout-normal text-serif-m layout-padded\">\u2013 Jeg elsker \u00e5 spille h\u00e5ndball, sier hun foran Norges VM-test mot Romania i Larvik onsdag.<\/p>\n<p class=\"_paragraph_o9xde_4 _paragraph_xtcu6_10 layout-component text-serif-m layout-normal text-serif-m layout-padded\">\u2013 Er ambisjonene fortsatt like h\u00f8ye?<\/p>\n<p class=\"_paragraph_o9xde_4 _paragraph_xtcu6_10 layout-component text-serif-m layout-normal text-serif-m layout-padded\">\u2013 Det er de. Det gir meg veldig mye \u00e5 spille p\u00e5 landslaget med Mats (Olsson, keepertrener) og mine venner og treningskamerater. Jeg er superhappy for at jeg fortsatt kan holde niv\u00e5et. Det gir meg masse inspirasjon at jeg fortsatt er aktuell for landslaget.<\/p>\n<p class=\"_paragraph_o9xde_4 _paragraph_xtcu6_10 layout-component text-serif-m layout-normal text-serif-m layout-padded\">\u2013 Du har ingen plan om \u00e5 gi deg denne sesongen?<\/p>\n<p class=\"_paragraph_o9xde_4 _paragraph_xtcu6_10 layout-component text-serif-m layout-normal text-serif-m layout-padded\">\u2013 Jeg har ikke bestemt meg for det, nei, sier Lunde og kaller det fortsatt \u00aben \u00e6re\u00bb \u00e5 spille for landslaget etter 376 kamper for Norge.<\/p>\n<p>EHF Euro Cup<\/p>\n<p class=\"_paragraph_o9xde_4 _paragraph_xtcu6_10 _paragraph_16v91_10 layout-component text-serif-m layout-normal text-sans-m layout-padded\">Onsdag 15.10 (kl. 18.15): Norge \u2013 Romania (Larvik)<\/p>\n<p class=\"_paragraph_o9xde_4 _paragraph_xtcu6_10 _paragraph_16v91_10 layout-component text-serif-m layout-normal text-sans-m layout-padded\">S\u00f8ndag 19.10 (kl. 14.00): Slovakia \u2013 Norge (Bratislava)<\/p>\n<p class=\"_paragraph_o9xde_4 _paragraph_xtcu6_10 _paragraph_16v91_10 layout-component text-serif-m layout-normal text-sans-m layout-padded\">Kampene sendes p\u00e5 TV 2 og TV3.<\/p>\n<p>Vis mer<\/p>\n<p class=\"_paragraph_o9xde_4 _paragraph_xtcu6_10 layout-component text-serif-m layout-normal text-serif-m layout-padded\">Etter\u00a0<a href=\"https:\/\/www.vg.no\/sport\/i\/vgbM4B\/vipers-er-konkurs\" data-track-element-type=\"Link\" data-track-id=\"link:vgbM4B\" class=\"_link_o9xde_39\" rel=\"nofollow noopener\" target=\"_blank\">Vipers-konkursen<\/a>\u00a0sist vinter hentet Ole Gustav Lunde til Odense. Det endte i Champions League-finalen i juni. Rett etterp\u00e5 ble hun k\u00e5ret til sesongens beste keeper i Europa. N\u00e5 pendler hun til Beograd mens datteren og mannen er hjemme i Kristiansand.<\/p>\n<p class=\"_paragraph_o9xde_4 _paragraph_xtcu6_10 layout-component text-serif-m layout-normal text-serif-m layout-padded\">\u2013 Det blir litt logistikk frem og tilbake. Men jeg er glad i \u00e5 reise. S\u00e5 det g\u00e5r fint. Jeg vil spille de kampene jeg kan og utvikle meg videre, sier hun.<\/p>\n<p class=\"_paragraph_o9xde_4 _paragraph_xtcu6_10 layout-component text-serif-m layout-normal text-serif-m layout-padded\">R\u00f8de Stjerne \u2013 eller Cervena Zvezda som klubben heter p\u00e5 serbisk \u2013 er langt fra niv\u00e5et som har gjort Katrine Lunde til historiens mestvinnende h\u00e5ndballspillermestvinnende h\u00e5ndballspiller7 Champions League-titler, 7 EM-gull, 3 OL-gull og 2 VM-gull..<\/p>\n<p class=\"_paragraph_o9xde_4 _paragraph_xtcu6_10 layout-component text-serif-m layout-normal text-serif-m layout-padded\">\u2013 For meg er det bare viktig \u00e5 komme i gang med kontrakten jeg har skrevet. S\u00e5 tar vi resten senere, sier hun. <\/p>\n<p class=\"_paragraph_o9xde_4 _paragraph_xtcu6_10 layout-component text-serif-m layout-normal text-serif-m layout-padded\"> Kontrakten i Serbia varer frem til nytt\u00e5r. Lunde hevder hun ikke har avklart den siste delen av sesongen.<\/p>\n<p class=\"_paragraph_o9xde_4 _paragraph_xtcu6_10 layout-component text-serif-m layout-normal text-serif-m layout-padded\">I slutten av september ble sveitsiske Spono Eagles sl\u00e5tt i kvalifiseringen til European League. Lunde leverte 11 redninger da R\u00f8de Stjerne s\u00e5 godt som avgjorde avansementet ved \u00e5 vinne 37\u201323 i den f\u00f8rste av to kamper.<\/p>\n<p class=\"_paragraph_o9xde_4 _paragraph_xtcu6_10 layout-component text-serif-m layout-normal text-serif-m layout-padded\"><strong class=\"_strong_o9xde_25\">Hun utelukker ikke at hun fortsetter for R\u00f8de Stjerne etter nytt\u00e5r, men det kan ogs\u00e5 bli en toppklubb i Champions League.<\/strong><\/p>\n<p class=\"_paragraph_o9xde_4 _paragraph_xtcu6_10 layout-component text-serif-m layout-normal text-serif-m layout-padded\">\u2013 Jeg tenker ikke s\u00e5 mye p\u00e5 det n\u00e5. Men trofeer og medaljer blir delt ut i slutten av sesongen. Perioden frem til VM er jo ikke lang og best\u00e5r av mye trening for \u00e5 komme i form til mesterskapet, sier hun.<\/p>\n<p class=\"_paragraph_o9xde_4 _paragraph_xtcu6_10 layout-component text-serif-m layout-normal text-serif-m layout-padded\">N\u00e5 skal spill for den serbiske mesteren og tre landslagslagssamlinger gj\u00f8re Katrine Lunde klar for VM i Tyskland og Nederland. Norge \u00e5pner mot S\u00f8r-Korea 27. november. Hun ble k\u00e5ret til banens beste da hun spilte mot Kroatia i september.<\/p>\n","protected":false},"excerpt":{"rendered":"45-\u00e5ringen er slettes ikke sikker p\u00e5 at VM i Tyskland og Nederland blir hennes siste. Foto: Bj\u00f8rn S.&hellip;\n","protected":false},"author":2,"featured_media":61119,"comment_status":"","ping_status":"","sticky":false,"template":"","format":"standard","meta":{"footnotes":""},"categories":[59],"tags":[105,1526,1528,30,28,29,83,82],"class_list":{"0":"post-61118","1":"post","2":"type-post","3":"status-publish","4":"format-standard","5":"has-post-thumbnail","7":"category-sport","8":"tag-handball","9":"tag-katrine-lunde","10":"tag-kvinnelandslaget-handball","11":"tag-no","12":"tag-norge","13":"tag-norway","14":"tag-sport","15":"tag-sports"},"share_on_mastodon":{"url":"","error":""},"_links":{"self":[{"href":"https:\/\/www.europesays.com\/no\/wp-json\/wp\/v2\/posts\/61118","targetHints":{"allow":["GET"]}}],"collection":[{"href":"https:\/\/www.europesays.com\/no\/wp-json\/wp\/v2\/posts"}],"about":[{"href":"https:\/\/www.europesays.com\/no\/wp-json\/wp\/v2\/types\/post"}],"author":[{"embeddable":true,"href":"https:\/\/www.europesays.com\/no\/wp-json\/wp\/v2\/users\/2"}],"replies":[{"embeddable":true,"href":"https:\/\/www.europesays.com\/no\/wp-json\/wp\/v2\/comments?post=61118"}],"version-history":[{"count":0,"href":"https:\/\/www.europesays.com\/no\/wp-json\/wp\/v2\/posts\/61118\/revisions"}],"wp:featuredmedia":[{"embeddable":true,"href":"https:\/\/www.europesays.com\/no\/wp-json\/wp\/v2\/media\/61119"}],"wp:attachment":[{"href":"https:\/\/www.europesays.com\/no\/wp-json\/wp\/v2\/media?parent=61118"}],"wp:term":[{"taxonomy":"category","embeddable":true,"href":"https:\/\/www.europesays.com\/no\/wp-json\/wp\/v2\/categories?post=61118"},{"taxonomy":"post_tag","embeddable":true,"href":"https:\/\/www.europesays.com\/no\/wp-json\/wp\/v2\/tags?post=61118"}],"curies":[{"name":"wp","href":"https:\/\/api.w.org\/{rel}","templated":true}]}}