{"id":61120,"date":"2025-10-15T12:07:09","date_gmt":"2025-10-15T12:07:09","guid":{"rendered":"https:\/\/www.europesays.com\/no\/61120\/"},"modified":"2025-10-15T12:07:09","modified_gmt":"2025-10-15T12:07:09","slug":"halvor-bakke-trekker-seg-fra-skal-vi-danse","status":"publish","type":"post","link":"https:\/\/www.europesays.com\/no\/61120\/","title":{"rendered":"Halvor Bakke trekker seg fra \u00abSkal vi danse\u00bb"},"content":{"rendered":"\n<p class=\"_lead_o9xde_2 _lead_xtcu6_50 layout-component text-serif-m layout-normal text-serif-l layout-component layout-wide layout-padded _wide_17hqh_1 layout-padded\">Halvor Bakke (54) sliter med betennelse, og vil derfor holde seg unna parketten av medisinske \u00e5rsaker.<\/p>\n<p><img alt=\"Halvor Bakke har dr\u00f8mt \u00e5 v\u00e6re med p\u00e5 \u00abSkal vi danse\u00bb lenge.  Foto: Thomas Andersen \/ TV 2 \" class=\"_image_qp4xg_65 layout-component layout-wide\" data-fullscreen- data-track-element-type=\"Article image fullscreen\" data-track-name=\"ImageFullscreen\" fetchpriority=\"high\" decoding=\"sync\" loading=\"eager\" height=\"3000\" itemprop=\"image\"  src=\"https:\/\/www.europesays.com\/no\/wp-content\/uploads\/2025\/10\/cd9df3bb-c046-4845-a20b-1f0b8c3af68e\"  style=\"object-position:0% 0%\" width=\"4500\"\/>Halvor Bakke har dr\u00f8mt \u00e5 v\u00e6re med p\u00e5 \u00abSkal vi danse\u00bb lenge.  Foto: Thomas Andersen \/ TV 2 <\/p>\n<ul aria-hidden=\"true\" class=\"_images_1y6fe_106\">\n<li><a class=\"_link_1y6fe_111\" href=\"https:\/\/www.vg.no\/forfatter\/nora-viskjer\" style=\"z-index:2\" title=\"Nora Viskjer\" rel=\"nofollow noopener\" target=\"_blank\"><img alt=\"Bilde av Nora Viskjer\" class=\"_image_1y6fe_88\" fetchpriority=\"low\" loading=\"lazy\" decoding=\"async\" itemprop=\"image\"  src=\"https:\/\/www.europesays.com\/no\/wp-content\/uploads\/2025\/10\/1760530028_731_ea617ec8-607f-4948-824b-ac91a6d7fe70\"  width=\"480\"\/><\/a><\/li>\n<li><a class=\"_link_1y6fe_111\" href=\"https:\/\/www.vg.no\/forfatter\/catherine-gonsholt-ighanian\" style=\"z-index:1\" title=\"Catherine Gonsholt Ighanian\" rel=\"nofollow noopener\" target=\"_blank\"><img alt=\"Bilde av Catherine Gonsholt Ighanian\" class=\"_image_1y6fe_88\" fetchpriority=\"low\" loading=\"lazy\" decoding=\"async\" itemprop=\"image\"  src=\"https:\/\/www.europesays.com\/no\/wp-content\/uploads\/2025\/10\/1760530028_42_72dca32d-ee6f-474c-a50e-72a9bb49f38a\"  width=\"480\"\/><\/a><\/li>\n<\/ul>\n<p> Oppdatert onsdag 15. oktober kl. 14:06     <\/p>\n<p class=\"_paragraph_o9xde_4 _paragraph_xtcu6_10 layout-component text-serif-m layout-normal text-serif-m layout-padded\">Det forteller interi\u00f8rdesigneren og programlederen til <a href=\"https:\/\/www.tv2.no\/underholdning\/halvor-bakke-trekker-seg-fra-skal-vi-danse\/18196684\/\" class=\"_link_o9xde_39\" rel=\"nofollow noopener\" target=\"_blank\">TV 2<\/a>.<\/p>\n<p class=\"_paragraph_o9xde_4 _paragraph_xtcu6_10 layout-component text-serif-m layout-normal text-serif-m layout-padded\">\u2013 Jeg trosset legen i to uker, gikk p\u00e5 parketten med sterke smertestillende, bed\u00f8velsesspr\u00f8yter og kortison. Det har v\u00e6rt en lege som har sagt at jeg ikke skal danse, men jeg trosset ham i to uker. N\u00e5 sa han: \u00abNok er nok, n\u00e5 g\u00e5r det ikke lenger. Det er uforsvarlig at du fortsetter\u00bb, sier Bakke til kanalen.<\/p>\n<p class=\"_paragraph_o9xde_4 _paragraph_xtcu6_10 layout-component text-serif-m layout-normal text-serif-m layout-padded\">Han forteller videre at han har hatt en stor betennelse i to t\u00e6r i to \u00e5r. <\/p>\n<p class=\"_paragraph_o9xde_4 _paragraph_xtcu6_10 layout-component text-serif-m layout-normal text-serif-m layout-padded\"><strong class=\"_strong_o9xde_25\">\u2013 Det er helt forferdelig. Jeg er skikkelig lei meg. Jeg har dr\u00f8mt om det ti \u00e5r, og var i s\u00e5 god flyt. <\/strong><\/p>\n<p class=\"_paragraph_o9xde_4 _paragraph_xtcu6_10 layout-component text-serif-m layout-normal text-serif-m layout-padded\">Det var forrige uke han fortalte til TV 2 at han sliter med store smerter i f\u00f8ttene \u2013 et problem som skal ha oppst\u00e5tt allerede f\u00f8r premieren for to uker siden.<\/p>\n<p class=\"_paragraph_o9xde_4 _paragraph_xtcu6_10 layout-component text-serif-m layout-normal text-serif-m layout-padded\">MR-bilder og CT viste betennelse i t\u00e6r, sa han. <\/p>\n<p class=\"_paragraph_o9xde_4 _paragraph_xtcu6_10 layout-component text-serif-m layout-normal text-serif-m layout-padded\">\u2013 Jeg kunne egentlig ikke g\u00e5 p\u00e5 l\u00f8rdag f\u00f8r vi skulle danse.<\/p>\n<p><img alt=\"Halvor Bakke og dansepartneren Amalie fikk to danser p\u00e5 parketten f\u00f8r smertene satte en stopper for ham.   Foto: Helen Wesnes \/ VG\" class=\"_image_qp4xg_65 layout-component layout-right\" data-fullscreen- data-track-element-type=\"Article image fullscreen\" data-track-name=\"ImageFullscreen\" decoding=\"async\" loading=\"lazy\" height=\"5760\" itemprop=\"image\"  src=\"https:\/\/www.europesays.com\/no\/wp-content\/uploads\/2025\/10\/d0732b6a-678a-4b99-9827-0e90108cc7f1\"  style=\"object-position:0% 0%\" width=\"7680\"\/>Halvor Bakke og dansepartneren Amalie fikk to danser p\u00e5 parketten f\u00f8r smertene satte en stopper for ham.   Foto: Helen Wesnes \/ VG<\/p>\n<p class=\"_paragraph_o9xde_4 _paragraph_xtcu6_10 layout-component text-serif-m layout-normal text-serif-m layout-padded\">Skaden ha v\u00e6rt s\u00e5 ille at Bakke fikk beskjed av legen om \u00e5 ikke fortsette i \u00abSkal vi danse\u00bb, if\u00f8lge kanalen.<\/p>\n<p class=\"_paragraph_o9xde_4 _paragraph_xtcu6_10 layout-component text-serif-m layout-normal text-serif-m layout-padded\">Pressesjef i TV 2, Jan-Petter Dahl, skriver i en sms til VG at de syntes det er veldig trist at Bakke m\u00e5 trekke seg.<\/p>\n<p class=\"_paragraph_o9xde_4 _paragraph_xtcu6_10 layout-component text-serif-m layout-normal text-serif-m layout-padded\">\u2013 Men har selvsagt full forst\u00e5else for at han ikke har noe annet valg n\u00e5r skaden er s\u00e5 alvorlig som den er. Konkurransen g\u00e5r sin gang, og to nye par m\u00e5 fortsatt i duell i l\u00f8rdagens sending. S\u00e5 her kan alt skje.<\/p>\n<p class=\"_paragraph_o9xde_4 _paragraph_xtcu6_10 layout-component text-serif-m layout-normal text-serif-m layout-padded\">P\u00e5 sp\u00f8rsm\u00e5l om noen andre vil overta Bakkes plass, svarer Dahl:<\/p>\n<p class=\"_paragraph_o9xde_4 _paragraph_xtcu6_10 layout-component text-serif-m layout-normal text-serif-m layout-padded\">\u2013 Hva som skjer videre vil bli klart p\u00e5 l\u00f8rdag. To par m\u00e5 i duell og et par ryker ut. <\/p>\n<p class=\"_paragraph_o9xde_4 _paragraph_xtcu6_10 layout-component text-serif-m layout-normal text-serif-m layout-padded\">VG har fors\u00f8kt \u00e5 komme i kontakt med Bakke, forel\u00f8pig uten \u00e5 lykkes. <\/p>\n<p><img alt=\"Vendela Kirsebom og Ivo Havranek i premieren til \u00abSkal vi danse\u00bb for halvannen uke siden..  Foto: Thomas Andersen \/ TV 2 \/ TV 2\" class=\"_image_qp4xg_65 layout-component layout-left\" data-fullscreen- data-track-element-type=\"Article image fullscreen\" data-track-name=\"ImageFullscreen\" decoding=\"async\" loading=\"lazy\" height=\"3000\" itemprop=\"image\"  src=\"https:\/\/www.europesays.com\/no\/wp-content\/uploads\/2025\/10\/436c1df8-c378-46c6-9c12-67c188d17a26\"  style=\"object-position:0% 0%\" width=\"4500\"\/>Vendela Kirsebom og Ivo Havranek i premieren til \u00abSkal vi danse\u00bb for halvannen uke siden..  Foto: Thomas Andersen \/ TV 2 \/ TV 2<\/p>\n<p class=\"_paragraph_o9xde_4 _paragraph_xtcu6_10 layout-component text-serif-m layout-normal text-serif-m layout-padded\">Vendela Kirsebom (58) og Ivo Havranek (38) <a href=\"https:\/\/www.vg.no\/rampelys\/i\/Mn4WKE\/skal-vi-danse-i-kveld-ryker-en-av-deltagerne\" data-track-element-type=\"Link\" data-track-id=\"link:Mn4WKE\" class=\"_link_o9xde_39\" rel=\"nofollow noopener\" target=\"_blank\">r\u00f8k ut som f\u00f8rste par l\u00f8rdag<\/a>.<\/p>\n<p class=\"_paragraph_o9xde_4 _paragraph_xtcu6_10 layout-component text-serif-m layout-normal text-serif-m layout-padded\">Kirsebom skriver i en SMS til VG at hun ikke er blitt spurt om \u00e5 steppe inn igjen, men at hun takker ja om det skjer.<\/p>\n<p class=\"_paragraph_o9xde_4 _paragraph_xtcu6_10 layout-component text-serif-m layout-normal text-serif-m layout-padded\">\u2013 Jeg har elsket hvert minutt av \u00e5 l\u00e6re meg \u00e5 danse, og kan gjerne tenke meg \u00e5 komme inn igjen i denne fine gjengen, sier hun.<\/p>\n<p class=\"_paragraph_o9xde_4 _paragraph_xtcu6_10 layout-component text-serif-m layout-normal text-serif-m layout-padded\">\u2013 Men n\u00e5 har jeg jo ikke l\u00e6rt dansen til l\u00f8rdag \u2013 og vet ikke hva Ivo vil si. S\u00e5 det er sikkert litt sent, legger hun til.<\/p>\n","protected":false},"excerpt":{"rendered":"Halvor Bakke (54) sliter med betennelse, og vil derfor holde seg unna parketten av medisinske \u00e5rsaker. Halvor Bakke&hellip;\n","protected":false},"author":2,"featured_media":61121,"comment_status":"","ping_status":"","sticky":false,"template":"","format":"standard","meta":{"footnotes":""},"categories":[58],"tags":[71,2285,30,28,29,2280,72],"class_list":{"0":"post-61120","1":"post","2":"type-post","3":"status-publish","4":"format-standard","5":"has-post-thumbnail","7":"category-underholdning","8":"tag-entertainment","9":"tag-halvor-bakke","10":"tag-no","11":"tag-norge","12":"tag-norway","13":"tag-skal-vi-danse","14":"tag-underholdning"},"share_on_mastodon":{"url":"","error":""},"_links":{"self":[{"href":"https:\/\/www.europesays.com\/no\/wp-json\/wp\/v2\/posts\/61120","targetHints":{"allow":["GET"]}}],"collection":[{"href":"https:\/\/www.europesays.com\/no\/wp-json\/wp\/v2\/posts"}],"about":[{"href":"https:\/\/www.europesays.com\/no\/wp-json\/wp\/v2\/types\/post"}],"author":[{"embeddable":true,"href":"https:\/\/www.europesays.com\/no\/wp-json\/wp\/v2\/users\/2"}],"replies":[{"embeddable":true,"href":"https:\/\/www.europesays.com\/no\/wp-json\/wp\/v2\/comments?post=61120"}],"version-history":[{"count":0,"href":"https:\/\/www.europesays.com\/no\/wp-json\/wp\/v2\/posts\/61120\/revisions"}],"wp:featuredmedia":[{"embeddable":true,"href":"https:\/\/www.europesays.com\/no\/wp-json\/wp\/v2\/media\/61121"}],"wp:attachment":[{"href":"https:\/\/www.europesays.com\/no\/wp-json\/wp\/v2\/media?parent=61120"}],"wp:term":[{"taxonomy":"category","embeddable":true,"href":"https:\/\/www.europesays.com\/no\/wp-json\/wp\/v2\/categories?post=61120"},{"taxonomy":"post_tag","embeddable":true,"href":"https:\/\/www.europesays.com\/no\/wp-json\/wp\/v2\/tags?post=61120"}],"curies":[{"name":"wp","href":"https:\/\/api.w.org\/{rel}","templated":true}]}}