{"id":61122,"date":"2025-10-15T12:12:09","date_gmt":"2025-10-15T12:12:09","guid":{"rendered":"https:\/\/www.europesays.com\/no\/61122\/"},"modified":"2025-10-15T12:12:09","modified_gmt":"2025-10-15T12:12:09","slug":"halvor-bakke-trekker-seg-fra-skal-vi-danse-2","status":"publish","type":"post","link":"https:\/\/www.europesays.com\/no\/61122\/","title":{"rendered":"Halvor Bakke trekker seg fra \u00abSkal vi danse\u00bb"},"content":{"rendered":"<p class=\"kicker \" style=\"\">Se og H\u00f8r avsl\u00f8rer:<\/p>\n<p>  Etter to intense runder p\u00e5 parketten, kan Se og H\u00f8r n\u00e5 avsl\u00f8re at en av deltakerne gir seg i det popul\u00e6re TV 2-programmet.<\/p>\n<p>\n    \u00c5RETS \u00abSKAL VI DANSE\u00bb-DELTAKERE: Emma og Catalin, Halvor og Amalie, Desta og Tarjei, Tiril og Santino, Bernt og Marianne, Emilie og J\u00f8rgen, Danby og Norunn, Vendela og Ivo, Trygve og Ida, Carina og Ole Thomas, Tobias og Vyara, Tale og Antonio og Viggo og Rikke. Foto: Thomas Andersen \/ TV 2\n  <\/p>\n<p>Det er duket for Disney-uke i \u00abSkal vi danse\u00bb, og selv om deltakerne trolig har funnet frem b\u00e5de prinsessekjoler og g\u00f8yale flosshatter, ender eventyret for en av deltakerne allerede n\u00e5.<\/p>\n<p>    <a itemprop=\"url\" href=\"https:\/\/www.seher.no\/kjendis\/jeg-er-klar\/83727329\" rel=\"nofollow noopener\" target=\"_blank\"><\/p>\n<p>      <img loading=\"lazy\" decoding=\"async\" src=\"https:\/\/www.europesays.com\/no\/wp-content\/uploads\/2025\/10\/1760530329_218_83681949.webp\" width=\"147\" height=\"98\" title=\"- Jeg er klar\" alt=\"\" class=\"lazyload\" style=\"--aspect-ratio-image: 1.50; \"\/><\/p>\n<p>        &#8211; Jeg er klar<\/p>\n<p>    <\/a><\/p>\n<p class=\"font-weight-bold m-font-weight-bold\" data-lab-font_weight=\"font-weight-bold\">N\u00e5 kan Se og H\u00f8r avsl\u00f8re at Halvor Bakke (54) har besluttet at hans reise p\u00e5 parketten er over for denne gang.<\/p>\n<p>Til<a href=\"https:\/\/www.tv2.no\/underholdning\/halvor-bakke-skadet-byttet-lege-etter-dansebeskjed\/18173056\/\" rel=\"nofollow noopener\" target=\"_blank\"> TV2 <\/a>har 54-\u00e5ringen tidligere avsl\u00f8rt at den knallharde dansetreningen har f\u00e5tt konsekvenser for helsen, og at han har hatt store problemer med f\u00f8ttene allerede f\u00f8r premieren for to uker siden.<\/p>\n<p>          <img loading=\"lazy\" decoding=\"async\" src=\"https:\/\/www.europesays.com\/no\/wp-content\/uploads\/2025\/10\/83715256.webp\" width=\"686\" height=\"735\" title=\"OVER: Halvor Bakke og hans dansepartner Amalie Aune. Foto: Andreas Fadum \/ Se og H\u00f8r\" alt=\"\" class=\"\" style=\"--aspect-ratio-image: 0.93; \"\/><\/p>\n<p>\n          OVER: Halvor Bakke og hans dansepartner Amalie Aune. Foto: Andreas Fadum \/ Se og H\u00f8r\n      <\/p>\n<p>&#8211; Jeg har store problemer med f\u00f8ttene. Tirsdag f\u00f8r premieren tok jeg MR-bilder og CT, og det viser seg at jeg har store betennelser i tre t\u00e6r. S\u00e5 jeg kunne egentlig ikke g\u00e5 p\u00e5 l\u00f8rdag f\u00f8r vi skulle danse, fortalte han til TV 2.\u00a0<\/p>\n<p>I f\u00f8lge Halvor skal skadene ha v\u00e6rt av s\u00e5pass stor alvorlighetsgrad at legen r\u00e5det han til \u00e5 avslutte deltakelsen sin i programmet.<\/p>\n<p>        OVERRASKET: F\u00f8rste deltaker m\u00e5tte l\u00f8rdag forlate \u00abSkal vi danse\u00bb-parketten, og Emilie Enger Mehl kom med overraskende svar p\u00e5 hvordan hun skulle unng\u00e5 det. Video: Sanne Holt\/ Kine Falch\/ TV 2\/ R\u00f8d L\u00f8per<\/p>\n<p>Halvor kunne videre fortelle at han hadde benyttet seg av betennelsesdempende medisiner og kortisonspr\u00f8yte &#8211; samt funnet en annen lege som ga ham gr\u00f8nt lys til \u00e5 fortsette konkurransen.<\/p>\n<p>        DRAMA F\u00d8R SENDING: Tobias Becs feilgrep under generalpr\u00f8ven endte med et dramatisk \u00f8yeblikk og isposer. Video: Danny Son Ngoc To\/ Kine Falch\/ Sanne Holt\/ R\u00f8d L\u00f8per\/ TV 2<\/p>\n<p>Selv om denne legen ga ham klarsignal til at Halvor kunne fortsette i TV 2-programmet, har han likevel bestemt seg for \u00e5 gi seg.\u00a0<\/p>\n<p class=\"font-weight-bold m-font-weight-bold\" data-lab-font_weight=\"font-weight-bold\">&#8211;\u00a0 Dette er av medisinske \u00e5rsaker. Jeg trosset legen i to uker, gikk p\u00e5 parketten med sterke smertestillende, bed\u00f8velsesspr\u00f8yter og kortison. Det har v\u00e6rt en lege som har sagt at jeg ikke skal danse, men jeg trosset ham i to uker. N\u00e5 sa han: \u00abNok er nok, n\u00e5 g\u00e5r det ikke lenger. Det er uforsvarlig at du fortsetter\u00bb, sier Halvor til <a href=\"https:\/\/www.tv2.no\/underholdning\/halvor-bakke-trekker-seg-fra-skal-vi-danse\/18196684\/\" rel=\"nofollow noopener\" target=\"_blank\">TV 2<\/a> etter sjokk-exiten.<\/p>\n<p>        SKUESPILLER: \u00abSkal vi danse\u00bb-aktuelle Viggo Venn hadde en rolle i en popul\u00e6r TV-serie for flere \u00e5r siden. Video: Nora Skavhaug <\/p>\n<p>Han har ogs\u00e5 delt nyheten i et Instagram-innlegg.\u00a0<\/p>\n<p>\u00abDette eventyret har v\u00e6rt noe av det mest utfordrende, morsomme og givende jeg noen gang har v\u00e6rt med p\u00e5. En enorm takk til min fantastiske dansepartner Amalie &#8211; du har v\u00e6rt t\u00e5lmodig, inspirerende og helt uvurderlig. Uten deg hadde jeg ikke klart en eneste dans\u2764\ufe0f, er blant det TV-profilen og interi\u00f8reksperten skriver.\u00a0<\/p>\n<p>Han fortsetter:\u00a0<\/p>\n<p>\u00abTakk til hele produksjonen og TV 2 for tilliten, og ikke minst til min nye familie p\u00e5 dansesenteret. Jeg har blitt s\u00e5 utrolig glad i dere. \u2764\ufe0f Tusen takk til alle som har heiet og stemt p\u00e5 oss. Vi er evig takknemlig \u2764\ufe0f\u00bb.<\/p>\n<p class=\"italic m-italic font-weight-light m-font-weight-light\" data-lab-font_weight=\"font-weight-light\" data-lab-italic=\"italic\">Se og H\u00f8r har v\u00e6rt i kontakt med Halvor Bakke, som henviser til TV 2. Utover det har han ingen ytterligere kommentarer.\u00a0<\/p>\n","protected":false},"excerpt":{"rendered":"Se og H\u00f8r avsl\u00f8rer: Etter to intense runder p\u00e5 parketten, kan Se og H\u00f8r n\u00e5 avsl\u00f8re at en&hellip;\n","protected":false},"author":2,"featured_media":61123,"comment_status":"","ping_status":"","sticky":false,"template":"","format":"standard","meta":{"footnotes":""},"categories":[5],"tags":[20,21,4104,24,25,2285,15,19,479,22,23,17,18,13,30,28,29,14,16,2280,26,27],"class_list":{"0":"post-61122","1":"post","2":"type-post","3":"status-publish","4":"format-standard","5":"has-post-thumbnail","7":"category-overskrifter","8":"tag-breaking-news","9":"tag-breakingnews","10":"tag-eksklusivt","11":"tag-featured-news","12":"tag-featurednews","13":"tag-halvor-bakke","14":"tag-headlines","15":"tag-hovedoppslag","16":"tag-kjendis","17":"tag-latest-news","18":"tag-latestnews","19":"tag-main-news","20":"tag-mainnews","21":"tag-news","22":"tag-no","23":"tag-norge","24":"tag-norway","25":"tag-nyheter","26":"tag-overskrifter","27":"tag-skal-vi-danse","28":"tag-top-stories","29":"tag-topstories"},"share_on_mastodon":{"url":"","error":""},"_links":{"self":[{"href":"https:\/\/www.europesays.com\/no\/wp-json\/wp\/v2\/posts\/61122","targetHints":{"allow":["GET"]}}],"collection":[{"href":"https:\/\/www.europesays.com\/no\/wp-json\/wp\/v2\/posts"}],"about":[{"href":"https:\/\/www.europesays.com\/no\/wp-json\/wp\/v2\/types\/post"}],"author":[{"embeddable":true,"href":"https:\/\/www.europesays.com\/no\/wp-json\/wp\/v2\/users\/2"}],"replies":[{"embeddable":true,"href":"https:\/\/www.europesays.com\/no\/wp-json\/wp\/v2\/comments?post=61122"}],"version-history":[{"count":0,"href":"https:\/\/www.europesays.com\/no\/wp-json\/wp\/v2\/posts\/61122\/revisions"}],"wp:featuredmedia":[{"embeddable":true,"href":"https:\/\/www.europesays.com\/no\/wp-json\/wp\/v2\/media\/61123"}],"wp:attachment":[{"href":"https:\/\/www.europesays.com\/no\/wp-json\/wp\/v2\/media?parent=61122"}],"wp:term":[{"taxonomy":"category","embeddable":true,"href":"https:\/\/www.europesays.com\/no\/wp-json\/wp\/v2\/categories?post=61122"},{"taxonomy":"post_tag","embeddable":true,"href":"https:\/\/www.europesays.com\/no\/wp-json\/wp\/v2\/tags?post=61122"}],"curies":[{"name":"wp","href":"https:\/\/api.w.org\/{rel}","templated":true}]}}