{"id":61131,"date":"2025-10-15T12:20:10","date_gmt":"2025-10-15T12:20:10","guid":{"rendered":"https:\/\/www.europesays.com\/no\/61131\/"},"modified":"2025-10-15T12:20:10","modified_gmt":"2025-10-15T12:20:10","slug":"brann-stjerne-felix-horn-myhre-ute-i-to-uker","status":"publish","type":"post","link":"https:\/\/www.europesays.com\/no\/61131\/","title":{"rendered":"Brann-stjerne Felix Horn Myhre ute i to uker"},"content":{"rendered":"\n<p class=\"_lead_o9xde_2 _lead_xtcu6_50 layout-component text-serif-m layout-normal text-serif-l layout-component layout-wide layout-padded _wide_17hqh_1 layout-padded\">Skadesituasjonen til S\u00e6var Atli Magnusson er uklar, samtidig som det er klart at Felix Horn Myhre mister flere kamper.<\/p>\n<p><img alt=\" Foto: Carina Johansen \/ NTB\" class=\"_image_qp4xg_65 layout-component layout-wide\" data-fullscreen- data-track-element-type=\"Article image fullscreen\" data-track-name=\"ImageFullscreen\" fetchpriority=\"high\" decoding=\"sync\" loading=\"eager\" height=\"3235\" itemprop=\"image\"  src=\"https:\/\/www.europesays.com\/no\/wp-content\/uploads\/2025\/10\/f3b7d497-a978-4781-bc94-bbf0df9c83e9\"  style=\"object-position:0% 0%\" width=\"4852\"\/> Foto: Carina Johansen \/ NTB<\/p>\n<ul aria-hidden=\"true\" class=\"_images_1y6fe_106\">\n<li><a class=\"_link_1y6fe_111\" href=\"https:\/\/www.vg.no\/forfatter\/andreas-hopen\" style=\"z-index:1\" title=\"Andreas Hopen\" rel=\"nofollow noopener\" target=\"_blank\"><img alt=\"Bilde av Andreas Hopen\" class=\"_image_1y6fe_88\" fetchpriority=\"low\" loading=\"lazy\" decoding=\"async\" itemprop=\"image\"  src=\"https:\/\/www.europesays.com\/no\/wp-content\/uploads\/2025\/10\/1760530810_34_8d697287-ea03-4d54-ab67-6d65b82629eb\"  width=\"480\"\/><\/a><\/li>\n<\/ul>\n<p> Oppdatert onsdag 15. oktober kl. 13:15     <\/p>\n<p class=\"_paragraph_o9xde_4 _paragraph_xtcu6_10 layout-component text-serif-m layout-normal text-serif-m layout-padded\">Det bekrefter Brann-trener Freyr Alexandersson til <a href=\"https:\/\/www.bt.no\/sport\/ballspark\/i\/ny3615\/saevar-atli-magnusson-og-felix-horn-myhre-er-skadet\" class=\"_link_o9xde_39\" rel=\"nofollow noopener\" target=\"_blank\">Bergens Tidende<\/a>.<\/p>\n<p class=\"_paragraph_o9xde_4 _paragraph_xtcu6_10 layout-component text-serif-m layout-normal text-serif-m layout-padded\">\u2013 Det ser ut som det blir to uker borte fra fotballbanen for Felix, sier Brann-treneren til avisen.<\/p>\n<p class=\"_paragraph_o9xde_4 _paragraph_xtcu6_10 layout-component text-serif-m layout-normal text-serif-m layout-padded\">Midtbanespilleren forlot landslagssamlingen med en skade tidligere denne uken. Horn Myhre var uansett suspendert til helgens kamp mot Haugesund, men mister n\u00e5 ogs\u00e5 trolig Europa League-kampen mot Rangers og bortekampen mot Rosenborg i <a href=\"https:\/\/www.vg.no\/tag\/eliteserien?utm_source=vg-article&amp;utm_medium=auto-tagger&amp;utm_campaign=al5nRL\" class=\"_link_o9xde_39\" rel=\"nofollow noopener\" target=\"_blank\">Eliteserien<\/a>.<\/p>\n<p class=\"_paragraph_o9xde_4 _paragraph_xtcu6_10 layout-component text-serif-m layout-normal text-serif-m layout-padded\">I tillegg til Horn Myhre p\u00e5dro S\u00e6var Atli Magnusson seg en skade i landslagspausen. 25-\u00e5ringen m\u00e5tte ut med skade like f\u00f8r pause mot Frankrike med det som er en kneskade.<\/p>\n<p class=\"_paragraph_o9xde_4 _paragraph_xtcu6_10 layout-component text-serif-m layout-normal text-serif-m layout-padded\">Alexandersson utelukker det verste scenarioet.<\/p>\n<p class=\"_paragraph_o9xde_4 _paragraph_xtcu6_10 layout-component text-serif-m layout-normal text-serif-m layout-padded\">\u2013 Han skal unders\u00f8kes n\u00e6rmere i dag, men jeg kan med stor sikkerhet si det ikke er et r\u00f8ket korsb\u00e5nd, sier Freyr Alexandersson til avisen.<\/p>\n","protected":false},"excerpt":{"rendered":"Skadesituasjonen til S\u00e6var Atli Magnusson er uklar, samtidig som det er klart at Felix Horn Myhre mister flere&hellip;\n","protected":false},"author":2,"featured_media":61132,"comment_status":"","ping_status":"","sticky":false,"template":"","format":"standard","meta":{"footnotes":""},"categories":[59],"tags":[134,92,30,28,29,418,83,82],"class_list":{"0":"post-61131","1":"post","2":"type-post","3":"status-publish","4":"format-standard","5":"has-post-thumbnail","7":"category-sport","8":"tag-eliteserien","9":"tag-fotball","10":"tag-no","11":"tag-norge","12":"tag-norway","13":"tag-sk-brann","14":"tag-sport","15":"tag-sports"},"share_on_mastodon":{"url":"","error":""},"_links":{"self":[{"href":"https:\/\/www.europesays.com\/no\/wp-json\/wp\/v2\/posts\/61131","targetHints":{"allow":["GET"]}}],"collection":[{"href":"https:\/\/www.europesays.com\/no\/wp-json\/wp\/v2\/posts"}],"about":[{"href":"https:\/\/www.europesays.com\/no\/wp-json\/wp\/v2\/types\/post"}],"author":[{"embeddable":true,"href":"https:\/\/www.europesays.com\/no\/wp-json\/wp\/v2\/users\/2"}],"replies":[{"embeddable":true,"href":"https:\/\/www.europesays.com\/no\/wp-json\/wp\/v2\/comments?post=61131"}],"version-history":[{"count":0,"href":"https:\/\/www.europesays.com\/no\/wp-json\/wp\/v2\/posts\/61131\/revisions"}],"wp:featuredmedia":[{"embeddable":true,"href":"https:\/\/www.europesays.com\/no\/wp-json\/wp\/v2\/media\/61132"}],"wp:attachment":[{"href":"https:\/\/www.europesays.com\/no\/wp-json\/wp\/v2\/media?parent=61131"}],"wp:term":[{"taxonomy":"category","embeddable":true,"href":"https:\/\/www.europesays.com\/no\/wp-json\/wp\/v2\/categories?post=61131"},{"taxonomy":"post_tag","embeddable":true,"href":"https:\/\/www.europesays.com\/no\/wp-json\/wp\/v2\/tags?post=61131"}],"curies":[{"name":"wp","href":"https:\/\/api.w.org\/{rel}","templated":true}]}}