{"id":6114,"date":"2025-08-12T15:42:10","date_gmt":"2025-08-12T15:42:10","guid":{"rendered":"https:\/\/www.europesays.com\/no\/6114\/"},"modified":"2025-08-12T15:42:10","modified_gmt":"2025-08-12T15:42:10","slug":"jordbaer-reker-doblet-salget-av-norske-jordbaer","status":"publish","type":"post","link":"https:\/\/www.europesays.com\/no\/6114\/","title":{"rendered":"Jordb\u00e6r, Reker | Doblet salget av norske jordb\u00e6r"},"content":{"rendered":"\n<p>H\u00f8ye sommertemperaturer har gitt utslag p\u00e5 salget hos Rema 1000 i sommer. B\u00e5de salget av reker, jordb\u00e6r og melon har eksplodert.<\/p>\n<p>Rema har doblet salget av kurver med norske jordb\u00e6r, mens salget av moreller \u00f8kte med 40 prosent og vannmelon er doblet.<\/p>\n<p>\u2013 Det er sv\u00e6rt positivt at nordmenn i enda st\u00f8rre grad enn tidligere velger sunne alternativer n\u00e5r de g\u00e5r i butikken. Med den varme og solrike sommeren i store deler av landet, er det ikke rart at mange har valgt frisk og leskende frukt \u00e5 kose seg med, sier salg- og markedsdirekt\u00f8r i Rema 1000, Pia Mellbye.<\/p>\n<p>  <a href=\"https:\/\/www.nationen.no\/5-148-772807\" class=\"related-teaser has-image default-story-teaser article--c-eRUmMG article--c-eRUmMG-jKCPdD-design-default\" rel=\"nofollow noopener\" target=\"_blank\"><\/p>\n<p>    <img decoding=\"async\" loading=\"lazy\"  src=\"https:\/\/www.europesays.com\/no\/wp-content\/uploads\/2025\/08\/531785682_643215021616872_7685499397249420029_n.jpg\" alt=\"\" class=\"brick-c-cFOWSL\" style=\"\"\/><\/p>\n<p>\n            Les ogs\u00e5<\/p>\n<p>              Mener genteknologi kan redde den norske jordb\u00e6rsmaken\n        <\/p>\n<p>  <\/a><\/p>\n<p>Rema 1000 har sammenlignet tall fra i \u00e5r med samme periode i fjor &#8211; de \u00e5tte ukene mellom 9. juni og 31. juli. Den viser at ogs\u00e5 rekesalget har skutt i v\u00e5ret.<\/p>\n<p>\u2013 At nordmenn elsker \u00e5 spise sj\u00f8mat p\u00e5 sommeren er ingen hemmelighet, men at salget av reker har \u00f8kt med 63 prosent i 2025 sammenlignet med samme periode i fjor, hadde vi ikke forventet. Jeg tror dette handler om at mange har \u00f8nsket seg enkel, smakfull og sunn mat p\u00e5 varme sommerkvelder, sier Melleby.<\/p>\n<p>  <a href=\"https:\/\/www.nationen.no\/5-148-768443\" class=\"related-teaser has-image default-story-teaser article--c-eRUmMG article--c-eRUmMG-jKCPdD-design-default\" rel=\"nofollow noopener\" target=\"_blank\"><\/p>\n<p>    <img decoding=\"async\" loading=\"lazy\"  src=\"https:\/\/www.europesays.com\/no\/wp-content\/uploads\/2025\/08\/6S_YXw3z82I.jfif\" alt=\"\" class=\"brick-c-cFOWSL\" style=\"\"\/><\/p>\n<p>\n            Les ogs\u00e5<\/p>\n<p>              N\u00e5 kommer de f\u00f8rste norske eplene \u2013 tyder p\u00e5 en lang sesong\n        <\/p>\n<p>  <\/a><\/p>\n<p>Les mer om: artikkelemnene<\/p>\n","protected":false},"excerpt":{"rendered":"H\u00f8ye sommertemperaturer har gitt utslag p\u00e5 salget hos Rema 1000 i sommer. B\u00e5de salget av reker, jordb\u00e6r og&hellip;\n","protected":false},"author":2,"featured_media":6115,"comment_status":"","ping_status":"","sticky":false,"template":"","format":"standard","meta":{"footnotes":""},"categories":[10],"tags":[36,20,21,824,24,25,15,1390,22,23,737,1393,13,30,28,29,14,16,1391,1394,26,27,1392],"class_list":{"0":"post-6114","1":"post","2":"type-post","3":"status-publish","4":"format-standard","5":"has-post-thumbnail","7":"category-norge","8":"tag-art","9":"tag-breaking-news","10":"tag-breakingnews","11":"tag-dagligvare","12":"tag-featured-news","13":"tag-featurednews","14":"tag-headlines","15":"tag-jordbaer","16":"tag-latest-news","17":"tag-latestnews","18":"tag-mat","19":"tag-moreller","20":"tag-news","21":"tag-no","22":"tag-norge","23":"tag-norway","24":"tag-nyheter","25":"tag-overskrifter","26":"tag-reker","27":"tag-rema-1000","28":"tag-top-stories","29":"tag-topstories","30":"tag-vaske-melon"},"share_on_mastodon":{"url":"","error":""},"_links":{"self":[{"href":"https:\/\/www.europesays.com\/no\/wp-json\/wp\/v2\/posts\/6114","targetHints":{"allow":["GET"]}}],"collection":[{"href":"https:\/\/www.europesays.com\/no\/wp-json\/wp\/v2\/posts"}],"about":[{"href":"https:\/\/www.europesays.com\/no\/wp-json\/wp\/v2\/types\/post"}],"author":[{"embeddable":true,"href":"https:\/\/www.europesays.com\/no\/wp-json\/wp\/v2\/users\/2"}],"replies":[{"embeddable":true,"href":"https:\/\/www.europesays.com\/no\/wp-json\/wp\/v2\/comments?post=6114"}],"version-history":[{"count":0,"href":"https:\/\/www.europesays.com\/no\/wp-json\/wp\/v2\/posts\/6114\/revisions"}],"wp:featuredmedia":[{"embeddable":true,"href":"https:\/\/www.europesays.com\/no\/wp-json\/wp\/v2\/media\/6115"}],"wp:attachment":[{"href":"https:\/\/www.europesays.com\/no\/wp-json\/wp\/v2\/media?parent=6114"}],"wp:term":[{"taxonomy":"category","embeddable":true,"href":"https:\/\/www.europesays.com\/no\/wp-json\/wp\/v2\/categories?post=6114"},{"taxonomy":"post_tag","embeddable":true,"href":"https:\/\/www.europesays.com\/no\/wp-json\/wp\/v2\/tags?post=6114"}],"curies":[{"name":"wp","href":"https:\/\/api.w.org\/{rel}","templated":true}]}}