{"id":61149,"date":"2025-10-15T12:41:13","date_gmt":"2025-10-15T12:41:13","guid":{"rendered":"https:\/\/www.europesays.com\/no\/61149\/"},"modified":"2025-10-15T12:41:13","modified_gmt":"2025-10-15T12:41:13","slug":"hakon-moe-berg-far-landslagsplass","status":"publish","type":"post","link":"https:\/\/www.europesays.com\/no\/61149\/","title":{"rendered":"H\u00e5kon Moe Berg f\u00e5r landslagsplass"},"content":{"rendered":"\n<p class=\"_lead_o9xde_2 _lead_xtcu6_50 layout-component text-serif-m layout-normal text-serif-l layout-component layout-wide layout-padded _wide_17hqh_1 layout-padded\">H\u00e5kon Moe Berg (19) f\u00e5r likevel plass p\u00e5 seniorlandslaget i friidrett etter at han tirsdag ble vraket.<\/p>\n<p><img alt=\" Foto: Bj\u00f8rn S. Delebekk \/ VG\" class=\"_image_qp4xg_65 layout-component layout-wide\" data-fullscreen- data-track-element-type=\"Article image fullscreen\" data-track-name=\"ImageFullscreen\" fetchpriority=\"high\" decoding=\"sync\" loading=\"eager\" height=\"5504\" itemprop=\"image\"  src=\"https:\/\/www.europesays.com\/no\/wp-content\/uploads\/2025\/10\/d483da39-fe00-404b-80bd-f953b628fd16\"  style=\"object-position:0% 0%\" width=\"8256\"\/> Foto: Bj\u00f8rn S. Delebekk \/ VG<\/p>\n<ul aria-hidden=\"true\" class=\"_images_1y6fe_106\">\n<li><a class=\"_link_1y6fe_111\" href=\"https:\/\/www.vg.no\/forfatter\/henrik-davidsen-hellevik\" style=\"z-index:2\" title=\"Henrik Davidsen Hellevik\" rel=\"nofollow noopener\" target=\"_blank\"><img alt=\"Bilde av Henrik Davidsen Hellevik\" class=\"_image_1y6fe_88\" fetchpriority=\"low\" loading=\"lazy\" decoding=\"async\" itemprop=\"image\"  src=\"https:\/\/www.europesays.com\/no\/wp-content\/uploads\/2025\/10\/5443292c-a647-4269-871c-1f6248707e55\"  width=\"480\"\/><\/a><\/li>\n<li><a class=\"_link_1y6fe_111\" href=\"https:\/\/www.vg.no\/forfatter\/ntb\" style=\"z-index:1\" title=\"NTB\" rel=\"nofollow noopener\" target=\"_blank\"><img alt=\"Bilde av NTB\" class=\"_image_1y6fe_88\" fetchpriority=\"low\" loading=\"lazy\" decoding=\"async\" itemprop=\"image\"  src=\"https:\/\/www.europesays.com\/no\/wp-content\/uploads\/2025\/10\/1760532073_787_c33980b0-5d07-4027-84a1-813f90a7c8d6\"  width=\"480\"\/><\/a><\/li>\n<\/ul>\n<p> Oppdatert onsdag 15. oktober kl. 13:19    <\/p>\n<ul class=\"_list_o9xde_3 _list_64s2r_85 _unordered_o9xde_106 text-sans-m\">\n<li class=\"_item_o9xde_30\">H\u00e5kon Moe Berg (19) f\u00e5r likevel plass p\u00e5 friidrettens seniorlandslag, etter vraking tirsdag.<\/li>\n<li class=\"_item_o9xde_30\">Forbundet revurderte og flyttet ham fra U23 til OL\/PL 2028-laget; Berg kalte vrakingen \u00aben sjokknyhet\u00bb.<\/li>\n<li class=\"_item_o9xde_30\">Mellomdistansel\u00f8peren ble norgesmester p\u00e5 1500 m, tok dobbelt U20-EM-gull og satte 3.30,28, men r\u00f8k ut i fors\u00f8ket i VM i Tokyo.<\/li>\n<\/ul>\n<p>Vis mer <\/p>\n<p class=\"_paragraph_o9xde_4 _paragraph_xtcu6_10 layout-component text-serif-m layout-normal text-serif-m layout-padded\">Det opplyser Friidrettsforbundet i en melding onsdag.<\/p>\n<p class=\"_paragraph_o9xde_4 _paragraph_xtcu6_10 layout-component text-serif-m layout-normal text-serif-m layout-padded\"><a href=\"https:\/\/www.vg.no\/sport\/i\/o3j2aa\/loepefenomenet-reagerer-paa-landslagsvraking-en-sjokknyhet\" data-track-element-type=\"Link\" data-track-id=\"link:o3j2aa\" class=\"_link_o9xde_39\" rel=\"nofollow noopener\" target=\"_blank\">H\u00e5kon Moe Berg (19) var ikke p\u00e5 listen<\/a> da Norges Friidrettsforbund tirsdag tok ut seniorlandslaget for det neste \u00e5ret.<\/p>\n<p class=\"_paragraph_o9xde_4 _paragraph_xtcu6_10 layout-component text-serif-m layout-normal text-serif-m layout-padded\">Onsdag kom kontrabeskjeden, og mellomdistansl\u00f8peren er tatt ut til troppen.<\/p>\n<p class=\"_paragraph_o9xde_4 _paragraph_xtcu6_10 layout-component text-serif-m layout-normal text-serif-m layout-padded\">\u2013 Vi har flyttet han fra U23- til seniorlandslaget, etter at det har v\u00e6rt noen henvendelser til uttaket. Vi har konferert med de som har gitt kriteriene, og funnet ut at vi har kunnet bruke skj\u00f8nn, sier friidrettsforbundets sportssjef Erlend Slokvik til VG.<\/p>\n<p class=\"_paragraph_o9xde_4 _paragraph_xtcu6_10 layout-component text-serif-m layout-normal text-serif-m layout-padded\">\u00abMellomdistansel\u00f8peren <a href=\"https:\/\/www.vg.no\/tag\/haakon-moe-berg?utm_source=vg-article&amp;utm_medium=auto-tagger&amp;utm_campaign=25L7BB\" class=\"_link_o9xde_39\" rel=\"nofollow noopener\" target=\"_blank\">H\u00e5kon Moe Berg<\/a> (f\u00f8dt 2006) fra Kyrks\u00e6ter\u00f8ra IL ble p\u00e5 prinsipielt grunnlag ikke tatt ut til VM 2027-laget eller OL\/PL 2028-laget. Etter en revurdering av uttaket, er han n\u00e5 flyttet opp fra U23-landslaget (ut\u00f8vere f\u00f8dt 2004, 2005 og 2006) til OL\/PL 2028-laget\u00bb, heter det.<\/p>\n<p class=\"_paragraph_o9xde_4 _paragraph_xtcu6_10 layout-component text-serif-m layout-normal text-serif-m layout-padded\">\u2013 Det er utrolig stas. Jeg har stor respekt for forbundet som snur om p\u00e5 avgj\u00f8relsen, sier Moe Berg til VG.<\/p>\n<p class=\"_paragraph_o9xde_4 _paragraph_xtcu6_10 layout-component text-serif-m layout-normal text-serif-m layout-padded\">Til tross for vrakingen tirsdag, og helomvendingen onsdag, \u00f8nsker ikke Slokvik \u00e5 g\u00e5 n\u00e6rmere inn p\u00e5 hvorfor endringen i deres valg oppsto. Han kan likevel bekrefte at det er f\u00f8rste gang det har skjedd at et slikt valg har blitt revurdert og endret.<\/p>\n<p class=\"_paragraph_o9xde_4 _paragraph_xtcu6_10 layout-component text-serif-m layout-normal text-serif-m layout-padded\">\u2013 H\u00e5kon selv var skuffet etter det f\u00f8rste uttaket. Det har videre v\u00e6rt dialog innad i forbundet, og etter det falt vi ned p\u00e5 denne konklusjonen, sier Slokvik.<\/p>\n<p class=\"_paragraph_o9xde_4 _paragraph_xtcu6_10 layout-component text-serif-m layout-normal text-serif-m layout-padded\">\u2013 Det har aldri v\u00e6rt tvil om han er et talent.<\/p>\n<p class=\"_paragraph_o9xde_4 _paragraph_xtcu6_10 layout-component text-serif-m layout-normal text-serif-m layout-padded\">L\u00f8psfenomenet sjokkerte friidrettsverdenen i sommer. F\u00f8rst ble han norgesmester p\u00e5 1500-meter, foran Narve Gilje Nord\u00e5s, s\u00e5 han vant dobbelt U20-EM-gull, f\u00f8r han sikret VM-plassen da han satte personlig rekordpersonlig rekordPersonlig rekord: 3.30,28 p\u00e5 1500-meter med over fem sekunder i et l\u00f8p i Tyskland 20. august.<\/p>\n<p class=\"_paragraph_o9xde_4 _paragraph_xtcu6_10 layout-component text-serif-m layout-normal text-serif-m layout-padded\">\u2013 Jeg m\u00e5 bare gj\u00f8re s\u00e5 godt jeg kan, s\u00e5 ser b\u00e5de utviklingen og fremtiden lys ut, sier 19-\u00e5ringen.<\/p>\n<p class=\"_paragraph_o9xde_4 _paragraph_xtcu6_10 layout-component text-serif-m layout-normal text-serif-m layout-padded\">Fantomtiden i Tyskland ga tur til verdensmesterskapet i Tokyo i h\u00f8st. Der r\u00f8k Berg ut i fors\u00f8ket.<\/p>\n<p class=\"_paragraph_o9xde_4 _paragraph_xtcu6_10 layout-component text-serif-m layout-normal text-serif-m layout-padded\">Og sportssjefen er h\u00e5pefull om Moe Bergs fremtid, n\u00e5 ogs\u00e5 p\u00e5 friidrettslandslagets \u00f8verste niv\u00e5.<\/p>\n<p class=\"_paragraph_o9xde_4 _paragraph_xtcu6_10 layout-component text-serif-m layout-normal text-serif-m layout-padded\">\u2013 Jeg vil h\u00e5pe han stabiliserer seg p\u00e5 det h\u00f8ye niv\u00e5et han har hatt p\u00e5 seniorniv\u00e5, avslutter Slokvik.<\/p>\n","protected":false},"excerpt":{"rendered":"H\u00e5kon Moe Berg (19) f\u00e5r likevel plass p\u00e5 seniorlandslaget i friidrett etter at han tirsdag ble vraket. Foto:&hellip;\n","protected":false},"author":2,"featured_media":61150,"comment_status":"","ping_status":"","sticky":false,"template":"","format":"standard","meta":{"footnotes":""},"categories":[59],"tags":[423,959,30,28,29,83,82],"class_list":{"0":"post-61149","1":"post","2":"type-post","3":"status-publish","4":"format-standard","5":"has-post-thumbnail","7":"category-sport","8":"tag-friidrett","9":"tag-hakon-moe-berg","10":"tag-no","11":"tag-norge","12":"tag-norway","13":"tag-sport","14":"tag-sports"},"share_on_mastodon":{"url":"","error":""},"_links":{"self":[{"href":"https:\/\/www.europesays.com\/no\/wp-json\/wp\/v2\/posts\/61149","targetHints":{"allow":["GET"]}}],"collection":[{"href":"https:\/\/www.europesays.com\/no\/wp-json\/wp\/v2\/posts"}],"about":[{"href":"https:\/\/www.europesays.com\/no\/wp-json\/wp\/v2\/types\/post"}],"author":[{"embeddable":true,"href":"https:\/\/www.europesays.com\/no\/wp-json\/wp\/v2\/users\/2"}],"replies":[{"embeddable":true,"href":"https:\/\/www.europesays.com\/no\/wp-json\/wp\/v2\/comments?post=61149"}],"version-history":[{"count":0,"href":"https:\/\/www.europesays.com\/no\/wp-json\/wp\/v2\/posts\/61149\/revisions"}],"wp:featuredmedia":[{"embeddable":true,"href":"https:\/\/www.europesays.com\/no\/wp-json\/wp\/v2\/media\/61150"}],"wp:attachment":[{"href":"https:\/\/www.europesays.com\/no\/wp-json\/wp\/v2\/media?parent=61149"}],"wp:term":[{"taxonomy":"category","embeddable":true,"href":"https:\/\/www.europesays.com\/no\/wp-json\/wp\/v2\/categories?post=61149"},{"taxonomy":"post_tag","embeddable":true,"href":"https:\/\/www.europesays.com\/no\/wp-json\/wp\/v2\/tags?post=61149"}],"curies":[{"name":"wp","href":"https:\/\/api.w.org\/{rel}","templated":true}]}}