{"id":61153,"date":"2025-10-15T12:45:12","date_gmt":"2025-10-15T12:45:12","guid":{"rendered":"https:\/\/www.europesays.com\/no\/61153\/"},"modified":"2025-10-15T12:45:12","modified_gmt":"2025-10-15T12:45:12","slug":"petter-32-matte-vike-for-russisk-ubat","status":"publish","type":"post","link":"https:\/\/www.europesays.com\/no\/61153\/","title":{"rendered":"Petter (32) m\u00e5tte vike for russisk ub\u00e5t"},"content":{"rendered":"\n<p class=\"_paragraph_o9xde_4 _paragraph_xtcu6_10 layout-component text-serif-m layout-normal text-serif-m layout-padded\">Tirsdag gikk ub\u00e5t-alarmen i Sverige, da en russisk ub\u00e5t dukket opp i deres farvann. N\u00e5 f\u00f8lges den av svensk kystvakt.<\/p>\n<p class=\"_paragraph_o9xde_4 _paragraph_xtcu6_10 layout-component text-serif-m layout-normal text-serif-m layout-padded\">Mandag hadde den norske seileren Petter Ingebregtsen sammen med styrmann Elise Tonga et uventet m\u00f8te med den samme ub\u00e5ten, da de seilte fra Danmark mot Norge i seilb\u00e5ten \u00abUrd Sofie\u00bb.<\/p>\n<p class=\"_paragraph_o9xde_4 _paragraph_xtcu6_10 layout-component text-serif-m layout-normal text-serif-m layout-padded\">Ub\u00e5ten er samme<a href=\"https:\/\/www.france24.com\/en\/europe\/20251001-russia-submarine-gibraltar-fuel-leak-mediterranean-risk-explosion\" class=\"_link_o9xde_39\" rel=\"nofollow noopener\" target=\"_blank\"> som forrige uke fikk motorproblemer utenfor Frankrike<\/a>. Mer om det lenger nede, men f\u00f8rst til Petters og Elins m\u00f8te med ub\u00e5ten:<\/p>\n<p><img alt=\"TETT P\u00c5: \u2013 Vi hadde ganske lik kurs. Jeg hadde ikke sett noen ub\u00e5t f\u00f8r, s\u00e5 jeg klarte ikke se hvilken retning den kj\u00f8rte, forklarer Petter Ingebregtsen om hvorfor de endte s\u00e5 n\u00e6r hverandre.  Foto: Privat\" class=\"_image_qp4xg_65 layout-component layout-normal\" data-fullscreen- data-track-element-type=\"Article image fullscreen\" data-track-name=\"ImageFullscreen\" decoding=\"async\" loading=\"lazy\" height=\"1572\" itemprop=\"image\"  src=\"https:\/\/www.europesays.com\/no\/wp-content\/uploads\/2025\/10\/528e02b0-7af8-47c2-b9b2-2eaff204c990\"  style=\"object-position:0% 0%\" width=\"2002\"\/>TETT P\u00c5: \u2013 Vi hadde ganske lik kurs. Jeg hadde ikke sett noen ub\u00e5t f\u00f8r, s\u00e5 jeg klarte ikke se hvilken retning den kj\u00f8rte, forklarer Petter Ingebregtsen om hvorfor de endte s\u00e5 n\u00e6r hverandre.  Foto: Privat<\/p>\n<p class=\"_paragraph_o9xde_4 _paragraph_xtcu6_10 layout-component text-serif-m layout-normal text-serif-m layout-padded\">\u2013 Rett nord for Skagen s\u00e5 jeg en rar silhuett i horisonten. Jeg kikket p\u00e5 den i kikkert og ble etter hvert sikker p\u00e5 at det var en ub\u00e5t, sier Petter til VG. <\/p>\n<p class=\"_paragraph_o9xde_4 _paragraph_xtcu6_10 layout-component text-serif-m layout-normal text-serif-m layout-padded\"><strong class=\"_strong_o9xde_25\">Gradvis ble det tydelig for ham at ub\u00e5ten hadde nesten samme kurs som ham. De kom stadig n\u00e6rmere hverandre.<\/strong><\/p>\n<p><img alt=\"DEN RUSSISKE BJ\u00d8RNEN: Finnes ogs\u00e5 under vann. Seileren Petter m\u00f8tte denne nord for Skagen.  Foto: Privat\" class=\"_image_qp4xg_65 layout-component layout-normal\" data-fullscreen- data-track-element-type=\"Article image fullscreen\" data-track-name=\"ImageFullscreen\" decoding=\"async\" loading=\"lazy\" height=\"2923\" itemprop=\"image\"  src=\"https:\/\/www.europesays.com\/no\/wp-content\/uploads\/2025\/10\/2d97ed31-ceac-47c1-9d7a-0a17561665a4\"  style=\"object-position:0% 0%\" width=\"2971\"\/>DEN RUSSISKE BJ\u00d8RNEN: Finnes ogs\u00e5 under vann. Seileren Petter m\u00f8tte denne nord for Skagen.  Foto: Privat<\/p>\n<p class=\"_paragraph_o9xde_4 _paragraph_xtcu6_10 layout-component text-serif-m layout-normal text-serif-m layout-padded\">\u2013 Jeg har ikke sett noen ub\u00e5t f\u00f8r, s\u00e5 jeg klarte ikke \u00e5 se hvilken retning den kj\u00f8rte f\u00f8r vi var veldig n\u00e6r hverandre. Til slutt la den om kursen, og da gjorde jeg det samme. Da vi passerte hverandre s\u00e5 jeg tydelig at det sto tre personer p\u00e5 dekk. <\/p>\n<p class=\"_paragraph_o9xde_4 _paragraph_xtcu6_10 layout-component text-serif-m layout-normal text-serif-m layout-padded\">P\u00e5 b\u00e5ten vaiet et flagg som han mener er flagget til den russiske marinen.<\/p>\n<p class=\"_paragraph_o9xde_4 _paragraph_xtcu6_10 layout-component text-serif-m layout-normal text-serif-m layout-padded\"><strong class=\"_strong_o9xde_25\">\u2013 Vi sto og kikket p\u00e5 hverandre. Gjennom kikkerten min s\u00e5 jeg at de s\u00e5 p\u00e5 meg i kikkert. Det var sinnssykt kult. Dagens h\u00f8ydepunkt!<\/strong><\/p>\n<p class=\"_paragraph_o9xde_4 _paragraph_xtcu6_10 layout-component text-serif-m layout-normal text-serif-m layout-padded\">Da ub\u00e5ten gled sakte gled vekk fra Petter mens han seilte nordover mot svenskekysten, dukket et kystvaktskip opp i horisonten.<\/p>\n<p class=\"_paragraph_o9xde_4 _paragraph_xtcu6_10 layout-component text-serif-m layout-normal text-serif-m layout-padded\">\u2013 Noen timer etterp\u00e5 kom jagerflyene over Sm\u00f6genSm\u00f6genIdyllisk tettsted ved svenskekysten mellom G\u00f8teborg og Str\u00f8mstad.. De fl\u00f8y s\u00f8rover der vi hadde m\u00f8tt ub\u00e5ten, sier han.<\/p>\n<p class=\"_paragraph_o9xde_4 _paragraph_xtcu6_10 layout-component text-serif-m layout-normal text-serif-m layout-padded\">Hvorvidt kystvaktskipet og jagerflyene var danske eller svenske, klarte han ikke \u00e5 fastsl\u00e5.<\/p>\n<p class=\"_paragraph_o9xde_4 _paragraph_xtcu6_10 layout-component text-serif-m layout-normal text-serif-m layout-padded\">VG har v\u00e6rt i kontakt med det svenske forsvaret om den russiske ub\u00e5ten som de fulgte.<\/p>\n<p class=\"_paragraph_o9xde_4 _paragraph_xtcu6_10 layout-component text-serif-m layout-normal text-serif-m layout-padded\">\u2013 Det er trolig den samme russiske ub\u00e5ten, siden det danske forsvaret fulgte b\u00e5ten f\u00f8rst, sier pressesjef Jonas Beltrame-Linn\u00e8, pressesjef i det svenske forsvaret.<\/p>\n<p class=\"_paragraph_o9xde_4 _paragraph_xtcu6_10 layout-component text-serif-m layout-normal text-serif-m layout-padded\"><strong class=\"_strong_o9xde_25\">Forrige uke meldte Nato at en russisk ub\u00e5t fikk motorproblemer utenfor kysten av Spania og Frankrike.<\/strong><\/p>\n<p class=\"_paragraph_o9xde_4 _paragraph_xtcu6_10 layout-component text-serif-m layout-normal text-serif-m layout-padded\">I f\u00f8lge Nato fikk ub\u00e5ten \u00abNovorossiysk\u00bb drivstofflekkasje. <a href=\"https:\/\/www.themoscowtimes.com\/2025\/10\/13\/russian-navy-denies-technical-malfunction-forced-submarine-to-surface-near-france-a90794\" class=\"_link_o9xde_39\" rel=\"nofollow noopener\" target=\"_blank\">Russland avviser dette<\/a>. P\u00e5 sin vei nordover er den blitt fulgt av fransk, britisk og nederlandsk marine og luftv\u00e5pen.<\/p>\n<p class=\"_paragraph_o9xde_4 _paragraph_xtcu6_10 layout-component text-serif-m layout-normal text-serif-m layout-padded\">Mandag sp\u00f8kte Nato-sjef Mark Rutte om den russiske ub\u00e5ten.<\/p>\n<p class=\"_paragraph_o9xde_4 _paragraph_xtcu6_10 layout-component text-serif-m layout-normal text-serif-m layout-padded\"><strong class=\"_strong_o9xde_25\">\u2013 For en forandring fra romanen \u00abJakten p\u00e5 R\u00f8d Oktober\u00bb. I dag virker det mer som jakten p\u00e5 n\u00e6rmeste mekaniker, sa han if\u00f8lge <a href=\"https:\/\/www.bbc.com\/news\/articles\/ckgk2pn4v9lo\" class=\"_link_o9xde_39\" rel=\"nofollow noopener\" target=\"_blank\">BBC<\/a>.<\/strong><\/p>\n<p><img alt=\"\u00abURD\u00bb MOT UB\u00c5T: Seilb\u00e5ten \u00abUrd Sofie\u00bb p\u00e5 31 fot ville neppe v\u00e6re en match mot den russiske ub\u00e5ten.  Foto: Privat\" class=\"_image_qp4xg_65 layout-component layout-normal\" data-fullscreen- data-track-element-type=\"Article image fullscreen\" data-track-name=\"ImageFullscreen\" decoding=\"async\" loading=\"lazy\" height=\"2446\" itemprop=\"image\"  src=\"https:\/\/www.europesays.com\/no\/wp-content\/uploads\/2025\/10\/03040374-05a2-4db1-9595-58f996fefb26\"  style=\"object-position:0% 0%\" width=\"3024\"\/>\u00abURD\u00bb MOT UB\u00c5T: Seilb\u00e5ten \u00abUrd Sofie\u00bb p\u00e5 31 fot ville neppe v\u00e6re en match mot den russiske ub\u00e5ten.  Foto: Privat<\/p>\n<p class=\"_paragraph_o9xde_4 _paragraph_xtcu6_10 layout-component text-serif-m layout-normal text-serif-m layout-padded\">Orlogskaptein Tor Ivar Str\u00f8mmen ved Sj\u00f8kgrigsskolen forteller til VG at dette er samme ub\u00e5t som denne uken rundet Danmark og gikk inn i \u00d8stersj\u00f8en.<\/p>\n<p class=\"_paragraph_o9xde_4 _paragraph_xtcu6_10 layout-component text-serif-m layout-normal text-serif-m layout-padded\">\u2013 Den tilh\u00f8rer den russiske svartehavsfl\u00e5ten, og er en av to ub\u00e5ter som har v\u00e6rt i Syria siden 2021, sier Str\u00f8mmen.<\/p>\n<p class=\"_paragraph_o9xde_4 _paragraph_xtcu6_10 layout-component text-serif-m layout-normal text-serif-m layout-padded\">Han forklarer:<\/p>\n<p class=\"_paragraph_o9xde_4 _paragraph_xtcu6_10 layout-component text-serif-m layout-normal text-serif-m layout-padded\">\u2013 Disse to har ikke kunnet g\u00e5 tilbake til Svartehavet fordi Tyrkia har stengt DardanelleneDardanelleneDet trange sundet som forbinder Middelhavet med Marmarasj\u00f8en &#8211; som igjen leder videre til Svartehavet.. Derfor har de operert fra Syria, <a href=\"https:\/\/www.vg.no\/i\/73ygp4\" data-track-element-type=\"Link\" data-track-id=\"link:73ygp4\" class=\"_link_o9xde_39\" rel=\"nofollow noopener\" target=\"_blank\">helt fram til Assad-regimet falt<\/a>. Siden da har de v\u00e6rt i Algerie, hvor russerne har en base. De har ikke hatt vedlikehold p\u00e5 tre \u00e5r. Derfor g\u00e5r f\u00f8rste av de to n\u00e5 til verftet i St. Petersburg, som bygget dem, sier Str\u00f8mmen.<\/p>\n<p class=\"_paragraph_o9xde_4 _paragraph_xtcu6_10 layout-component text-serif-m layout-normal text-serif-m layout-padded\"><strong class=\"_strong_o9xde_25\">Tirsdag kom ub\u00e5ten inn i svensk farvann, der den alts\u00e5 ble fulgt tett av det svenske forsvaret. <\/strong><\/p>\n<p class=\"_paragraph_o9xde_4 _paragraph_xtcu6_10 layout-component text-serif-m layout-normal text-serif-m layout-padded\">\u2013 Svenske kampfly og marinefart\u00f8y m\u00f8tte ub\u00e5ten allerede i Kattegat og fulgte den, <a href=\"https:\/\/www.vg.no\/i\/gwgll9\" data-track-element-type=\"Link\" data-track-id=\"link:gwgll9\" class=\"_link_o9xde_39\" rel=\"nofollow noopener\" target=\"_blank\">sier forsvarets pressevakt P\u00e4r Pihlqvist til VG<\/a>. <\/p>\n<p class=\"_paragraph_o9xde_4 _paragraph_xtcu6_10 layout-component text-serif-m layout-normal text-serif-m layout-padded\">Det har v\u00e6rt en rutinemessig operasjon i samarbeid med allierte, forklarer han. <\/p>\n<p class=\"_paragraph_o9xde_4 _paragraph_xtcu6_10 layout-component text-serif-m layout-normal text-serif-m layout-padded\">\u2013 Det er ikke uvanlig at ub\u00e5ter r\u00f8rer seg i n\u00e6romr\u00e5det. Det er en del av v\u00e5r rutine.<\/p>\n<p class=\"_paragraph_o9xde_4 _paragraph_xtcu6_10 layout-component text-serif-m layout-normal text-serif-m layout-padded\">Operasjonen ble utf\u00f8rt tirsdag.<\/p>\n<p class=\"_paragraph_o9xde_4 _paragraph_xtcu6_10 layout-component text-serif-m layout-normal text-serif-m layout-padded\">\u2013 Vi overv\u00e5ker alt som skjer i v\u00e5rt n\u00e6romr\u00e5de, legger han til. <\/p>\n<p class=\"_paragraph_o9xde_4 _paragraph_xtcu6_10 layout-component text-serif-m layout-normal layout-padded\"><strong class=\"_strong_o9xde_25\">Les ogs\u00e5:<\/strong> <a href=\"https:\/\/www.vg.no\/i\/4d8oXq\" data-track-element-type=\"Link\" data-track-id=\"link:4d8oXq\" class=\"_link_o9xde_39\" rel=\"nofollow noopener\" target=\"_blank\">Ub\u00e5t-dramaet som utl\u00f8ste kald krig-panikk<\/a><\/p>\n<p class=\"_paragraph_o9xde_4 _paragraph_xtcu6_10 layout-component text-serif-m layout-normal text-serif-m layout-padded\">Dette er ikke f\u00f8rste gang svensk og russisk marine m\u00f8tes i \u00d8stersj\u00f8en. Sverige har gjennom \u00e5rene <a href=\"https:\/\/www.vg.no\/i\/RL4V8\" data-track-element-type=\"Link\" data-track-id=\"link:RL4V8\" class=\"_link_o9xde_39\" rel=\"nofollow noopener\" target=\"_blank\">flere ganger jaktet p\u00e5 russiske ub\u00e5ter<\/a> som har kommet inn i svensk farvann. I 1981 kj\u00f8rte en sovjetisk <a href=\"https:\/\/www.vg.no\/i\/4d8oXq\" data-track-element-type=\"Link\" data-track-id=\"link:4d8oXq\" class=\"_link_o9xde_39\" rel=\"nofollow noopener\" target=\"_blank\">ub\u00e5t seg fast p\u00e5 grunna i den svenske skj\u00e6rg\u00e5rden<\/a>, og utl\u00f8ste en politisk krise midt i den kalde krigenden kalde krigenEn periode med politisk spenning og milit\u00e6r rivalisering mellom USA og Sovjetunionen, samt deres allierte, fra slutten av andre verdenskrig til slutten av 1980-tallet..<\/p>\n","protected":false},"excerpt":{"rendered":"Tirsdag gikk ub\u00e5t-alarmen i Sverige, da en russisk ub\u00e5t dukket opp i deres farvann. N\u00e5 f\u00f8lges den av&hellip;\n","protected":false},"author":2,"featured_media":61154,"comment_status":"","ping_status":"","sticky":false,"template":"","format":"standard","meta":{"footnotes":""},"categories":[12],"tags":[20,21,24,25,15,22,23,13,30,28,29,14,16,188,26,27,5675,42,43,44,45],"class_list":{"0":"post-61153","1":"post","2":"type-post","3":"status-publish","4":"format-standard","5":"has-post-thumbnail","7":"category-verden","8":"tag-breaking-news","9":"tag-breakingnews","10":"tag-featured-news","11":"tag-featurednews","12":"tag-headlines","13":"tag-latest-news","14":"tag-latestnews","15":"tag-news","16":"tag-no","17":"tag-norge","18":"tag-norway","19":"tag-nyheter","20":"tag-overskrifter","21":"tag-russland","22":"tag-top-stories","23":"tag-topstories","24":"tag-ubat","25":"tag-verden","26":"tag-world","27":"tag-world-news","28":"tag-worldnews"},"share_on_mastodon":{"url":"","error":""},"_links":{"self":[{"href":"https:\/\/www.europesays.com\/no\/wp-json\/wp\/v2\/posts\/61153","targetHints":{"allow":["GET"]}}],"collection":[{"href":"https:\/\/www.europesays.com\/no\/wp-json\/wp\/v2\/posts"}],"about":[{"href":"https:\/\/www.europesays.com\/no\/wp-json\/wp\/v2\/types\/post"}],"author":[{"embeddable":true,"href":"https:\/\/www.europesays.com\/no\/wp-json\/wp\/v2\/users\/2"}],"replies":[{"embeddable":true,"href":"https:\/\/www.europesays.com\/no\/wp-json\/wp\/v2\/comments?post=61153"}],"version-history":[{"count":0,"href":"https:\/\/www.europesays.com\/no\/wp-json\/wp\/v2\/posts\/61153\/revisions"}],"wp:featuredmedia":[{"embeddable":true,"href":"https:\/\/www.europesays.com\/no\/wp-json\/wp\/v2\/media\/61154"}],"wp:attachment":[{"href":"https:\/\/www.europesays.com\/no\/wp-json\/wp\/v2\/media?parent=61153"}],"wp:term":[{"taxonomy":"category","embeddable":true,"href":"https:\/\/www.europesays.com\/no\/wp-json\/wp\/v2\/categories?post=61153"},{"taxonomy":"post_tag","embeddable":true,"href":"https:\/\/www.europesays.com\/no\/wp-json\/wp\/v2\/tags?post=61153"}],"curies":[{"name":"wp","href":"https:\/\/api.w.org\/{rel}","templated":true}]}}