{"id":61155,"date":"2025-10-15T12:46:09","date_gmt":"2025-10-15T12:46:09","guid":{"rendered":"https:\/\/www.europesays.com\/no\/61155\/"},"modified":"2025-10-15T12:46:09","modified_gmt":"2025-10-15T12:46:09","slug":"kjendis-skien-roper-brudd-folk-har-begynt-a-spekulere","status":"publish","type":"post","link":"https:\/\/www.europesays.com\/no\/61155\/","title":{"rendered":"Kjendis, Skien | R\u00f8per brudd: \u2013 Folk har begynt \u00e5 spekulere"},"content":{"rendered":"\n<p>Det bekrefter han overfor <a href=\"https:\/\/www.vg.no\/rampelys\/i\/eMbrql\/mayoo-indiran-bekrefter-brudd\" rel=\"Follow nofollow noopener\" target=\"_blank\">VG.<\/a><\/p>\n<p>\u2013 Folk har begynt \u00e5 spekulere. Mange har lagt merke til at bilder er slettet p\u00e5 Instagram, og at vi ikke f\u00f8lger hverandre lenger. Vi har bestemt oss for \u00e5 g\u00e5 hver til v\u00e5rt, sier han p\u00e5 telefon til avisen.<\/p>\n<p>Indiran r\u00f8pte i november 2023 at han hadde blitt sammen med Ida Yasmine Steen.<\/p>\n<p>Paret gjorde det imidlertid slutt etter sommeren.<\/p>\n<p>\u2013 Det er fortsatt god tone mellom oss. Det er det aller viktigste. Mens man er med noen, s\u00e5 l\u00e6rer man mye om den andre, men ogs\u00e5 mye om seg selv. Man reflekterer over livet man lever \u2013 og livet man egentlig \u00f8nsker \u00e5 leve, sier Indiran og legger til:<\/p>\n<p>\u2013 Jeg f\u00f8ler at jeg har vokst mye av \u00e5 v\u00e6re sammen med Ida, p\u00e5 mange ulike plan. Jeg er veldig takknemlig for tiden vi har hatt sammen, og \u00f8nsker henne alt godt videre.<\/p>\n<p>Indiran og Steen bodde sammen i Skien, men n\u00e5 flytter TV-profilen tilbake til Oslo.<\/p>\n<p>Indiran er for tiden aktuell i \u00ab71 grader nord \u2013 Norges t\u00f8ffeste kjendis\u00bb.<\/p>\n","protected":false},"excerpt":{"rendered":"Det bekrefter han overfor VG. \u2013 Folk har begynt \u00e5 spekulere. Mange har lagt merke til at bilder&hellip;\n","protected":false},"author":2,"featured_media":61156,"comment_status":"","ping_status":"","sticky":false,"template":"","format":"standard","meta":{"footnotes":""},"categories":[10],"tags":[36,20,21,24,25,89,15,479,22,23,13,30,28,29,14,16,393,1510,26,27],"class_list":{"0":"post-61155","1":"post","2":"type-post","3":"status-publish","4":"format-standard","5":"has-post-thumbnail","7":"category-norge","8":"tag-art","9":"tag-breaking-news","10":"tag-breakingnews","11":"tag-featured-news","12":"tag-featurednews","13":"tag-folk","14":"tag-headlines","15":"tag-kjendis","16":"tag-latest-news","17":"tag-latestnews","18":"tag-news","19":"tag-no","20":"tag-norge","21":"tag-norway","22":"tag-nyheter","23":"tag-overskrifter","24":"tag-skien","25":"tag-story","26":"tag-top-stories","27":"tag-topstories"},"share_on_mastodon":{"url":"","error":""},"_links":{"self":[{"href":"https:\/\/www.europesays.com\/no\/wp-json\/wp\/v2\/posts\/61155","targetHints":{"allow":["GET"]}}],"collection":[{"href":"https:\/\/www.europesays.com\/no\/wp-json\/wp\/v2\/posts"}],"about":[{"href":"https:\/\/www.europesays.com\/no\/wp-json\/wp\/v2\/types\/post"}],"author":[{"embeddable":true,"href":"https:\/\/www.europesays.com\/no\/wp-json\/wp\/v2\/users\/2"}],"replies":[{"embeddable":true,"href":"https:\/\/www.europesays.com\/no\/wp-json\/wp\/v2\/comments?post=61155"}],"version-history":[{"count":0,"href":"https:\/\/www.europesays.com\/no\/wp-json\/wp\/v2\/posts\/61155\/revisions"}],"wp:featuredmedia":[{"embeddable":true,"href":"https:\/\/www.europesays.com\/no\/wp-json\/wp\/v2\/media\/61156"}],"wp:attachment":[{"href":"https:\/\/www.europesays.com\/no\/wp-json\/wp\/v2\/media?parent=61155"}],"wp:term":[{"taxonomy":"category","embeddable":true,"href":"https:\/\/www.europesays.com\/no\/wp-json\/wp\/v2\/categories?post=61155"},{"taxonomy":"post_tag","embeddable":true,"href":"https:\/\/www.europesays.com\/no\/wp-json\/wp\/v2\/tags?post=61155"}],"curies":[{"name":"wp","href":"https:\/\/api.w.org\/{rel}","templated":true}]}}