{"id":61159,"date":"2025-10-15T12:48:11","date_gmt":"2025-10-15T12:48:11","guid":{"rendered":"https:\/\/www.europesays.com\/no\/61159\/"},"modified":"2025-10-15T12:48:11","modified_gmt":"2025-10-15T12:48:11","slug":"klaebo-med-ny-sponsoravtale","status":"publish","type":"post","link":"https:\/\/www.europesays.com\/no\/61159\/","title":{"rendered":"Kl\u00e6bo med ny sponsoravtale"},"content":{"rendered":"\n<p class=\"_lead_o9xde_2 _lead_xtcu6_50 layout-component text-serif-m layout-normal text-serif-l layout-component layout-wide layout-padded _wide_17hqh_1 layout-padded\">Johannes H\u00f8sflot Kl\u00e6bo og Uno-X Mobility fortsetter samarbeidet. En ny stor avtale legger opp til at langrennsstjernen skal f\u00e5 jobb i Reitan-konsernet etter karriereslutt.<\/p>\n<p><img alt=\"Johannes H\u00f8sflot Kl\u00e6bo hadde pressetreff i Oslo onsdag.&#10;Foto: Javad Parsa \/ NTB\" class=\"_image_qp4xg_65 layout-component layout-wide\" data-fullscreen- data-track-element-type=\"Article image fullscreen\" data-track-name=\"ImageFullscreen\" fetchpriority=\"high\" decoding=\"sync\" loading=\"eager\" height=\"5240\" itemprop=\"image\"  src=\"https:\/\/www.europesays.com\/no\/wp-content\/uploads\/2025\/10\/279f18b6-232e-46d2-88fa-a97fc7c03dc1\"  style=\"object-position:0% 0%\" width=\"7856\"\/>Johannes H\u00f8sflot Kl\u00e6bo hadde pressetreff i Oslo onsdag.<br \/>\nFoto: Javad Parsa \/ NTB<\/p>\n<ul aria-hidden=\"true\" class=\"_images_1y6fe_106\">\n<li><a class=\"_link_1y6fe_111\" href=\"https:\/\/www.vg.no\/forfatter\/ntb\" style=\"z-index:1\" title=\"NTB\" rel=\"nofollow noopener\" target=\"_blank\"><img alt=\"Bilde av NTB\" class=\"_image_1y6fe_88\" fetchpriority=\"low\" loading=\"lazy\" decoding=\"async\" itemprop=\"image\"  src=\"https:\/\/www.europesays.com\/no\/wp-content\/uploads\/2025\/10\/1760532491_797_c33980b0-5d07-4027-84a1-813f90a7c8d6\"  width=\"480\"\/><\/a><\/li>\n<\/ul>\n<p> Oppdatert onsdag 15. oktober kl. 13:07    <\/p>\n<ul class=\"_list_o9xde_3 _list_64s2r_85 _unordered_o9xde_106 text-sans-m\">\n<li class=\"_item_o9xde_30\">Kl\u00e6bo og Uno-X Mobility forlenger samarbeidet; en ny stor avtale legger opp til jobb i Reitan-konsernet etter karrieren. Summen er ikke oppgitt.<\/li>\n<li class=\"_item_o9xde_30\">OL i Italia er sesongens m\u00e5l; Kl\u00e6bo drar snart til Livigno for siste h\u00f8ydesamling etter seks av seks gull p\u00e5 hjemmebane i Trondheim tidligere i \u00e5r.<\/li>\n<\/ul>\n<p>Vis mer <\/p>\n<p class=\"_paragraph_o9xde_4 _paragraph_xtcu6_10 layout-component text-serif-m layout-normal text-serif-m layout-padded\">Tr\u00f8nderen har i flere \u00e5r hatt en samarbeidsavtale med Uno-X. Avtalen, som startet i 2020, hadde opprinnelig utl\u00f8p etter VM-sesongen som var.<\/p>\n<p class=\"_paragraph_o9xde_4 _paragraph_xtcu6_10 layout-component text-serif-m layout-normal text-serif-m layout-padded\"><a href=\"https:\/\/www.vg.no\/sport\/i\/BROpO9\/megaavtale-for-klaebo-trolig-25-millioner-paa-fem-aar\" data-track-element-type=\"Link\" data-track-id=\"link:BROpO9\" class=\"_link_o9xde_39\" rel=\"nofollow noopener\" target=\"_blank\">VG<\/a> har tidligere skrevet at den hadde en totalramme p\u00e5 25 millioner kroner.<\/p>\n<p class=\"_paragraph_o9xde_4 _paragraph_xtcu6_10 layout-component text-serif-m layout-normal text-serif-m layout-padded\">N\u00e5 er partene enige om en ny avtale f\u00f8r den kommende OL-sesongen starter. <\/p>\n<p class=\"_paragraph_o9xde_4 _paragraph_xtcu6_10 layout-component text-serif-m layout-normal text-serif-m layout-padded\">\u2013 Dette er et langsiktig og verdibasert samarbeid som g\u00e5r langt utover et vanlig sponsorat. Johannes representerer en arbeidsmoral, en vinnerkultur og et tenkesett som vi kjenner oss igjen i, og som vi \u00f8nsker forsterke i hele selskapet. Vi er stolt av \u00e5 ha Johannes som ambassad\u00f8r og samarbeidspartner, sier administrerende direkt\u00f8r Ole Robert Reitan.<\/p>\n<p class=\"_paragraph_o9xde_4 _paragraph_xtcu6_10 layout-component text-serif-m layout-normal text-serif-m layout-padded\"><a href=\"https:\/\/www.vg.no\/sport\/i\/Ppkxm6\/klaebo-faar-mer-kjaerestetid-jeg-har-levd-i-en-boble\" data-track-element-type=\"Link\" data-track-id=\"link:Ppkxm6\" class=\"_link_o9xde_39\" rel=\"nofollow noopener\" target=\"_blank\"><strong class=\"_strong_o9xde_25\">I et VG-intervju publisert onsdag fortalte Kl\u00e6bo at han har tatt grep etter VM-sesongen blant annet for \u00e5 f\u00e5 mer tid med samboeren.<\/strong><\/a><\/p>\n<p class=\"_paragraph_o9xde_4 _paragraph_xtcu6_10 layout-component text-serif-m layout-normal text-serif-m layout-padded\">Det fremg\u00e5r ikke hvor stor avtalen er i antall kroner.<\/p>\n<p class=\"_paragraph_o9xde_4 _paragraph_xtcu6_10 layout-component text-serif-m layout-normal text-serif-m layout-padded\">Den gamle avtalen mellom Kl\u00e6bo og Uno-X har blant annet handlet om \u00e5 dele erfaringer og bygge en felles prestasjonskultur mellom langrennsstjernen satsing og sykkellaget til Uno-X.<\/p>\n<p class=\"_paragraph_o9xde_4 _paragraph_xtcu6_10 layout-component text-serif-m layout-normal text-serif-m layout-padded\">Det er ogs\u00e5 kjent at hovedsponsoren tidligere har bist\u00e5tt Kl\u00e6bo med privatfly.<\/p>\n<p class=\"_paragraph_o9xde_4 _paragraph_xtcu6_10 layout-component text-serif-m layout-normal text-serif-m layout-padded\">OL i Italia er det store h\u00f8ydepunktet den kommende langrennssesongen. Kl\u00e6bo skal om kort tid reise til italienske Livigno for \u00e5 gjennomf\u00f8re sin siste h\u00f8ydesamling f\u00f8r sesongstart.<\/p>\n<p class=\"_paragraph_o9xde_4 _paragraph_xtcu6_10 layout-component text-serif-m layout-normal text-serif-m layout-padded\">Kl\u00e6bo tok seks gull av seks mulige p\u00e5 hjemmebane i Trondheim tidligere \u00e5r.<\/p>\n","protected":false},"excerpt":{"rendered":"Johannes H\u00f8sflot Kl\u00e6bo og Uno-X Mobility fortsetter samarbeidet. En ny stor avtale legger opp til at langrennsstjernen skal&hellip;\n","protected":false},"author":2,"featured_media":61160,"comment_status":"","ping_status":"","sticky":false,"template":"","format":"standard","meta":{"footnotes":""},"categories":[59],"tags":[711,398,30,28,29,83,82],"class_list":{"0":"post-61159","1":"post","2":"type-post","3":"status-publish","4":"format-standard","5":"has-post-thumbnail","7":"category-sport","8":"tag-johannes-hosflot-klaebo","9":"tag-langrenn","10":"tag-no","11":"tag-norge","12":"tag-norway","13":"tag-sport","14":"tag-sports"},"share_on_mastodon":{"url":"","error":""},"_links":{"self":[{"href":"https:\/\/www.europesays.com\/no\/wp-json\/wp\/v2\/posts\/61159","targetHints":{"allow":["GET"]}}],"collection":[{"href":"https:\/\/www.europesays.com\/no\/wp-json\/wp\/v2\/posts"}],"about":[{"href":"https:\/\/www.europesays.com\/no\/wp-json\/wp\/v2\/types\/post"}],"author":[{"embeddable":true,"href":"https:\/\/www.europesays.com\/no\/wp-json\/wp\/v2\/users\/2"}],"replies":[{"embeddable":true,"href":"https:\/\/www.europesays.com\/no\/wp-json\/wp\/v2\/comments?post=61159"}],"version-history":[{"count":0,"href":"https:\/\/www.europesays.com\/no\/wp-json\/wp\/v2\/posts\/61159\/revisions"}],"wp:featuredmedia":[{"embeddable":true,"href":"https:\/\/www.europesays.com\/no\/wp-json\/wp\/v2\/media\/61160"}],"wp:attachment":[{"href":"https:\/\/www.europesays.com\/no\/wp-json\/wp\/v2\/media?parent=61159"}],"wp:term":[{"taxonomy":"category","embeddable":true,"href":"https:\/\/www.europesays.com\/no\/wp-json\/wp\/v2\/categories?post=61159"},{"taxonomy":"post_tag","embeddable":true,"href":"https:\/\/www.europesays.com\/no\/wp-json\/wp\/v2\/tags?post=61159"}],"curies":[{"name":"wp","href":"https:\/\/api.w.org\/{rel}","templated":true}]}}