{"id":61169,"date":"2025-10-15T12:55:08","date_gmt":"2025-10-15T12:55:08","guid":{"rendered":"https:\/\/www.europesays.com\/no\/61169\/"},"modified":"2025-10-15T12:55:08","modified_gmt":"2025-10-15T12:55:08","slug":"hele-situasjonen-var-veldig-opprorende","status":"publish","type":"post","link":"https:\/\/www.europesays.com\/no\/61169\/","title":{"rendered":"\u2013 Hele situasjonen var veldig oppr\u00f8rende"},"content":{"rendered":"\n<p class=\"_lead_o9xde_2 _lead_xtcu6_50 layout-component text-serif-m layout-normal text-serif-l layout-component layout-wide layout-padded _wide_17hqh_1 layout-padded\">Viktor Hovland fikk mye kritikk etter at han p\u00e5 grunn av skade m\u00e5tte trekke seg fra siste dag av Ryder Cup i september. N\u00e5 \u00e5pner han opp om episoden.<\/p>\n<p><img alt=\"Viktor Hovlands skadesituasjon i Ryder Cup plaget ham.  Foto: Seth Wenig \/ AP \/ NTB\" class=\"_image_qp4xg_65 layout-component layout-wide\" data-fullscreen- data-track-element-type=\"Article image fullscreen\" data-track-name=\"ImageFullscreen\" fetchpriority=\"high\" decoding=\"sync\" loading=\"eager\" height=\"3028\" itemprop=\"image\"  src=\"https:\/\/www.europesays.com\/no\/wp-content\/uploads\/2025\/10\/fa97e83b-8975-4715-b914-48154d1a5445\"  style=\"object-position:0% 0%\" width=\"4542\"\/>Viktor Hovlands skadesituasjon i Ryder Cup plaget ham.  Foto: Seth Wenig \/ AP \/ NTB<\/p>\n<ul aria-hidden=\"true\" class=\"_images_1y6fe_106\">\n<li><a class=\"_link_1y6fe_111\" href=\"https:\/\/www.vg.no\/forfatter\/ntb\" style=\"z-index:1\" title=\"NTB\" rel=\"nofollow noopener\" target=\"_blank\"><img alt=\"Bilde av NTB\" class=\"_image_1y6fe_88\" fetchpriority=\"low\" loading=\"lazy\" decoding=\"async\" itemprop=\"image\"  src=\"https:\/\/www.europesays.com\/no\/wp-content\/uploads\/2025\/10\/1760532908_777_c33980b0-5d07-4027-84a1-813f90a7c8d6\"  width=\"480\"\/><\/a><\/li>\n<\/ul>\n<p> Oppdatert onsdag 15. oktober kl. 13:40     <\/p>\n<p class=\"_paragraph_o9xde_4 _paragraph_xtcu6_10 layout-component text-serif-m layout-normal text-serif-m layout-padded\">Hovland var satt opp til \u00e5 spille singlekamp mot Harris English p\u00e5 siste dag av turneringen i New York. Nordmannen m\u00e5tte imidlertid melde forfall da han dagen f\u00f8r fikk en kjenning i nakken.<\/p>\n<p class=\"_paragraph_o9xde_4 _paragraph_xtcu6_10 layout-component text-serif-m layout-normal text-serif-m layout-padded\">Dermed ble det delt ut et halvt poeng til hver, og Europa tok til slutt seieren og forsvarte tittelen. <\/p>\n<p class=\"_paragraph_o9xde_4 _paragraph_xtcu6_10 layout-component text-serif-m layout-normal text-serif-m layout-padded\">USA-laget var etterp\u00e5 klare p\u00e5 at Europa burde mistet halvpoenget de fikk da Hovland trakk seg. Kaptein Keegan Bradley tok til orde for \u00e5 endre regelen om at poenget deles ved skadeforfall.<\/p>\n<p class=\"_paragraph_o9xde_4 _paragraph_xtcu6_10 layout-component text-serif-m layout-normal text-serif-m layout-padded\">Hovland fikk t\u00f8ff kritikk fra flere hold.<\/p>\n<p class=\"_paragraph_o9xde_4 _paragraph_xtcu6_10 layout-component text-serif-m layout-normal text-serif-m layout-padded\">\u2013 Hele situasjonen var veldig oppr\u00f8rende. Ikke bare det at jeg selv ikke fikk spille, men jeg syntes synd p\u00e5 Harris. Det var jo ikke noe galt med ham. Han var lei seg for at han ikke fikk spille, og jeg var lei meg for at jeg ikke kunne spille, sier nordmannen f\u00f8r helgens europatourturnering i India.<\/p>\n<p class=\"_paragraph_o9xde_4 _paragraph_xtcu6_10 layout-component text-serif-m layout-normal text-serif-m layout-padded\">\u2013 I idretten er vi vant til at om du er skadet, burde du tape. Men jeg tenker at det (reglene) er \u00e5nden til Ryder Cup. Det er en gentlemansavtale at om du blir skadet denne gangen, er det kanskje en p\u00e5 USA som blir skadet neste gang. Vi sympatiserer alle med de som ikke f\u00e5r spille.<\/p>\n<p class=\"_paragraph_o9xde_4 _paragraph_xtcu6_10 layout-component text-serif-m layout-normal text-serif-m layout-padded\">Den norske superstjernen synes reglene skal v\u00e6re som de er.<\/p>\n<p class=\"_paragraph_o9xde_4 _paragraph_xtcu6_10 layout-component text-serif-m layout-normal text-serif-m layout-padded\">\u2013 Jeg tror det er en felles forst\u00e5else om at hvis vi var friske, ville alle g\u00e5tt ut og spilt. Hvis man endrer reglene kan man jo sende meg ut som et offerlam mot deres beste spiller. Det finnes ingen ideell m\u00e5te \u00e5 gj\u00f8re det p\u00e5, sier Hovland.<\/p>\n","protected":false},"excerpt":{"rendered":"Viktor Hovland fikk mye kritikk etter at han p\u00e5 grunn av skade m\u00e5tte trekke seg fra siste dag&hellip;\n","protected":false},"author":2,"featured_media":61170,"comment_status":"","ping_status":"","sticky":false,"template":"","format":"standard","meta":{"footnotes":""},"categories":[59],"tags":[874,30,28,29,7099,83,82,560],"class_list":{"0":"post-61169","1":"post","2":"type-post","3":"status-publish","4":"format-standard","5":"has-post-thumbnail","7":"category-sport","8":"tag-golf","9":"tag-no","10":"tag-norge","11":"tag-norway","12":"tag-ryder-cup","13":"tag-sport","14":"tag-sports","15":"tag-viktor-hovland"},"share_on_mastodon":{"url":"","error":""},"_links":{"self":[{"href":"https:\/\/www.europesays.com\/no\/wp-json\/wp\/v2\/posts\/61169","targetHints":{"allow":["GET"]}}],"collection":[{"href":"https:\/\/www.europesays.com\/no\/wp-json\/wp\/v2\/posts"}],"about":[{"href":"https:\/\/www.europesays.com\/no\/wp-json\/wp\/v2\/types\/post"}],"author":[{"embeddable":true,"href":"https:\/\/www.europesays.com\/no\/wp-json\/wp\/v2\/users\/2"}],"replies":[{"embeddable":true,"href":"https:\/\/www.europesays.com\/no\/wp-json\/wp\/v2\/comments?post=61169"}],"version-history":[{"count":0,"href":"https:\/\/www.europesays.com\/no\/wp-json\/wp\/v2\/posts\/61169\/revisions"}],"wp:featuredmedia":[{"embeddable":true,"href":"https:\/\/www.europesays.com\/no\/wp-json\/wp\/v2\/media\/61170"}],"wp:attachment":[{"href":"https:\/\/www.europesays.com\/no\/wp-json\/wp\/v2\/media?parent=61169"}],"wp:term":[{"taxonomy":"category","embeddable":true,"href":"https:\/\/www.europesays.com\/no\/wp-json\/wp\/v2\/categories?post=61169"},{"taxonomy":"post_tag","embeddable":true,"href":"https:\/\/www.europesays.com\/no\/wp-json\/wp\/v2\/tags?post=61169"}],"curies":[{"name":"wp","href":"https:\/\/api.w.org\/{rel}","templated":true}]}}