{"id":61177,"date":"2025-10-15T13:03:13","date_gmt":"2025-10-15T13:03:13","guid":{"rendered":"https:\/\/www.europesays.com\/no\/61177\/"},"modified":"2025-10-15T13:03:13","modified_gmt":"2025-10-15T13:03:13","slug":"idrettspresidenten-stusser-over-statsbudsjettet-savner-millionpost","status":"publish","type":"post","link":"https:\/\/www.europesays.com\/no\/61177\/","title":{"rendered":"Idrettspresidenten stusser over statsbudsjettet \u2013 savner millionpost"},"content":{"rendered":"\n<p class=\"_lead_o9xde_2 _lead_xtcu6_50 layout-component text-serif-m layout-normal text-serif-l layout-component layout-wide layout-padded _wide_17hqh_1 layout-padded\">Idrettspresident Zaineb Al-Samarai liker d\u00e5rlig at regjeringen har lagt opp til \u00e5 kutte posten p\u00e5 100 millioner kroner som de siste \u00e5rene har g\u00e5tt til \u00e5 motvirke \u00f8konomiske barrierer i idretten.<\/p>\n<p><img alt=\" Foto: Mattis Sandblad \/ VG\" class=\"_image_qp4xg_65 layout-component layout-wide\" data-fullscreen- data-track-element-type=\"Article image fullscreen\" data-track-name=\"ImageFullscreen\" fetchpriority=\"high\" decoding=\"sync\" loading=\"eager\" height=\"3889\" itemprop=\"image\"  src=\"https:\/\/www.europesays.com\/no\/wp-content\/uploads\/2025\/10\/0bbabd4b-ac9a-4485-bc23-dbd006528496\"  style=\"object-position:0% 0%\" width=\"5842\"\/> Foto: Mattis Sandblad \/ VG<\/p>\n<ul aria-hidden=\"true\" class=\"_images_1y6fe_106\">\n<li><a class=\"_link_1y6fe_111\" href=\"https:\/\/www.vg.no\/forfatter\/ntb\" style=\"z-index:1\" title=\"NTB\" rel=\"nofollow noopener\" target=\"_blank\"><img alt=\"Bilde av NTB\" class=\"_image_1y6fe_88\" fetchpriority=\"low\" loading=\"lazy\" decoding=\"async\" itemprop=\"image\"  src=\"https:\/\/www.europesays.com\/no\/wp-content\/uploads\/2025\/10\/1760533393_150_c33980b0-5d07-4027-84a1-813f90a7c8d6\"  width=\"480\"\/><\/a><\/li>\n<\/ul>\n<p> Oppdatert onsdag 15. oktober kl. 12:48     <\/p>\n<p class=\"_paragraph_o9xde_4 _paragraph_xtcu6_10 layout-component text-serif-m layout-normal text-serif-m layout-padded\">De to siste \u00e5rene har det endelige statsbudsjettet inneholdt den aktuelle posten. I regjeringens forslag til budsjett for 2026, som ble lagt fram onsdag, ligger disse pengene ikke inne.<\/p>\n<p class=\"_paragraph_o9xde_4 _paragraph_xtcu6_10 layout-component text-serif-m layout-normal text-serif-m layout-padded\">\u2013 Siden regjeringen har g\u00e5tt til valg p\u00e5 \u00e5 bekjempe \u00f8konomi som barriere for idrettsdeltakelse, er jeg overrasket over at denne ordningen ikke videref\u00f8res over statsbudsjettet. Midlene har hatt \u00f8nsket effekt, og behovene blir st\u00f8rre og st\u00f8rre, sier Al-Samarai.<\/p>\n<p class=\"_paragraph_o9xde_4 _paragraph_xtcu6_10 layout-component text-serif-m layout-normal text-serif-m layout-padded\">Hun henviser blant annet til at tall fra Barne-, ungdoms- og familiedirektoratet (Bufdir) viser at andelen som opplever \u00f8konomi som en barriere for deltakelse i fritidsaktiviteter, har \u00f8kt de siste \u00e5rene.<\/p>\n<p class=\"_paragraph_o9xde_4 _paragraph_xtcu6_10 layout-component text-serif-m layout-normal text-serif-m layout-padded\">\u2013 Dette viser at \u00f8konomi er en barriere som ikke er begrenset til lavinntektsfamilier. Ogs\u00e5 helt vanlige familier rapporterer om at \u00f8konomiske utfordringer kan gj\u00f8re det vanskelig for barna deres \u00e5 delta i idrett. Ordningen m\u00e5 styrkes, ikke fjernes, sier Al-Samarai.<\/p>\n<p>\u2013 Ikke bare valgflesk<\/p>\n<p class=\"_paragraph_o9xde_4 _paragraph_xtcu6_10 layout-component text-serif-m layout-normal text-serif-m layout-padded\">Idrettstoppen setter n\u00e5 sin lit til partiene som skal i forhandlinger med regjeringen om det endelige budsjettet.<\/p>\n<p class=\"_paragraph_o9xde_4 _paragraph_xtcu6_10 layout-component text-serif-m layout-normal text-serif-m layout-padded\">Onsdagens forslag til budsjett legger opp til at idretten ogs\u00e5 i 2026 vil f\u00e5 full momskompensasjon for bygging av idrettsanlegg samt for varer og tjenester.<\/p>\n<p class=\"_paragraph_o9xde_4 _paragraph_xtcu6_10 layout-component text-serif-m layout-normal text-serif-m layout-padded\">Idrettstoppene har i en \u00e5rrekke argumentert for at denne ordningen m\u00e5 bli s\u00e5kalt regelfestet, og at den s\u00e5ledes ikke m\u00e5 forhandles om i budsjettet.<\/p>\n<p class=\"_paragraph_o9xde_4 _paragraph_xtcu6_10 layout-component text-serif-m layout-normal text-serif-m layout-padded\">Det blir den heller ikke neste \u00e5r.<\/p>\n<p class=\"_paragraph_o9xde_4 _paragraph_xtcu6_10 layout-component text-serif-m layout-normal text-serif-m layout-padded\">\u2013 Vi er glade for at regjeringen nok en gang innfrir egne l\u00f8fter om full momskompensasjon. Samtidig vil det ikke koste staten noe \u00e5 innf\u00f8re regelstyring av ordningen, s\u00e5 jeg skj\u00f8nner ikke hvorfor regjeringen legger opp til at dette er noe de andre partiene skal forhandle inn. Jeg legger derfor til grunn at dette kommer p\u00e5 plass etter budsjettforhandlingene, og at dette ikke bare er valgflesk, sier idrettspresident Al-Samarai.<\/p>\n<p>Savner VM-svar<\/p>\n<p class=\"_paragraph_o9xde_4 _paragraph_xtcu6_10 layout-component text-serif-m layout-normal text-serif-m layout-padded\">Regjeringen har i onsdagens forslag til budsjett \u00f8kt posten for hjelp til aktivitetshjelpemidler til personer med funksjonsnedsettelser over 26 \u00e5r fra 64 til 79,5 millioner kroner.<\/p>\n<p class=\"_paragraph_o9xde_4 _paragraph_xtcu6_10 layout-component text-serif-m layout-normal text-serif-m layout-padded\">Det holder ikke til \u00e5 gj\u00f8re idrettspresidenten forn\u00f8yd.<\/p>\n<p class=\"_paragraph_o9xde_4 _paragraph_xtcu6_10 layout-component text-serif-m layout-normal text-serif-m layout-padded\">\u00ab\u00d8kningen er likevel ikke tilstrekkelig for \u00e5 dekke det faktiske behovet. Det ble satt ny rekord i \u00e5r. Da gikk ordningen tom 6. januar\u00bb, skriver Norges idrettsforbund i en pressemelding.<\/p>\n<p class=\"_paragraph_o9xde_4 _paragraph_xtcu6_10 layout-component text-serif-m layout-normal text-serif-m layout-padded\">Der pekes det ogs\u00e5 p\u00e5 at Stortinget har vedtatt \u00e5 gi alpin-VM i Narvik i 2029 et statlig tilskudd p\u00e5 342 millioner kroner.<\/p>\n<p class=\"_paragraph_o9xde_4 _paragraph_xtcu6_10 layout-component text-serif-m layout-normal text-serif-m layout-padded\">\u2013 Regjeringen har heller ikke i 2026 tildelt midler over statsbudsjettet til dette viktige arrangementet. Vi lurer derfor p\u00e5 n\u00e5r disse friske midlene vil komme, sier idrettspresidenten.<\/p>\n","protected":false},"excerpt":{"rendered":"Idrettspresident Zaineb Al-Samarai liker d\u00e5rlig at regjeringen har lagt opp til \u00e5 kutte posten p\u00e5 100 millioner kroner&hellip;\n","protected":false},"author":2,"featured_media":61178,"comment_status":"","ping_status":"","sticky":false,"template":"","format":"standard","meta":{"footnotes":""},"categories":[59],"tags":[30,28,8958,29,83,82,8578,7943],"class_list":{"0":"post-61177","1":"post","2":"type-post","3":"status-publish","4":"format-standard","5":"has-post-thumbnail","7":"category-sport","8":"tag-no","9":"tag-norge","10":"tag-norges-idrettsforbund-nif","11":"tag-norway","12":"tag-sport","13":"tag-sports","14":"tag-statsbudsjettet","15":"tag-zaineb-al-samarai"},"share_on_mastodon":{"url":"","error":""},"_links":{"self":[{"href":"https:\/\/www.europesays.com\/no\/wp-json\/wp\/v2\/posts\/61177","targetHints":{"allow":["GET"]}}],"collection":[{"href":"https:\/\/www.europesays.com\/no\/wp-json\/wp\/v2\/posts"}],"about":[{"href":"https:\/\/www.europesays.com\/no\/wp-json\/wp\/v2\/types\/post"}],"author":[{"embeddable":true,"href":"https:\/\/www.europesays.com\/no\/wp-json\/wp\/v2\/users\/2"}],"replies":[{"embeddable":true,"href":"https:\/\/www.europesays.com\/no\/wp-json\/wp\/v2\/comments?post=61177"}],"version-history":[{"count":0,"href":"https:\/\/www.europesays.com\/no\/wp-json\/wp\/v2\/posts\/61177\/revisions"}],"wp:featuredmedia":[{"embeddable":true,"href":"https:\/\/www.europesays.com\/no\/wp-json\/wp\/v2\/media\/61178"}],"wp:attachment":[{"href":"https:\/\/www.europesays.com\/no\/wp-json\/wp\/v2\/media?parent=61177"}],"wp:term":[{"taxonomy":"category","embeddable":true,"href":"https:\/\/www.europesays.com\/no\/wp-json\/wp\/v2\/categories?post=61177"},{"taxonomy":"post_tag","embeddable":true,"href":"https:\/\/www.europesays.com\/no\/wp-json\/wp\/v2\/tags?post=61177"}],"curies":[{"name":"wp","href":"https:\/\/api.w.org\/{rel}","templated":true}]}}