{"id":61188,"date":"2025-10-15T13:25:11","date_gmt":"2025-10-15T13:25:11","guid":{"rendered":"https:\/\/www.europesays.com\/no\/61188\/"},"modified":"2025-10-15T13:25:11","modified_gmt":"2025-10-15T13:25:11","slug":"flyplasser-nekter-a-vise-video","status":"publish","type":"post","link":"https:\/\/www.europesays.com\/no\/61188\/","title":{"rendered":"Flyplasser nekter \u00e5 vise video"},"content":{"rendered":"<p>  En rekke store flyplasser i USA nekter \u00e5 spille av en video med sikkerhetsminister Kristi Noem i sikkerhetskontrollen.<\/p>\n<p>\n    En rekke store flyplasser i USA nekter \u00e5 vise en video der sikkerhetsminister Kristi Noem langer ut mot Demokratene i Kongressen. Foto: AP \/ NTB\n  <\/p>\n<p>I videoen gir Noem Demokratene det hele og fulle ansvaret for den p\u00e5g\u00e5ende nedstengningen av det f\u00f8derale statsapparatet.<\/p>\n<p>Mens enkelte flyplasser spiller av videoen, nekter en rekke andre,\u00a0<a href=\"https:\/\/edition.cnn.com\/2025\/10\/13\/us\/kristi-noem-tsa-video\" target=\"_blank\" rel=\"nofollow noopener\">if\u00f8lge CNN<\/a>.<\/p>\n<p>Videoen \u00e5pner med \u00e5 \u00f8nske alle som passerer gjennom sikkerhetskontrollen, en behagelig og trygg reise. Budskapet blir deretter raskt politisk.<\/p>\n<p>\u2013 Demokratene i Kongressen nekter \u00e5 finansiere den f\u00f8derale regjeringen, og p\u00e5 grunn av dette er mange av v\u00e5re operasjoner p\u00e5virket, og de fleste av v\u00e5re TSA-ansatte jobber uten l\u00f8nn, heter det.<\/p>\n<p>    <a itemprop=\"url\" href=\"https:\/\/sol.no\/nyheter\/800-fikk-sparken-ved-et-uhell\/83724661\" rel=\"nofollow noopener\" target=\"_blank\"><\/p>\n<p>      <img loading=\"lazy\" decoding=\"async\" src=\"https:\/\/www.europesays.com\/no\/wp-content\/uploads\/2025\/10\/83724669.webp\" width=\"980\" height=\"441\" title=\"800 fikk sparken ved et uhell\" alt=\"\" class=\"lazyload\" style=\"--aspect-ratio-image: 2.22; \"\/><\/p>\n<p>        800 fikk sparken ved et uhell<\/p>\n<p>sol.no<\/p>\n<p>    <\/a><\/p>\n<p>Transportation Security Administration (TSA) er etat som er underlagt Noems sikkerhetsdepartement og som har ansvar for sikkerheten innen transportsektoren i USA.<\/p>\n<p>Harry Reid International Airport i Las Vegas er en av flyplassene som nekter \u00e5 vise videoen, med henvisning til dens \u00abpolitiske budskap som ikke stemmer overens med den n\u00f8ytrale, informative naturen til kunngj\u00f8ringene som vanligvis vises ved sikkerhetskontrollene\u00bb.<\/p>\n<p>Andre flyplasser mener videoen strider mot en lov fra 1939 som p\u00e5legger f\u00f8deralt ansatte \u00e5 s\u00f8rge for at myndighetenes programmer blir gjennomf\u00f8rt p\u00e5 en partipolitisk n\u00f8ytral m\u00e5te.<\/p>\n","protected":false},"excerpt":{"rendered":"En rekke store flyplasser i USA nekter \u00e5 spille av en video med sikkerhetsminister Kristi Noem i sikkerhetskontrollen.&hellip;\n","protected":false},"author":2,"featured_media":61189,"comment_status":"","ping_status":"","sticky":false,"template":"","format":"standard","meta":{"footnotes":""},"categories":[12],"tags":[20,21,24,25,15,8961,22,23,13,30,28,29,14,16,26,27,50,412,42,43,44,45],"class_list":{"0":"post-61188","1":"post","2":"type-post","3":"status-publish","4":"format-standard","5":"has-post-thumbnail","7":"category-verden","8":"tag-breaking-news","9":"tag-breakingnews","10":"tag-featured-news","11":"tag-featurednews","12":"tag-headlines","13":"tag-kristi-noem","14":"tag-latest-news","15":"tag-latestnews","16":"tag-news","17":"tag-no","18":"tag-norge","19":"tag-norway","20":"tag-nyheter","21":"tag-overskrifter","22":"tag-top-stories","23":"tag-topstories","24":"tag-usa","25":"tag-utenriks","26":"tag-verden","27":"tag-world","28":"tag-world-news","29":"tag-worldnews"},"share_on_mastodon":{"url":"","error":""},"_links":{"self":[{"href":"https:\/\/www.europesays.com\/no\/wp-json\/wp\/v2\/posts\/61188","targetHints":{"allow":["GET"]}}],"collection":[{"href":"https:\/\/www.europesays.com\/no\/wp-json\/wp\/v2\/posts"}],"about":[{"href":"https:\/\/www.europesays.com\/no\/wp-json\/wp\/v2\/types\/post"}],"author":[{"embeddable":true,"href":"https:\/\/www.europesays.com\/no\/wp-json\/wp\/v2\/users\/2"}],"replies":[{"embeddable":true,"href":"https:\/\/www.europesays.com\/no\/wp-json\/wp\/v2\/comments?post=61188"}],"version-history":[{"count":0,"href":"https:\/\/www.europesays.com\/no\/wp-json\/wp\/v2\/posts\/61188\/revisions"}],"wp:featuredmedia":[{"embeddable":true,"href":"https:\/\/www.europesays.com\/no\/wp-json\/wp\/v2\/media\/61189"}],"wp:attachment":[{"href":"https:\/\/www.europesays.com\/no\/wp-json\/wp\/v2\/media?parent=61188"}],"wp:term":[{"taxonomy":"category","embeddable":true,"href":"https:\/\/www.europesays.com\/no\/wp-json\/wp\/v2\/categories?post=61188"},{"taxonomy":"post_tag","embeddable":true,"href":"https:\/\/www.europesays.com\/no\/wp-json\/wp\/v2\/tags?post=61188"}],"curies":[{"name":"wp","href":"https:\/\/api.w.org\/{rel}","templated":true}]}}