{"id":61198,"date":"2025-10-15T13:32:47","date_gmt":"2025-10-15T13:32:47","guid":{"rendered":"https:\/\/www.europesays.com\/no\/61198\/"},"modified":"2025-10-15T13:32:47","modified_gmt":"2025-10-15T13:32:47","slug":"krigen-i-ukraina-palle-ydstebo","status":"publish","type":"post","link":"https:\/\/www.europesays.com\/no\/61198\/","title":{"rendered":"Krigen i Ukraina, Palle Ydsteb\u00f8"},"content":{"rendered":"\n<p><b>Onsdag den 8. oktober hadde Troms\u00f8 milit\u00e6re samfunn* invitert til foredrag om krigen i Ukraina i kommunesalen i r\u00e5dhuset i Troms\u00f8. Foredragsholder var forsvarets mann Palle Ydsteb\u00f8 som er hovedl\u00e6rer ved Krigsskolen. <\/b><\/p>\n<p>Som forventet var det mye informasjon om v\u00e5penteknikk, v\u00e5pen typer som blir brukt i krigen, v\u00e5pnenes effektivitet og hvordan en konflikt\/krig kan vinnes p\u00e5 slagmarken&#8230;.en skremmende seanse i seg sj\u00f8l.<\/p>\n<p>Jeg skj\u00f8nner jo at forsvaret er spesialist p\u00e5 krig, men at foredraget var s\u00e5 til de grader blottet for andre metoder for konfliktl\u00f8sning, det vi kaller for diplomati, overraska meg litt.<\/p>\n<p>Det ble opplyst at krigen i Ukraina startet i 2014 som riktig er, men kuppet i Kiev med innblanding fra vesten (USA og Storbritannia), og den p\u00e5f\u00f8lgende undertrykking av den russiske befolkning ble ikke nevnt som utslagsgivende for borgerkrigen i \u00d8st-Ukraina.<\/p>\n<p>Det ble fortalt hvordan Russland verver sine soldater, hvilke \u00f8konomiske insentiver som brukes, men det ble ikke sagt noe om hvordan Ukraina verver sine menn til krigsoperasjonene. Det jeg har sett av det p\u00e5 youtube er at \u00abvervemannskapet\u00bb drar menn fra gata og kafeer inn i bilene sine og sender dem rett til fronten.<\/p>\n<p>Det ble opplyst om Russlands tap, men ikke om Ukrainas tap?<\/p>\n<p>Det ble hevdet at Ukraina er fullstendig overlegen i forhold til v\u00e5pen, og at Russlands v\u00e5penlager n\u00e5 stort sett er skrap. Jeg funderte da p\u00e5 hvordan det kan ha seg at Russland truer Europa, og at vestlige ledere\/Europeiske ledere, inkludert norsk Regjering og Storting n\u00e5 roper p\u00e5 mer og mer opprustning\/v\u00e5pen. Det ble da ogs\u00e5 stilt sp\u00f8rsm\u00e5l om dette fra salen, og det beroligende svaret fra forsvarets mann var at det ikke er mulig for Russland \u00e5 angripe natolandene i Europa n\u00e5, men at vesten vil v\u00e6re \u00abf\u00f8re var\u00bb den dagen Russland kommer seg p\u00e5 fote igjen milit\u00e6rt, for krig blir det uansett mer av i framtida (fra Russlands side?). Strategien er alts\u00e5 mer krig, s\u00e5 v\u00e5pen m\u00e5 vi ha mer av uansett. Gode nyheter for krigsindustrien med andre ord, men d\u00e5rlige nyheter til skattebetalerne.<\/p>\n<p>   <img decoding=\"async\" width=\"1923\" height=\"1353\" fetchpriority=\"low\"  loading=\"lazy\"  src=\"https:\/\/www.europesays.com\/no\/wp-content\/uploads\/2025\/10\/Toril+Konst.jpg\" alt=\"\" class=\"brick-c-cFOWSL\" style=\"--brick-image-ratio: 1923 \/ 1353;\"\/><\/p>\n<p>    Toril Konst |<br \/>\n    Foto: Nordlys\n  <\/p>\n<p>P\u00e5 sp\u00f8rsm\u00e5l fra salen om faren for at Russland vil bli presset til \u00e5 bruke atomv\u00e5pen, kunne forsvarets mann igjen berolige oss med at det ikke er sannsynlig at Russland vil bli presset til det fordi atomv\u00e5pen alltid bare har v\u00e6rt brukt til avskrekking. Jeg h\u00e5per virkelig han har rett, men er ikke overbevist. Hvis Russland g\u00e5r tom for konvensjonelle v\u00e5pen som det ble hevdet her, og landet blir presset opp i et hj\u00f8rne, hva da?<\/p>\n<p>Jeg fikk ikke spurt forsvarets mann om det overhodet undervises p\u00e5 krigsskolen om forebygging av konflikter for \u00e5 unng\u00e5 krig, men det er muligens ikke forsvarets \u00abmandat\u00bb, s\u00e5 sp\u00f8rsm\u00e5let m\u00e5 jeg overlate til v\u00e5re politikere.<\/p>\n<p>Kan v\u00e5re politikere opprette fora\/kommisjon hvor tema er \u00abhvordan forebygge krig \u2013 hvordan opprettholde fred uten v\u00e5pen\u00bb?<\/p>\n<p><b>*RETTELSE: Innleggsforfatteren skrev opprinnelig at arrangementet var i regi av Forsvarets Forum. Det er ikke korrekt. Rettet opp til korrekt arrang\u00f8r 15.10.2025, klokka 11:08<\/b><\/p>\n","protected":false},"excerpt":{"rendered":"Onsdag den 8. oktober hadde Troms\u00f8 milit\u00e6re samfunn* invitert til foredrag om krigen i Ukraina i kommunesalen i&hellip;\n","protected":false},"author":2,"featured_media":61199,"comment_status":"","ping_status":"","sticky":false,"template":"","format":"standard","meta":{"footnotes":""},"categories":[12],"tags":[36,20,21,24,25,15,179,22,23,13,30,28,29,14,1533,16,8964,8965,8966,26,27,42,43,44,45],"class_list":{"0":"post-61198","1":"post","2":"type-post","3":"status-publish","4":"format-standard","5":"has-post-thumbnail","7":"category-verden","8":"tag-art","9":"tag-breaking-news","10":"tag-breakingnews","11":"tag-featured-news","12":"tag-featurednews","13":"tag-headlines","14":"tag-krigen-i-ukraina","15":"tag-latest-news","16":"tag-latestnews","17":"tag-news","18":"tag-no","19":"tag-norge","20":"tag-norway","21":"tag-nyheter","22":"tag-opinion","23":"tag-overskrifter","24":"tag-palle-ydstebo","25":"tag-russland-og-ukraina","26":"tag-russland-og-vesten","27":"tag-top-stories","28":"tag-topstories","29":"tag-verden","30":"tag-world","31":"tag-world-news","32":"tag-worldnews"},"share_on_mastodon":{"url":"","error":""},"_links":{"self":[{"href":"https:\/\/www.europesays.com\/no\/wp-json\/wp\/v2\/posts\/61198","targetHints":{"allow":["GET"]}}],"collection":[{"href":"https:\/\/www.europesays.com\/no\/wp-json\/wp\/v2\/posts"}],"about":[{"href":"https:\/\/www.europesays.com\/no\/wp-json\/wp\/v2\/types\/post"}],"author":[{"embeddable":true,"href":"https:\/\/www.europesays.com\/no\/wp-json\/wp\/v2\/users\/2"}],"replies":[{"embeddable":true,"href":"https:\/\/www.europesays.com\/no\/wp-json\/wp\/v2\/comments?post=61198"}],"version-history":[{"count":0,"href":"https:\/\/www.europesays.com\/no\/wp-json\/wp\/v2\/posts\/61198\/revisions"}],"wp:featuredmedia":[{"embeddable":true,"href":"https:\/\/www.europesays.com\/no\/wp-json\/wp\/v2\/media\/61199"}],"wp:attachment":[{"href":"https:\/\/www.europesays.com\/no\/wp-json\/wp\/v2\/media?parent=61198"}],"wp:term":[{"taxonomy":"category","embeddable":true,"href":"https:\/\/www.europesays.com\/no\/wp-json\/wp\/v2\/categories?post=61198"},{"taxonomy":"post_tag","embeddable":true,"href":"https:\/\/www.europesays.com\/no\/wp-json\/wp\/v2\/tags?post=61198"}],"curies":[{"name":"wp","href":"https:\/\/api.w.org\/{rel}","templated":true}]}}