{"id":61210,"date":"2025-10-15T13:51:14","date_gmt":"2025-10-15T13:51:14","guid":{"rendered":"https:\/\/www.europesays.com\/no\/61210\/"},"modified":"2025-10-15T13:51:14","modified_gmt":"2025-10-15T13:51:14","slug":"assassins-creed-franchisens-leder-forlater-ubisoft-etter-tencent-avtale-assassins-creed-shadows","status":"publish","type":"post","link":"https:\/\/www.europesays.com\/no\/61210\/","title":{"rendered":"Assassin&#8217;s Creed-franchisens leder forlater Ubisoft etter Tencent-avtale &#8211; Assassin&#8217;s Creed Shadows"},"content":{"rendered":"<p>Tidligere i \u00e5r ble det bekreftet at Ubisofts st\u00f8rste IP, Assassin&#8217;s Creed, ville bli ledet av Vantage Studios, et datterselskap av Ubisoft med en eierandel p\u00e5 25 % fra Tencent. Vantage har n\u00e5 ogs\u00e5 tilsyn med Far Cry og Rainbow Six.<\/p>\n<p>To uker etter at Vantage begynte \u00e5 operere ordentlig, har Assassin&#8217;s Creed visepresident og ut\u00f8vende produsent Marc-Alexis C\u00f4t\u00e9 forlatt Ubisoft etter 20 \u00e5r med selskapet. I henhold til et stabsnotat fanget av <a href=\"https:\/\/www.ign.com\/articles\/assassins-creed-franchise-boss-departs-ubisoft\" target=\"_blank\" rel=\"nofollow noopener\">IGN<\/a>, tok C\u00f4t\u00e9 beslutningen om \u00e5 forlate p\u00e5 egen h\u00e5nd etter \u00e5 ha blitt tilbudt en lederstilling i det nye datterselskapet.<\/p>\n<p>&laquo;Etter den organisatoriske restruktureringen som ble kunngjort i mars 2025, har Marc-Alexis C\u00f4t\u00e9 valgt \u00e5 forf\u00f8lge en ny vei andre steder utenfor Ubisoft,&raquo; sa en talsperson for Ubisoft. &laquo;Selv om vi er lei oss for \u00e5 se ham g\u00e5, er vi sikre p\u00e5 at v\u00e5re talentfulle team vil videref\u00f8re det sterke grunnlaget han hjalp til med \u00e5 bygge.&raquo;<\/p>\n<p>C\u00f4t\u00e9 begynte \u00e5 jobbe hos Ubisoft som programvareingeni\u00f8r i 2005, og da Assassin&#8217;s Creed III kom, var han spilldirekt\u00f8r. I mars 2022 sies det at C\u00f4t\u00e9 tok ansvaret for \u00e5 legge ut fremtiden for franchisen, og brakte Assassin&#8217;s Creed Shadows i forgrunnen og la grunnlaget for det kommende Assassin&#8217;s Creed Hexe.<\/p>\n<p><img loading=\"lazy\" decoding=\"async\" id=\"img-1889283-648261\" data-fullsize=\"\/media\/82\/nyttassassinscreed_648261b.png\" data-lazy=\"\" src=\"https:\/\/www.gamereactor.nohttps:\/\/www.gamereactor.no\/media\/82\/nyttassassinscreed_648261_650x.png\" width=\"650\" onclick=\"if (!window.__cfRLUnblockHandlers) return false; gallery_openmodal('1889283','648261',false,'c2b785bd7217c5d8a345d470e6673b48');\" height=\"366\" alt=\"Assassin's Creed Shadows\" class=\"rwd_col_content lazy\" data-cf-modified-75d6b5be21277a73c2b6fa5e-=\"\"\/><\/p>\n","protected":false},"excerpt":{"rendered":"Tidligere i \u00e5r ble det bekreftet at Ubisofts st\u00f8rste IP, Assassin&#8217;s Creed, ville bli ledet av Vantage Studios,&hellip;\n","protected":false},"author":2,"featured_media":61211,"comment_status":"","ping_status":"","sticky":false,"template":"","format":"standard","meta":{"footnotes":""},"categories":[57],"tags":[30,28,29,65,63,64,66,70,69,67,68],"class_list":{"0":"post-61210","1":"post","2":"type-post","3":"status-publish","4":"format-standard","5":"has-post-thumbnail","7":"category-vitenskap-og-teknologi","8":"tag-no","9":"tag-norge","10":"tag-norway","11":"tag-science","12":"tag-science-and-technology","13":"tag-scienceandtechnology","14":"tag-technology","15":"tag-teknologi","16":"tag-vitenskap","17":"tag-vitenskap-og-teknologi","18":"tag-vitenskapteknologi"},"share_on_mastodon":{"url":"","error":""},"_links":{"self":[{"href":"https:\/\/www.europesays.com\/no\/wp-json\/wp\/v2\/posts\/61210","targetHints":{"allow":["GET"]}}],"collection":[{"href":"https:\/\/www.europesays.com\/no\/wp-json\/wp\/v2\/posts"}],"about":[{"href":"https:\/\/www.europesays.com\/no\/wp-json\/wp\/v2\/types\/post"}],"author":[{"embeddable":true,"href":"https:\/\/www.europesays.com\/no\/wp-json\/wp\/v2\/users\/2"}],"replies":[{"embeddable":true,"href":"https:\/\/www.europesays.com\/no\/wp-json\/wp\/v2\/comments?post=61210"}],"version-history":[{"count":0,"href":"https:\/\/www.europesays.com\/no\/wp-json\/wp\/v2\/posts\/61210\/revisions"}],"wp:featuredmedia":[{"embeddable":true,"href":"https:\/\/www.europesays.com\/no\/wp-json\/wp\/v2\/media\/61211"}],"wp:attachment":[{"href":"https:\/\/www.europesays.com\/no\/wp-json\/wp\/v2\/media?parent=61210"}],"wp:term":[{"taxonomy":"category","embeddable":true,"href":"https:\/\/www.europesays.com\/no\/wp-json\/wp\/v2\/categories?post=61210"},{"taxonomy":"post_tag","embeddable":true,"href":"https:\/\/www.europesays.com\/no\/wp-json\/wp\/v2\/tags?post=61210"}],"curies":[{"name":"wp","href":"https:\/\/api.w.org\/{rel}","templated":true}]}}