{"id":61216,"date":"2025-10-15T13:58:12","date_gmt":"2025-10-15T13:58:12","guid":{"rendered":"https:\/\/www.europesays.com\/no\/61216\/"},"modified":"2025-10-15T13:58:12","modified_gmt":"2025-10-15T13:58:12","slug":"nothing-phone-3a-lite-kan-snart-lanseres-som-et-superbillig-alternativ-til-3a-men-det-er-sannsynligvis-ikke-plass-til-den","status":"publish","type":"post","link":"https:\/\/www.europesays.com\/no\/61216\/","title":{"rendered":"Nothing Phone 3a Lite kan snart lanseres som et superbillig alternativ til 3a \u2013 men det er sannsynligvis ikke plass til den"},"content":{"rendered":"<ul id=\"8205073d-150e-4d8b-91ff-bd7a5ef9097d\">\n<li><strong>Nothing Phone 3a Lite ser ut til \u00e5 bli lansert senere i \u00e5r<\/strong><\/li>\n<li><strong>Lekkede spesifikasjoner avsl\u00f8rer mulige farger, lagringsalternativer og RAM<\/strong><\/li>\n<li><strong>Det er uklart hvilken rolle modellen faktisk spiller i Nothing sitt utvalg<\/strong><\/li>\n<\/ul>\n<p id=\"f91ab4ba-b29d-422a-a72c-bbc9ed724cae\">Med unntak av Nothing Phone 3 har Nothing sine telefoner v\u00e6rt relativt rimelige s\u00e5 langt, og posisjonert seg i mellomsegmentet. Men n\u00e5 ser det ut til at selskapet forbereder en enda billigere modell \u2013 Nothing Phone 3a Lite \u2013 som ryktes \u00e5 bli den mest budsjettvennlige telefonen fra merket til dags dato.<\/p>\n<p>Dette ville ogs\u00e5 v\u00e6re Nothing sin f\u00f8rste \u00abLite\u00bb-modell, og som en enklere versjon av den allerede mellomklasse Nothing Phone 3a, ventes den \u00e5 f\u00e5 en enda lavere pris \u2013 under 3a-modellens niv\u00e5 p\u00e5 rundt 4400 kroner. Den korrekte prislappen er imidlertid ikke bekreftet.<\/p>\n<p><a id=\"elk-seasonal\" href=\"\" data-url=\"\" target=\"_blank\" referrerpolicy=\"no-referrer-when-downgrade\" data-hl-processed=\"none\"\/><\/p>\n<p id=\"f91ab4ba-b29d-422a-a72c-bbc9ed724cae-2\">If\u00f8lge teknologilekkeren <a data-analytics-id=\"inline-link\" href=\"https:\/\/x.com\/Sudhanshu1414\" target=\"_blank\" data-url=\"https:\/\/x.com\/Sudhanshu1414\" referrerpolicy=\"no-referrer-when-downgrade\" data-hl-processed=\"none\" rel=\"nofollow\">Sudhanshu Ambhore<\/a>, som delte informasjon med <a data-analytics-id=\"inline-link\" href=\"https:\/\/www.xpertpick.com\/mobile\/nothing-phone-3a-lite\/\" target=\"_blank\" data-url=\"https:\/\/www.xpertpick.com\/mobile\/nothing-phone-3a-lite\/\" referrerpolicy=\"no-referrer-when-downgrade\" data-hl-processed=\"none\" rel=\"nofollow noopener\">XpertPick<\/a>, vil Nothing Phone 3a Lite v\u00e6re tilgjengelig i svart og hvitt, og i kun \u00e9n konfigurasjon: 8 GB RAM og 128 GB lagringsplass. Nettstedet p\u00e5peker imidlertid at noen regioner kan f\u00e5 flere farger eller varianter.<\/p>\n<p>Du kan like<\/p>\n<p>Telefonen skal ogs\u00e5 lanseres globalt i \u00e5r, noe som betyr at den sannsynligvis ogs\u00e5 vil komme til Europa.<\/p>\n<p><a id=\"elk-8ad3a536-02d6-442e-a737-ceba8ab6b47d\" href=\"\" data-url=\"\" target=\"_blank\" referrerpolicy=\"no-referrer-when-downgrade\" data-hl-processed=\"none\"\/>En mindre evnerik version av 3a<\/p>\n<p class=\"vanilla-image-block\" style=\"padding-top:56.26%;\">\n<p><img decoding=\"async\" src=\"https:\/\/www.europesays.com\/no\/wp-content\/uploads\/2025\/10\/vvKScNwu8WvCDvVGv37VsJ.jpg\" alt=\"Baksiden av en lysegr&amp;oslash;nn CMF Phone 2 Pro.\"   loading=\"lazy\" data-new-v2-image=\"true\" data-original-mos=\"https:\/\/www.europesays.com\/no\/wp-content\/uploads\/2025\/10\/vvKScNwu8WvCDvVGv37VsJ.jpg\" data-pin-media=\"https:\/\/www.europesays.com\/no\/wp-content\/uploads\/2025\/10\/vvKScNwu8WvCDvVGv37VsJ.jpg\"\/>\n<\/p>\n<p>Den kan f\u00e5 lignende spesifikasjoner som CMF Phone 2 Pro. (Image credit: Philip Berne \/ Future)<\/p>\n<p id=\"9f244a61-3ffd-47b7-846c-69079678cddd\">N\u00e5r det gjelder spesifikasjoner, ventes det at 3a Lite vil ha mye til felles med Nothing Phone 3a, som har en 6,77-tommers skjerm med 120 Hz oppdateringsfrekvens, Snapdragon 7s Gen 3-brikke 5000 mAh batteri med 50 W hurtiglading, et 50 MP hovedkamera, et 50 MP teleobjektiv med 2x optisk zoom og et 8 MP ultravidvinkelkamera.<\/p>\n<p>Man kan tenke seg at Lite-modellen f\u00e5r f\u00e6rre kameraer eller et litt enklere sensoroppsett, men selv den billigere CMF Phone 2 Pro har tre bakre kameraer \u2013 noe som gj\u00f8r det vanskelig \u00e5 vite n\u00f8yaktig hvor Nothing planlegger \u00e5 sette grensen.<\/p>\n<p>Derfor virker det vanskelig for Nothing \u00e5 skille 3a Lite fra sine eksisterende modeller. CMF Phone 2 Pro fyller allerede rollen som et billigere alternativ til 3a, med lignende spesifikasjoner, men en svakere brikke, f\u00e6rre megapiksler i selfiekameraet og tregere lading.<\/p>\n<p class=\"newsletter-form__strapline\">Registrer deg for siste nytt, anmeldelser, meninger, toppteknologiske tilbud og mer.<\/p>\n<p>Om Nothing Phone 3a Lite faktisk blir lansert gjenst\u00e5r \u00e5 se \u2013 men sp\u00f8rsm\u00e5let er om det i det hele tatt er behov for den. Akkurat n\u00e5 ser det ikke ut til at den fyller noe klart gap i Nothing sitt utvalg, noe som betyr at den risikerer \u00e5 bli overfl\u00f8dig fra starten av.<\/p>\n<p><a id=\"elk-videre-lesning\" href=\"\" data-url=\"\" target=\"_blank\" referrerpolicy=\"no-referrer-when-downgrade\" data-hl-processed=\"none\"\/>Videre lesning<\/p>\n","protected":false},"excerpt":{"rendered":"Nothing Phone 3a Lite ser ut til \u00e5 bli lansert senere i \u00e5r Lekkede spesifikasjoner avsl\u00f8rer mulige farger,&hellip;\n","protected":false},"author":2,"featured_media":61217,"comment_status":"","ping_status":"","sticky":false,"template":"","format":"standard","meta":{"footnotes":""},"categories":[57],"tags":[30,28,29,65,63,64,66,70,69,67,68],"class_list":{"0":"post-61216","1":"post","2":"type-post","3":"status-publish","4":"format-standard","5":"has-post-thumbnail","7":"category-vitenskap-og-teknologi","8":"tag-no","9":"tag-norge","10":"tag-norway","11":"tag-science","12":"tag-science-and-technology","13":"tag-scienceandtechnology","14":"tag-technology","15":"tag-teknologi","16":"tag-vitenskap","17":"tag-vitenskap-og-teknologi","18":"tag-vitenskapteknologi"},"share_on_mastodon":{"url":"","error":""},"_links":{"self":[{"href":"https:\/\/www.europesays.com\/no\/wp-json\/wp\/v2\/posts\/61216","targetHints":{"allow":["GET"]}}],"collection":[{"href":"https:\/\/www.europesays.com\/no\/wp-json\/wp\/v2\/posts"}],"about":[{"href":"https:\/\/www.europesays.com\/no\/wp-json\/wp\/v2\/types\/post"}],"author":[{"embeddable":true,"href":"https:\/\/www.europesays.com\/no\/wp-json\/wp\/v2\/users\/2"}],"replies":[{"embeddable":true,"href":"https:\/\/www.europesays.com\/no\/wp-json\/wp\/v2\/comments?post=61216"}],"version-history":[{"count":0,"href":"https:\/\/www.europesays.com\/no\/wp-json\/wp\/v2\/posts\/61216\/revisions"}],"wp:featuredmedia":[{"embeddable":true,"href":"https:\/\/www.europesays.com\/no\/wp-json\/wp\/v2\/media\/61217"}],"wp:attachment":[{"href":"https:\/\/www.europesays.com\/no\/wp-json\/wp\/v2\/media?parent=61216"}],"wp:term":[{"taxonomy":"category","embeddable":true,"href":"https:\/\/www.europesays.com\/no\/wp-json\/wp\/v2\/categories?post=61216"},{"taxonomy":"post_tag","embeddable":true,"href":"https:\/\/www.europesays.com\/no\/wp-json\/wp\/v2\/tags?post=61216"}],"curies":[{"name":"wp","href":"https:\/\/api.w.org\/{rel}","templated":true}]}}