{"id":61218,"date":"2025-10-15T13:59:39","date_gmt":"2025-10-15T13:59:39","guid":{"rendered":"https:\/\/www.europesays.com\/no\/61218\/"},"modified":"2025-10-15T13:59:39","modified_gmt":"2025-10-15T13:59:39","slug":"nyhende-turer-vil-flytte-firmaturen-til-fjellheimen-hardanger-folkeblad","status":"publish","type":"post","link":"https:\/\/www.europesays.com\/no\/61218\/","title":{"rendered":"Nyhende, Turer | Vil flytte firmaturen til fjellheimen &#8211; Hardanger Folkeblad"},"content":{"rendered":"<ol>\n<li><a href=\"https:\/\/news.google.com\/rss\/articles\/CBMijwFBVV95cUxQOTNSSC13WjJxYlJpV1BzN0VUV2xKWXkyYmZHVnBCVDhlbzJvVUdkSF85Zi1vSUU1SDdMVERpcXVxZWpOVDNTSXd2azJJb3lGSmNQSVYzNjVuWnFFTjZURnhGY0pEY0JDWW9iY0gwRXpadWhNYVduRk5jcXlIcU12T3hqczU0NU96MzBGbjd0VQ?oc=5\" target=\"_blank\" rel=\"nofollow noopener\">Nyhende, Turer | Vil flytte firmaturen til fjellheimen<\/a>&nbsp;&nbsp;Hardanger Folkeblad<\/li>\n<li><a href=\"https:\/\/news.google.com\/rss\/articles\/CBMitwFBVV95cUxNS1U1Q2tZVnBFTjl6NEEwdW9oa2RqTWdFMmtfZzJEQXlLY1FqWHdzX1k3QjhfV3R2NzhnX0d6V29uVUJvUS1vNm1Va2Z0WFllMmdBZVpqbjQxT243dFNuaUdQdUI1blZxTTAtWkRTWGdYLVJLYjR5aGh5UGE1eHdOX0xpSDQtSkVZbDVxWkRza01HNC03SEREaFpfcUQyNFpKZmg0cktWRFBvZmlsYjZoc2xUZUZabTQ?oc=5\" target=\"_blank\" rel=\"nofollow noopener\">Future Solutions er med i innovasjonsprosjekt for tryggare fjellreinsking<\/a>&nbsp;&nbsp;bomlo-nytt.no<\/li>\n<li><a href=\"https:\/\/news.google.com\/rss\/articles\/CBMihwFBVV95cUxOTHRIN1VzQTBTdVdNdDYzdVUwSTRLNE1LVlFoenM2a3E0ajdqSXNVeDFvZmdpc3VUQTBhdTRpcmZJS1l0QUxqamdON1ZtLXdjUmlmcUlZeUlyUmN5c1J6cnNpeUFqM09wandSTEtRUDdMbEFobndGRFVDU3JtTDB2TS1tUVgyRzA?oc=5\" target=\"_blank\" rel=\"nofollow noopener\">(+) F\u00e5r innovasjonsst\u00f8tte for \u00e5 sikre mont\u00f8rhverdagen<\/a>&nbsp;&nbsp;Anlegg.no<\/li>\n<li><a href=\"https:\/\/news.google.com\/rss\/articles\/CBMidkFVX3lxTFBRTVdoZ1d5VWduaVY2bDF0X0RkdW9zbGFPZ3F5NTZybWJpbng4TlRhbzV2VnhISTctRnJ4OU1sSzI3YzdGcTJBWlVxN0R6YUhtRXh4b2ZKMGRlQTVUSmpTb2NIYjJIa2hWUm9XTGtqN3pUcDhkaUE?oc=5\" target=\"_blank\" rel=\"nofollow noopener\">Lattix og Fisk\u00e5 Maskin f\u00e5r DOGA-st\u00f8tte<\/a>&nbsp;&nbsp;Byggfakta Nyheter<\/li>\n<li><a href=\"https:\/\/news.google.com\/rss\/articles\/CBMizwFBVV95cUxOV3lGb3JTejNXSmlISFJfd05ONGlyQ292bUJJaS1ydDZ3Rk9oeVZYZTJfSl84eWgydm1QU2JEcS1LUklpTkh0NkNiNzlYd2ZnbmVVVy1EcUZzNnZ1Z1BFdG9Wa3NSdFVxemNPdGRnRHkzanpSWmpVU0FWdzFTRFp4TEt5SkFONFhJZEdtMmRMUU54QVdCazVjdkZfUWJndnJXYmV1Ql81YjdlbmpkSUZnVEhkcEp6eURqV1dXdUxQYzVIa2JJYUdoTHd0UnlZTEU?oc=5\" target=\"_blank\" rel=\"nofollow noopener\">Fisk\u00e5 Maskin og Lattix f\u00e5r innovasjonsst\u00f8tte: Jobber for myk fjellrensking og tryggere hverdag<\/a>&nbsp;&nbsp;Tungt<\/li>\n<\/ol>\n","protected":false},"excerpt":{"rendered":"Nyhende, Turer | Vil flytte firmaturen til fjellheimen&nbsp;&nbsp;Hardanger Folkeblad Future Solutions er med i innovasjonsprosjekt for tryggare fjellreinsking&nbsp;&nbsp;bomlo-nytt.no&hellip;\n","protected":false},"author":2,"featured_media":61219,"comment_status":"","ping_status":"","sticky":false,"template":"","format":"standard","meta":{"footnotes":""},"categories":[56],"tags":[36,60,61,2407,62,30,28,29,4966,1510,8967],"class_list":{"0":"post-61218","1":"post","2":"type-post","3":"status-publish","4":"format-standard","5":"has-post-thumbnail","7":"category-naeringsliv","8":"tag-art","9":"tag-business","10":"tag-economy","11":"tag-fjell","12":"tag-naeringsliv","13":"tag-no","14":"tag-norge","15":"tag-norway","16":"tag-nyhende","17":"tag-story","18":"tag-turer"},"share_on_mastodon":{"url":"","error":""},"_links":{"self":[{"href":"https:\/\/www.europesays.com\/no\/wp-json\/wp\/v2\/posts\/61218","targetHints":{"allow":["GET"]}}],"collection":[{"href":"https:\/\/www.europesays.com\/no\/wp-json\/wp\/v2\/posts"}],"about":[{"href":"https:\/\/www.europesays.com\/no\/wp-json\/wp\/v2\/types\/post"}],"author":[{"embeddable":true,"href":"https:\/\/www.europesays.com\/no\/wp-json\/wp\/v2\/users\/2"}],"replies":[{"embeddable":true,"href":"https:\/\/www.europesays.com\/no\/wp-json\/wp\/v2\/comments?post=61218"}],"version-history":[{"count":0,"href":"https:\/\/www.europesays.com\/no\/wp-json\/wp\/v2\/posts\/61218\/revisions"}],"wp:featuredmedia":[{"embeddable":true,"href":"https:\/\/www.europesays.com\/no\/wp-json\/wp\/v2\/media\/61219"}],"wp:attachment":[{"href":"https:\/\/www.europesays.com\/no\/wp-json\/wp\/v2\/media?parent=61218"}],"wp:term":[{"taxonomy":"category","embeddable":true,"href":"https:\/\/www.europesays.com\/no\/wp-json\/wp\/v2\/categories?post=61218"},{"taxonomy":"post_tag","embeddable":true,"href":"https:\/\/www.europesays.com\/no\/wp-json\/wp\/v2\/tags?post=61218"}],"curies":[{"name":"wp","href":"https:\/\/api.w.org\/{rel}","templated":true}]}}