{"id":61234,"date":"2025-10-15T14:28:11","date_gmt":"2025-10-15T14:28:11","guid":{"rendered":"https:\/\/www.europesays.com\/no\/61234\/"},"modified":"2025-10-15T14:28:11","modified_gmt":"2025-10-15T14:28:11","slug":"brasil-med-sjokktap-mot-japan-en-skam","status":"publish","type":"post","link":"https:\/\/www.europesays.com\/no\/61234\/","title":{"rendered":"Brasil med sjokktap mot Japan: \u2013 En skam"},"content":{"rendered":"\n<p class=\"_lead_o9xde_2 _lead_xtcu6_50 layout-component text-serif-m layout-normal text-serif-l layout-component layout-wide layout-padded _wide_17hqh_1 layout-padded\">Brasil er allerede klare for VM \u2013 kampen mot Japan ble derimot en kalddusj for sambalandet.<\/p>\n<p><img alt=\"Manchester United-stjerne Matheus Cunha kom inn fra benken for Brasil \u2013 uten at han klarte \u00e5 hindre tap. Foto: YUICHI YAMAZAKI \/ AFP \/ NTB\" class=\"_image_qp4xg_65 layout-component layout-wide\" data-fullscreen- data-track-element-type=\"Article image fullscreen\" data-track-name=\"ImageFullscreen\" fetchpriority=\"high\" decoding=\"sync\" loading=\"eager\" height=\"2824\" itemprop=\"image\"  src=\"https:\/\/www.europesays.com\/no\/wp-content\/uploads\/2025\/10\/af5e69e6-79eb-4ac9-ac78-85c2dd6b9c58\"  style=\"object-position:0% 0%\" width=\"4236\"\/>Manchester United-stjerne Matheus Cunha kom inn fra benken for Brasil \u2013 uten at han klarte \u00e5 hindre tap. Foto: YUICHI YAMAZAKI \/ AFP \/ NTB<\/p>\n<ul aria-hidden=\"true\" class=\"_images_1y6fe_106\">\n<li><a class=\"_link_1y6fe_111\" href=\"https:\/\/www.vg.no\/forfatter\/andreas-hopen\" style=\"z-index:1\" title=\"Andreas Hopen\" rel=\"nofollow noopener\" target=\"_blank\"><img alt=\"Bilde av Andreas Hopen\" class=\"_image_1y6fe_88\" fetchpriority=\"low\" loading=\"lazy\" decoding=\"async\" itemprop=\"image\"  src=\"https:\/\/www.europesays.com\/no\/wp-content\/uploads\/2025\/10\/1760538490_645_8d697287-ea03-4d54-ab67-6d65b82629eb\"  width=\"480\"\/><\/a><\/li>\n<\/ul>\n<p> Oppdatert onsdag 15. oktober kl. 15:13    <\/p>\n<ul class=\"_list_o9xde_3 _list_64s2r_85 _unordered_o9xde_106 text-sans-m\">\n<li class=\"_item_o9xde_30\">Brasil tapte 3\u20132 mot Japan etter \u00e5 ha ledet 2\u20130 ved pause.<\/li>\n<li class=\"_item_o9xde_30\">Fabr\u00edcio Bruno ble syndebukk med tabber som f\u00f8rte til to m\u00e5l.<\/li>\n<li class=\"_item_o9xde_30\">Trener Carlo Ancelotti innr\u00f8mmet at individuelle feil \u00f8dela kampen.<\/li>\n<li class=\"_item_o9xde_30\">Tapet reiser sp\u00f8rsm\u00e5l om Brasils form \u00e5tte m\u00e5neder f\u00f8r VM.<\/li>\n<\/ul>\n<p>Vis mer <\/p>\n<p class=\"_paragraph_o9xde_4 _paragraph_xtcu6_10 layout-component text-serif-m layout-normal text-serif-m layout-padded\">Brasil led sitt f\u00f8rste tap mot Japan noensinne da de tapte 3\u20132 i Tokyo tirsdag. Etter \u00e5 ha ledet 2\u20130 ved pause, kollapset laget fullstendig i andre omgang hvor tidenes mestvinnende VM-nasjon ble utspilt.<\/p>\n<p class=\"_paragraph_o9xde_4 _paragraph_xtcu6_10 layout-component text-serif-m layout-normal text-serif-m layout-padded\">Paulo Henrique og Gabriel Martinelli sendte Brasil i f\u00f8ringen til pause, men s\u00e5 gikk det galt.<\/p>\n<p class=\"_paragraph_o9xde_4 _paragraph_xtcu6_10 layout-component text-serif-m layout-normal text-serif-m layout-padded\">Cruzeiro-stopper Fabr\u00edcio Bruno ble syndebukken etter katastrofale feil. F\u00f8rst mistet han ballen i eget felt og ga Minamino en enkel scoring. Ti minutter senere scoret han selvm\u00e5l da han pr\u00f8vde \u00e5 blokkere et skudd fra Nakamura.<\/p>\n<p class=\"_paragraph_o9xde_4 _paragraph_xtcu6_10 layout-component text-serif-m layout-normal text-serif-m layout-padded\">Ueda sikret japansk seier mot et brasiliansk lag med stjerner som Vinicius Junior, Lucas Paquet\u00e1 og Bruno Guimar\u00e3es i startoppstillingen.<\/p>\n<p class=\"_paragraph_o9xde_4 _paragraph_xtcu6_10 layout-component text-serif-m layout-normal text-serif-m layout-padded\">P\u00e5 sosiale medier pekte supporterne p\u00e5 Fabr\u00edcio Bruno som hovedansvarlig for nederlaget, if\u00f8lge brasilianske\u00a0<a href=\"https:\/\/www.lance.com.br\/fora-de-campo\/torcedores-apontam-culpado-por-derrota-do-brasil-para-o-japao-vergonha.html\" class=\"_link_o9xde_39\" rel=\"nofollow noopener\" target=\"_blank\">Lance<\/a>.<\/p>\n<p class=\"_paragraph_o9xde_4 _paragraph_xtcu6_10 layout-component text-serif-m layout-normal text-serif-m layout-padded\">\u2013 En skam, skrev flere supportere p\u00e5 sosiale medier.<\/p>\n<p class=\"_paragraph_o9xde_4 _paragraph_xtcu6_10 layout-component text-serif-m layout-normal text-serif-m layout-padded\">Brasils trener Carlo Ancelotti innr\u00f8mmet at individuelle feil \u00f8delegger kampen.<\/p>\n<p class=\"_paragraph_o9xde_4 _paragraph_xtcu6_10 layout-component text-serif-m layout-normal text-serif-m layout-padded\">\u2013 Individuelle feil p\u00e5virker ikke spillernes plass i troppen, men vi m\u00e5 evaluere hvordan laget reagerte etter den f\u00f8rste feilen. Det var ikke bra fordi vi mistet balansen, sa Ancelotti if\u00f8lge\u00a0<a href=\"https:\/\/www.cnnbrasil.com.br\/esportes\/futebol\/selecao-brasileira\/ancelotti-e-direto-sobre-falhas-do-brasil-na-derrota-para-o-japao\/\" class=\"_link_o9xde_39\" rel=\"nofollow noopener\" target=\"_blank\">CNN Brasil<\/a>.<\/p>\n<p><img alt=\"Tidligere Real Madrid-sjef Carlo Ancelotti tok over som Brasils landslagstrener i sommer.  Foto: YUICHI YAMAZAKI \/ AFP \/ NTB\" class=\"_image_qp4xg_65 layout-component layout-normal\" data-fullscreen- data-track-element-type=\"Article image fullscreen\" data-track-name=\"ImageFullscreen\" decoding=\"async\" loading=\"lazy\" height=\"5504\" itemprop=\"image\"  src=\"https:\/\/www.europesays.com\/no\/wp-content\/uploads\/2025\/10\/1d0fb81a-5183-4844-90d3-35189cc6693b\"  style=\"object-position:0% 0%\" width=\"8256\"\/>Tidligere Real Madrid-sjef Carlo Ancelotti tok over som Brasils landslagstrener i sommer.  Foto: YUICHI YAMAZAKI \/ AFP \/ NTB<\/p>\n<p class=\"_paragraph_o9xde_4 _paragraph_xtcu6_10 layout-component text-serif-m layout-normal text-serif-m layout-padded\">\u2013 Jeg liker ikke \u00e5 tape. Vi m\u00e5 l\u00e6re av dette nederlaget, la han til.<\/p>\n<p class=\"_paragraph_o9xde_4 _paragraph_xtcu6_10 layout-component text-serif-m layout-normal text-serif-m layout-padded\">Tapet kommer bare \u00e5tte m\u00e5neder f\u00f8r VM og reiser nye sp\u00f8rsm\u00e5l om Brasils form.<\/p>\n<p class=\"_paragraph_o9xde_4 _paragraph_xtcu6_10 layout-component text-serif-m layout-normal text-serif-m layout-padded\">Nettavisen \u00abGlobo Esporte\u00bb mener at tapet b\u00f8r f\u00e5 alarmklokkene til \u00e5 ringe \u00e5tte m\u00e5neder f\u00f8r VM.<\/p>\n","protected":false},"excerpt":{"rendered":"Brasil er allerede klare for VM \u2013 kampen mot Japan ble derimot en kalddusj for sambalandet. Manchester United-stjerne&hellip;\n","protected":false},"author":2,"featured_media":61235,"comment_status":"","ping_status":"","sticky":false,"template":"","format":"standard","meta":{"footnotes":""},"categories":[59],"tags":[8969,8970,92,30,28,29,83,82,46],"class_list":{"0":"post-61234","1":"post","2":"type-post","3":"status-publish","4":"format-standard","5":"has-post-thumbnail","7":"category-sport","8":"tag-brasils-herrelandslag-fotball","9":"tag-carlo-ancelotti","10":"tag-fotball","11":"tag-no","12":"tag-norge","13":"tag-norway","14":"tag-sport","15":"tag-sports","16":"tag-vgai"},"share_on_mastodon":{"url":"","error":""},"_links":{"self":[{"href":"https:\/\/www.europesays.com\/no\/wp-json\/wp\/v2\/posts\/61234","targetHints":{"allow":["GET"]}}],"collection":[{"href":"https:\/\/www.europesays.com\/no\/wp-json\/wp\/v2\/posts"}],"about":[{"href":"https:\/\/www.europesays.com\/no\/wp-json\/wp\/v2\/types\/post"}],"author":[{"embeddable":true,"href":"https:\/\/www.europesays.com\/no\/wp-json\/wp\/v2\/users\/2"}],"replies":[{"embeddable":true,"href":"https:\/\/www.europesays.com\/no\/wp-json\/wp\/v2\/comments?post=61234"}],"version-history":[{"count":0,"href":"https:\/\/www.europesays.com\/no\/wp-json\/wp\/v2\/posts\/61234\/revisions"}],"wp:featuredmedia":[{"embeddable":true,"href":"https:\/\/www.europesays.com\/no\/wp-json\/wp\/v2\/media\/61235"}],"wp:attachment":[{"href":"https:\/\/www.europesays.com\/no\/wp-json\/wp\/v2\/media?parent=61234"}],"wp:term":[{"taxonomy":"category","embeddable":true,"href":"https:\/\/www.europesays.com\/no\/wp-json\/wp\/v2\/categories?post=61234"},{"taxonomy":"post_tag","embeddable":true,"href":"https:\/\/www.europesays.com\/no\/wp-json\/wp\/v2\/tags?post=61234"}],"curies":[{"name":"wp","href":"https:\/\/api.w.org\/{rel}","templated":true}]}}