{"id":61254,"date":"2025-10-15T14:54:15","date_gmt":"2025-10-15T14:54:15","guid":{"rendered":"https:\/\/www.europesays.com\/no\/61254\/"},"modified":"2025-10-15T14:54:15","modified_gmt":"2025-10-15T14:54:15","slug":"lederen-for-politiets-fellesforbund-har-ingen-forventninger-til-statsbudsjettet","status":"publish","type":"post","link":"https:\/\/www.europesays.com\/no\/61254\/","title":{"rendered":"Lederen for Politiets Fellesforbund har ingen forventninger til statsbudsjettet"},"content":{"rendered":"\n<p class=\"_lead_o9xde_2 _lead_xtcu6_50 layout-component text-serif-m layout-normal text-serif-l layout-component layout-wide layout-padded _wide_17hqh_1 layout-padded\">Politiet st\u00e5r i en perfekt storm, men blir ingen budsjettvinner, sp\u00e5r lederen i Politiets Fellesforbund. Hun er sterkt kritisk til om regjeringen forst\u00e5r alvoret ute i politidistriktene. <\/p>\n<p><img alt=\"Unn Alma Skatvold er leder i Politiets Fellesforbund. Hun har ingen forventninger til statsbudsjettet som legges frem onsdag morgen. Foto: Frode Hansen \/ VG\" class=\"_image_qp4xg_65 layout-component layout-wide\" data-fullscreen- data-track-element-type=\"Article image fullscreen\" data-track-name=\"ImageFullscreen\" fetchpriority=\"high\" decoding=\"sync\" loading=\"eager\" height=\"2925\" itemprop=\"image\"  src=\"https:\/\/www.europesays.com\/no\/wp-content\/uploads\/2025\/10\/147cf03b-7120-403d-b2ad-994c844fce6f\"  style=\"object-position:0% 0%\" width=\"4387\"\/>Unn Alma Skatvold er leder i Politiets Fellesforbund. Hun har ingen forventninger til statsbudsjettet som legges frem onsdag morgen. Foto: Frode Hansen \/ VG<\/p>\n<ul aria-hidden=\"true\" class=\"_images_1y6fe_106\">\n<li><a class=\"_link_1y6fe_111\" href=\"https:\/\/www.vg.no\/forfatter\/anne-sofie-roennfeldt\" style=\"z-index:1\" title=\"Anne Sofie R\u00f8nnfeldt\" rel=\"nofollow noopener\" target=\"_blank\"><img alt=\"Bilde av Anne Sofie R\u00f8nnfeldt\" class=\"_image_1y6fe_88\" fetchpriority=\"low\" loading=\"lazy\" decoding=\"async\" itemprop=\"image\"  src=\"https:\/\/www.europesays.com\/no\/wp-content\/uploads\/2025\/10\/1760540054_33_4634311d-064a-4086-be75-18a6e8a88835\"  width=\"480\"\/><\/a><\/li>\n<\/ul>\n<p> Oppdatert onsdag 15. oktober kl. 07:03    <\/p>\n<ul class=\"_list_o9xde_3 _list_64s2r_85 _unordered_o9xde_106 text-sans-m\">\n<li class=\"_item_o9xde_30\">Lederen i Politiets Fellesforbund, Unn Alma Skatvold, er sterkt kritisk til regjeringens forst\u00e5else av politiets utfordringer.<\/li>\n<li class=\"_item_o9xde_30\">Skatvold forventer ingen forbedringer i det nye budsjettet og mener politiet mangler folk og ressurser.<\/li>\n<li class=\"_item_o9xde_30\">Justis- og beredskapsminister Astrid Aas-Hansen sier politiet har v\u00e6rt en viktig prioritering for regjeringen og p\u00e5peker \u00f8kte budsjetter siden 2021.<\/li>\n<\/ul>\n<p>Vis mer <\/p>\n<p class=\"_paragraph_o9xde_4 _paragraph_xtcu6_10 layout-component text-serif-m layout-normal text-serif-m layout-padded\">\u2013 For regjeringen var \u00abtrygghet\u00bb det store ordet i \u00e5r. Er det noe jeg er trygg p\u00e5, s\u00e5 er det at det kommer til \u00e5 bli verre.<\/p>\n<p class=\"_paragraph_o9xde_4 _paragraph_xtcu6_10 layout-component text-serif-m layout-normal text-serif-m layout-padded\">Det sier lederen i <a href=\"https:\/\/www.vg.no\/tag\/politiet?utm_source=vg-article&amp;utm_medium=auto-tagger&amp;utm_campaign=wg7QPM\" class=\"_link_o9xde_39\" rel=\"nofollow noopener\" target=\"_blank\">Politiets<\/a> Fellesforbund, Unn Alma Skatvold, som representerer det store flertallet av ansatte i politiet.<\/p>\n<p class=\"_paragraph_o9xde_4 _paragraph_xtcu6_10 layout-component text-serif-m layout-normal text-serif-m layout-padded\">Onsdag morgen legges statsbudsjett frem, der regjeringen avsl\u00f8rer hvordan de planlegger neste \u00e5rs pengebruk. <\/p>\n<p><img alt=\"Politiet rykket ut til en granateksplosjon i Oslo sentrum i slutten av september.   Foto: Gabriel Aas Sk\u00e5levik \/ VG\" class=\"_image_qp4xg_65 layout-component layout-normal\" data-fullscreen- data-track-element-type=\"Article image fullscreen\" data-track-name=\"ImageFullscreen\" decoding=\"async\" loading=\"lazy\" height=\"2496\" itemprop=\"image\"  src=\"https:\/\/www.europesays.com\/no\/wp-content\/uploads\/2025\/10\/824a9862-2e6a-4f26-9741-a9f34c48fa03\"  style=\"object-position:0% 0%\" width=\"3744\"\/>Politiet rykket ut til en granateksplosjon i Oslo sentrum i slutten av september.   Foto: Gabriel Aas Sk\u00e5levik \/ VG<\/p>\n<p class=\"_paragraph_o9xde_4 _paragraph_xtcu6_10 layout-component text-serif-m layout-normal text-serif-m layout-padded\">Skatvold har \u00f8nskelisten klar, men holder forventningene lave. <\/p>\n<p class=\"_paragraph_o9xde_4 _paragraph_xtcu6_10 layout-component text-serif-m layout-normal text-serif-m layout-padded\">\u2013 For \u00e5 v\u00e6re helt \u00e6rlig, jeg forventer egentlig ingenting i neste \u00e5rs budsjett. Da hadde vi allerede sett det i en budsjettlekkasje. <\/p>\n<p class=\"_paragraph_o9xde_4 _paragraph_xtcu6_10 layout-component text-serif-m layout-normal text-serif-m layout-padded\">\u2013 Det betyr at regjeringen virkelig ikke har forst\u00e5tt alvoret. <\/p>\n<p class=\"_paragraph_o9xde_4 _paragraph_xtcu6_10 layout-component text-serif-m layout-normal text-serif-m layout-padded\">Dette avviser justis- og beredskapsminister Astrid Aas-Hansen (Ap).<\/p>\n<p class=\"_paragraph_o9xde_4 _paragraph_xtcu6_10 layout-component text-serif-m layout-normal text-serif-m layout-padded\">\u2013 Jeg kommenterer ikke neste \u00e5rs politibudsjett f\u00f8r det er lagt frem, men politiet har v\u00e6rt en viktig prioritet for regjeringen over tid.<\/p>\n<p class=\"_paragraph_o9xde_4 _paragraph_xtcu6_10 layout-component text-serif-m layout-normal text-serif-m layout-padded\">Les mer av svaret til Aas-Hansen lenger ned i saken. <\/p>\n<p> Presses fra flere kanter<\/p>\n<p class=\"_paragraph_o9xde_4 _paragraph_xtcu6_10 layout-component text-serif-m layout-normal text-serif-m layout-padded\">Mens finansminister Jens Stoltenberg (Ap) har gjort de siste justeringene p\u00e5 statsbudsjettet, har nyhetsbildet de siste ukene v\u00e6rt dominert av flere alvorlige hendelser p\u00e5 \u00d8stlandet.<\/p>\n<p class=\"_paragraph_o9xde_4 _paragraph_xtcu6_10 layout-component text-serif-m layout-normal text-serif-m layout-padded\">Flere av dem kobles til den kriminelle svenske gjengen Foxtrot, som rekrutterer barn og ungdom p\u00e5 sosiale medier. <\/p>\n<p class=\"_paragraph_o9xde_4 _paragraph_xtcu6_10 layout-component text-serif-m layout-normal text-serif-m layout-padded\">Med \u00f8kt gjeng- og ungdomskriminalitet, i tillegg til det skjerpede trusselbildet, presses politiet fra flere kanter, sier Skatvold. <\/p>\n<p><img alt=\"Foto: Gabriel Aas Sk\u00e5levik \/ VG\" class=\"_image_qp4xg_65 layout-component layout-normal\" data-fullscreen- data-track-element-type=\"Article image fullscreen\" data-track-name=\"ImageFullscreen\" decoding=\"async\" loading=\"lazy\" height=\"4000\" itemprop=\"image\"  src=\"https:\/\/www.europesays.com\/no\/wp-content\/uploads\/2025\/10\/576ed8e0-88c1-42a3-b41e-3dce62d8a8cf\"  style=\"object-position:0% 0%\" width=\"6000\"\/>Foto: Gabriel Aas Sk\u00e5levik \/ VG<\/p>\n<p class=\"_paragraph_o9xde_4 _paragraph_xtcu6_10 layout-component text-serif-m layout-normal text-serif-m layout-padded\">\u2013 N\u00e5 st\u00e5r politiet i en perfekt storm. Alt som skjer av hybrid krigf\u00f8ring, som er under terskelen for krig, det er politiets ansvar, men vi har vi hverken folk, ressurser eller kompetanse til \u00e5 h\u00e5ndtere dette. <\/p>\n<p class=\"_paragraph_o9xde_4 _paragraph_xtcu6_10 layout-component text-serif-m layout-normal text-serif-m layout-padded\">Skatvold viser ogs\u00e5 til at politiet har store utfordringer med frafall. <\/p>\n<p class=\"_paragraph_o9xde_4 _paragraph_xtcu6_10 layout-component text-serif-m layout-normal text-serif-m layout-padded\">\u2013 Vi har flere unge som slutter enn f\u00f8r. Det er d\u00e5rlig l\u00f8nn, d\u00e5rlig arbeidsvilk\u00e5r, og de orker ikke \u00e5 st\u00e5 i det. Grunnen til at de nyutdannede f\u00e5r jobb n\u00e5, er fordi det g\u00e5r ut folk i andre enden. <\/p>\n<p> \u2013 Et skikkelig slag i magen<\/p>\n<p class=\"_paragraph_o9xde_4 _paragraph_xtcu6_10 layout-component text-serif-m layout-normal text-serif-m layout-padded\">Skatvold etterlyser handling fra regjeringen. <\/p>\n<p class=\"_paragraph_o9xde_4 _paragraph_xtcu6_10 layout-component text-serif-m layout-normal text-serif-m layout-padded\">\u2013 Jeg er ganske lei n\u00e5. Det de gj\u00f8r er \u00e5 \u00abf\u00f8lge n\u00f8ye med\u00bb, og lage noen utredninger eller sette ned noen ekspertutvalg. Jeg etterlyser at de begynner \u00e5 gj\u00f8re noe n\u00e5, vi kan ikke g\u00e5 og bare vente.<\/p>\n<p class=\"_paragraph_o9xde_4 _paragraph_xtcu6_10 layout-component text-serif-m layout-normal text-serif-m layout-padded\">Som representant for over 70 prosent av de ansatte i politiet, er Skatvold bekymret for reaksjonene i politiet n\u00e5r budsjettet legges frem onsdag morgen.    <\/p>\n<p><img alt=\"Lederen for Politiets Fellesforbund skroter \u00f8nskelisten f\u00f8r fremleggelsen av statsbudsjettet.   Foto: Frode Hansen \/ VG\" class=\"_image_qp4xg_65 layout-component layout-normal\" data-fullscreen- data-track-element-type=\"Article image fullscreen\" data-track-name=\"ImageFullscreen\" decoding=\"async\" loading=\"lazy\" height=\"3648\" itemprop=\"image\"  src=\"https:\/\/www.europesays.com\/no\/wp-content\/uploads\/2025\/10\/12fa12fc-80f8-45fe-af96-a0c3895fc7c1\"  style=\"object-position:0% 0%\" width=\"5472\"\/>Lederen for Politiets Fellesforbund skroter \u00f8nskelisten f\u00f8r fremleggelsen av statsbudsjettet.   Foto: Frode Hansen \/ VG<\/p>\n<p class=\"_paragraph_o9xde_4 _paragraph_xtcu6_10 layout-component text-serif-m layout-normal text-serif-m layout-padded\">\u2013 Det kommer til \u00e5 kjennes som et skikkelig slag i magen. N\u00e5 er det s\u00e5 mye som skjer rundt organisert kriminalitet og ungdomskriminalitet, i tillegg til den sikkerhetspolitiske situasjonen. Hvis heller ikke det gj\u00f8r at det skjer noen endringer for norsk politiet, da tror jeg ansatte i politiet vil lure p\u00e5 hva som m\u00e5 til. <\/p>\n<p class=\"_paragraph_o9xde_4 _paragraph_xtcu6_10 layout-component text-serif-m layout-normal text-serif-m layout-padded\">Justis- og beredskapsministeren skriver i en e-post til VG at regjeringen har \u00f8kt politiets budsjett siden 2021.<\/p>\n<p class=\"_paragraph_o9xde_4 _paragraph_xtcu6_10 layout-component text-serif-m layout-normal text-serif-m layout-padded\">\u2013  Fra 2021 til i \u00e5r har politiets budsjett \u00f8kt nominelt med 5,4 milliarder kroner. Dette er midler som kan bidra til at flere saker blir oppklart, st\u00f8rre verdier inndratt fra kriminelle, mindre kriminalitet og \u00f8kt trygghet. Vi forventer resultater av denne betydelige satsingen.<\/p>\n<p><img alt=\"Justis- og beredskapsminister Astrid Aas-Hansen sier politiet har v\u00e6rt en viktig prioritering over tid.   Foto: Gabriel Aas Sk\u00e5levik \/ VG\" class=\"_image_qp4xg_65 layout-component layout-normal\" data-fullscreen- data-track-element-type=\"Article image fullscreen\" data-track-name=\"ImageFullscreen\" decoding=\"async\" loading=\"lazy\" height=\"4000\" itemprop=\"image\"  src=\"https:\/\/www.europesays.com\/no\/wp-content\/uploads\/2025\/10\/10bcffa9-c3e2-42de-915b-76a8320a21f2\"  style=\"object-position:0% 0%\" width=\"6000\"\/>Justis- og beredskapsminister Astrid Aas-Hansen sier politiet har v\u00e6rt en viktig prioritering over tid.   Foto: Gabriel Aas Sk\u00e5levik \/ VG<\/p>\n<p class=\"_paragraph_o9xde_4 _paragraph_xtcu6_10 layout-component text-serif-m layout-normal text-serif-m layout-padded\">Aas-Hansen skriver videre at regjeringen ogs\u00e5 prioriterer penger knyttet til saker der gjerningspersonen er under 18 \u00e5r gammel, gjennom utrullingen av hurtigspor til flere politidistrikt og styrking av \u00e9n-til-\u00e9n-oppf\u00f8lging av unge som er i faresonen for \u00e5 bli kriminelle. <\/p>\n<p class=\"_paragraph_o9xde_4 _paragraph_xtcu6_10 layout-component text-serif-m layout-normal text-serif-m layout-padded\">\u2013 Regjeringens innsats for \u00e5 trygge Norge handler ikke bare om penger. Vi har nettopp foresl\u00e5tt strengere straffer, blant annet for \u00e5 b\u00e6re v\u00e5pen i det offentlige rom, og flere tiltak som \u00f8ker politiets og barnevernets handlingsrom i m\u00f8te med barn som beg\u00e5r kriminalitet eller er i faresonen for det, avslutter hun. <\/p>\n","protected":false},"excerpt":{"rendered":"Politiet st\u00e5r i en perfekt storm, men blir ingen budsjettvinner, sp\u00e5r lederen i Politiets Fellesforbund. Hun er sterkt&hellip;\n","protected":false},"author":2,"featured_media":61255,"comment_status":"","ping_status":"","sticky":false,"template":"","format":"standard","meta":{"footnotes":""},"categories":[10],"tags":[20,21,24,25,15,22,23,13,30,28,29,14,16,468,8578,26,27],"class_list":{"0":"post-61254","1":"post","2":"type-post","3":"status-publish","4":"format-standard","5":"has-post-thumbnail","7":"category-norge","8":"tag-breaking-news","9":"tag-breakingnews","10":"tag-featured-news","11":"tag-featurednews","12":"tag-headlines","13":"tag-latest-news","14":"tag-latestnews","15":"tag-news","16":"tag-no","17":"tag-norge","18":"tag-norway","19":"tag-nyheter","20":"tag-overskrifter","21":"tag-politiet","22":"tag-statsbudsjettet","23":"tag-top-stories","24":"tag-topstories"},"share_on_mastodon":{"url":"","error":""},"_links":{"self":[{"href":"https:\/\/www.europesays.com\/no\/wp-json\/wp\/v2\/posts\/61254","targetHints":{"allow":["GET"]}}],"collection":[{"href":"https:\/\/www.europesays.com\/no\/wp-json\/wp\/v2\/posts"}],"about":[{"href":"https:\/\/www.europesays.com\/no\/wp-json\/wp\/v2\/types\/post"}],"author":[{"embeddable":true,"href":"https:\/\/www.europesays.com\/no\/wp-json\/wp\/v2\/users\/2"}],"replies":[{"embeddable":true,"href":"https:\/\/www.europesays.com\/no\/wp-json\/wp\/v2\/comments?post=61254"}],"version-history":[{"count":0,"href":"https:\/\/www.europesays.com\/no\/wp-json\/wp\/v2\/posts\/61254\/revisions"}],"wp:featuredmedia":[{"embeddable":true,"href":"https:\/\/www.europesays.com\/no\/wp-json\/wp\/v2\/media\/61255"}],"wp:attachment":[{"href":"https:\/\/www.europesays.com\/no\/wp-json\/wp\/v2\/media?parent=61254"}],"wp:term":[{"taxonomy":"category","embeddable":true,"href":"https:\/\/www.europesays.com\/no\/wp-json\/wp\/v2\/categories?post=61254"},{"taxonomy":"post_tag","embeddable":true,"href":"https:\/\/www.europesays.com\/no\/wp-json\/wp\/v2\/tags?post=61254"}],"curies":[{"name":"wp","href":"https:\/\/api.w.org\/{rel}","templated":true}]}}