{"id":61256,"date":"2025-10-15T14:55:10","date_gmt":"2025-10-15T14:55:10","guid":{"rendered":"https:\/\/www.europesays.com\/no\/61256\/"},"modified":"2025-10-15T14:55:10","modified_gmt":"2025-10-15T14:55:10","slug":"helgelandssykehuset-helse-og-omsorg-siktelse-mot-helgelandssykehuset-i-to-saker","status":"publish","type":"post","link":"https:\/\/www.europesays.com\/no\/61256\/","title":{"rendered":"Helgelandssykehuset, Helse og omsorg | Siktelse mot Helgelandssykehuset i to saker\u00a0"},"content":{"rendered":"\n<p>Politiet har tatt ut siktelse mot Helgelandssykehuset HF i to saker som omhandler et lite barn og en nyf\u00f8dt som d\u00f8de i 2023. Sakene er omtalt i offentligheten tidligere, i forbindelse med at Kripos skulle bist\u00e5 i etterforskningen.<\/p>\n<p>\u2013 Dette er to sv\u00e6rt triste saker. Vi har stor medf\u00f8lelse for alle som er ber\u00f8rt, sier Hege Sj\u00e5vik, medisinsk direkt\u00f8r, i en pressemelding.<\/p>\n<p>Siktelsene gjelder p\u00e5st\u00e5tt brudd p\u00e5 helsepersonelloven \u00a7 67, jf. \u00a7 16 f\u00f8rste ledd, for manglende forsvarlig helsehjelp til to forn\u00e6rmede.<\/p>\n<p><b>En siktelse inneb\u00e6rer ikke at det er konstatert straffansvar eller skyld \u2013 det er alts\u00e5 ikke tatt stilling til om sykehuset faktisk har beg\u00e5tt et straffbart forhold. Det er ikke tatt ut siktelse mot enkeltpersoner i virksomheten. <\/b><\/p>\n<p>Siktelsene ble tatt ut henholdsvis i august 2025 og i juni 2025, like f\u00f8r foreldelsesfristen utl\u00f8p. Helgelandssykehuset fikk en samlet orientering om dette i g\u00e5r ettermiddag. Ansatte som har v\u00e6rt n\u00e6rt p\u00e5 de to ulike sakene, ble orientert om siktelsene i g\u00e5r.<\/p>\n<p>Helgelandssykehuset har f\u00e5tt opplyst at den ene saken er klar for p\u00e5taleavgj\u00f8relse, og at avgj\u00f8relse kan forventes ganske snart. Den andre saken er ikke ferdig etterforsket.<\/p>\n<p>  <a href=\"https:\/\/www.helg.no\/5-24-1009277\" class=\"related-teaser has-image default-story-teaser article--c-eRUmMG article--c-eRUmMG-jKCPdD-design-default\" wp_automatic_readability=\"1.5\" rel=\"nofollow noopener\" target=\"_blank\"><\/p>\n<p>    For abonnenter<\/p>\n<p>    <img decoding=\"async\" loading=\"lazy\"  src=\"https:\/\/www.europesays.com\/no\/wp-content\/uploads\/2025\/10\/Ytring%3A+Vestre+m+f+Helgelandssykehuset+opp+av+grfta.bin\" alt=\"\" class=\"brick-c-cFOWSL\" style=\"\"\/><\/p>\n<p>\n            Les ogs\u00e5<\/p>\n<p>  Kripos har v\u00e6rt koblet inn i etterforskningen av to barned\u00f8dsfall ved Helgelandssykehuset<\/p>\n<p>  <\/a><\/p>\n<p>  <a href=\"https:\/\/www.helg.no\/5-24-986490\" class=\"related-teaser has-image default-story-teaser article--c-eRUmMG article--c-eRUmMG-jKCPdD-design-default\" wp_automatic_readability=\"1.5\" rel=\"nofollow noopener\" target=\"_blank\"><\/p>\n<p>    For abonnenter<\/p>\n<p>    <img decoding=\"async\" loading=\"lazy\"  src=\"https:\/\/www.europesays.com\/no\/wp-content\/uploads\/2025\/10\/26nyhpolitiina-3.jpg\" alt=\"\" class=\"brick-c-cFOWSL\" style=\"\"\/><\/p>\n<p>\n            Les ogs\u00e5<\/p>\n<p>  Politiet etterforsker to barned\u00f8dsfall ved Helgelandssykehuset: \u2013 Vi jobber systematisk med \u00e5 kartlegge hendelsesforl\u00f8pet<\/p>\n<p>  <\/a><\/p>\n<p>  <a href=\"https:\/\/www.helg.no\/5-24-957325\" class=\"related-teaser has-image default-story-teaser article--c-eRUmMG article--c-eRUmMG-jKCPdD-design-default\" wp_automatic_readability=\"1\" rel=\"nofollow noopener\" target=\"_blank\"><\/p>\n<p>    <img decoding=\"async\" loading=\"lazy\"  src=\"https:\/\/www.europesays.com\/no\/wp-content\/uploads\/2025\/10\/27nyhranasykehushB8st-16.jpg\" alt=\"\" class=\"brick-c-cFOWSL\" style=\"\"\/><\/p>\n<p>\n            Les ogs\u00e5<\/p>\n<p>  Politiet starter etterforskning etter to barned\u00f8dsfall ved sykehuset i Mo i Rana<\/p>\n<p>  <\/a><\/p>\n","protected":false},"excerpt":{"rendered":"Politiet har tatt ut siktelse mot Helgelandssykehuset HF i to saker som omhandler et lite barn og en&hellip;\n","protected":false},"author":2,"featured_media":4133,"comment_status":"","ping_status":"","sticky":false,"template":"","format":"standard","meta":{"footnotes":""},"categories":[5],"tags":[36,20,21,24,25,15,40,39,19,983,22,23,17,18,13,30,28,29,14,16,1510,26,27],"class_list":{"0":"post-61256","1":"post","2":"type-post","3":"status-publish","4":"format-standard","5":"has-post-thumbnail","7":"category-overskrifter","8":"tag-art","9":"tag-breaking-news","10":"tag-breakingnews","11":"tag-featured-news","12":"tag-featurednews","13":"tag-headlines","14":"tag-helgelandssykehuset","15":"tag-helse-og-omsorg","16":"tag-hovedoppslag","17":"tag-krim","18":"tag-latest-news","19":"tag-latestnews","20":"tag-main-news","21":"tag-mainnews","22":"tag-news","23":"tag-no","24":"tag-norge","25":"tag-norway","26":"tag-nyheter","27":"tag-overskrifter","28":"tag-story","29":"tag-top-stories","30":"tag-topstories"},"share_on_mastodon":{"url":"","error":""},"_links":{"self":[{"href":"https:\/\/www.europesays.com\/no\/wp-json\/wp\/v2\/posts\/61256","targetHints":{"allow":["GET"]}}],"collection":[{"href":"https:\/\/www.europesays.com\/no\/wp-json\/wp\/v2\/posts"}],"about":[{"href":"https:\/\/www.europesays.com\/no\/wp-json\/wp\/v2\/types\/post"}],"author":[{"embeddable":true,"href":"https:\/\/www.europesays.com\/no\/wp-json\/wp\/v2\/users\/2"}],"replies":[{"embeddable":true,"href":"https:\/\/www.europesays.com\/no\/wp-json\/wp\/v2\/comments?post=61256"}],"version-history":[{"count":0,"href":"https:\/\/www.europesays.com\/no\/wp-json\/wp\/v2\/posts\/61256\/revisions"}],"wp:featuredmedia":[{"embeddable":true,"href":"https:\/\/www.europesays.com\/no\/wp-json\/wp\/v2\/media\/4133"}],"wp:attachment":[{"href":"https:\/\/www.europesays.com\/no\/wp-json\/wp\/v2\/media?parent=61256"}],"wp:term":[{"taxonomy":"category","embeddable":true,"href":"https:\/\/www.europesays.com\/no\/wp-json\/wp\/v2\/categories?post=61256"},{"taxonomy":"post_tag","embeddable":true,"href":"https:\/\/www.europesays.com\/no\/wp-json\/wp\/v2\/tags?post=61256"}],"curies":[{"name":"wp","href":"https:\/\/api.w.org\/{rel}","templated":true}]}}