{"id":6126,"date":"2025-08-12T15:56:17","date_gmt":"2025-08-12T15:56:17","guid":{"rendered":"https:\/\/www.europesays.com\/no\/6126\/"},"modified":"2025-08-12T15:56:17","modified_gmt":"2025-08-12T15:56:17","slug":"vaer-meteorolog-na-blir-det-varmt-kan-bli-28-29-grader","status":"publish","type":"post","link":"https:\/\/www.europesays.com\/no\/6126\/","title":{"rendered":"V\u00e6r, Meteorolog | N\u00e5 blir det varmt: \u2013 Kan bli 28-29 grader"},"content":{"rendered":"\n<p>Etter en periode med mer tradisjonell, norsk sommervarme, tar temperaturene seg opp igjen denne uka.<\/p>\n<p>Det forteller statsmeteorolog Tone Christin Taule.<\/p>\n<p>\u2013 B\u00e5de tirsdag og onsdag blir ganske fine dager med b\u00e5de oppholdsv\u00e6r og perioder med sol, sier Taule.<\/p>\n<p>\u2013 28-29 grader<\/p>\n<p>If\u00f8lge yr.no er det ventet 27 grader i Ringerike onsdag.<\/p>\n<p>\u2013 Det er varmen fra s\u00f8r i Europa. Vi f\u00e5r et lite blaff nordover, f\u00f8r luftmasser fra nordvest kommer tilbake, sier meteorologen.<\/p>\n<p>Temperaturen skal stige inn mot helgen, if\u00f8lge Taule.<\/p>\n<p>\u2013 Temperaturen blir h\u00f8y torsdag og fredag. Da kan det bli 28-29 grader de varmeste stedene, sier hun.<\/p>\n<p>Kj\u00f8ligere l\u00f8rdag<\/p>\n<p>Torsdag kveld kan det bli nedb\u00f8r.<\/p>\n<p>\u2013 Det er faktisk mulighet for torden, men de bygene skal gi seg i l\u00f8pet av natt til fredag, sier Taule.<\/p>\n<p>L\u00f8rdag g\u00e5r Ringeriksmaraton av stabelen.<\/p>\n<p>\u2013 L\u00f8rdag blir det ikke fullt s\u00e5 varmt som torsdag og fredag. Temperaturen blir nok p\u00e5 20-22 grader, med nordvestlig vind, sier statsmeteorologen.<\/p>\n<p>Les mer om: artikkelemnene<\/p>\n","protected":false},"excerpt":{"rendered":"Etter en periode med mer tradisjonell, norsk sommervarme, tar temperaturene seg opp igjen denne uka. Det forteller statsmeteorolog&hellip;\n","protected":false},"author":2,"featured_media":6127,"comment_status":"","ping_status":"","sticky":false,"template":"","format":"standard","meta":{"footnotes":""},"categories":[10],"tags":[36,20,21,24,25,15,22,23,1396,13,30,28,29,14,16,1223,26,27,553],"class_list":{"0":"post-6126","1":"post","2":"type-post","3":"status-publish","4":"format-standard","5":"has-post-thumbnail","7":"category-norge","8":"tag-art","9":"tag-breaking-news","10":"tag-breakingnews","11":"tag-featured-news","12":"tag-featurednews","13":"tag-headlines","14":"tag-latest-news","15":"tag-latestnews","16":"tag-meteorolog","17":"tag-news","18":"tag-no","19":"tag-norge","20":"tag-norway","21":"tag-nyheter","22":"tag-overskrifter","23":"tag-sommer","24":"tag-top-stories","25":"tag-topstories","26":"tag-vaer"},"share_on_mastodon":{"url":"","error":""},"_links":{"self":[{"href":"https:\/\/www.europesays.com\/no\/wp-json\/wp\/v2\/posts\/6126","targetHints":{"allow":["GET"]}}],"collection":[{"href":"https:\/\/www.europesays.com\/no\/wp-json\/wp\/v2\/posts"}],"about":[{"href":"https:\/\/www.europesays.com\/no\/wp-json\/wp\/v2\/types\/post"}],"author":[{"embeddable":true,"href":"https:\/\/www.europesays.com\/no\/wp-json\/wp\/v2\/users\/2"}],"replies":[{"embeddable":true,"href":"https:\/\/www.europesays.com\/no\/wp-json\/wp\/v2\/comments?post=6126"}],"version-history":[{"count":0,"href":"https:\/\/www.europesays.com\/no\/wp-json\/wp\/v2\/posts\/6126\/revisions"}],"wp:featuredmedia":[{"embeddable":true,"href":"https:\/\/www.europesays.com\/no\/wp-json\/wp\/v2\/media\/6127"}],"wp:attachment":[{"href":"https:\/\/www.europesays.com\/no\/wp-json\/wp\/v2\/media?parent=6126"}],"wp:term":[{"taxonomy":"category","embeddable":true,"href":"https:\/\/www.europesays.com\/no\/wp-json\/wp\/v2\/categories?post=6126"},{"taxonomy":"post_tag","embeddable":true,"href":"https:\/\/www.europesays.com\/no\/wp-json\/wp\/v2\/tags?post=6126"}],"curies":[{"name":"wp","href":"https:\/\/api.w.org\/{rel}","templated":true}]}}