{"id":61305,"date":"2025-10-15T16:17:16","date_gmt":"2025-10-15T16:17:16","guid":{"rendered":"https:\/\/www.europesays.com\/no\/61305\/"},"modified":"2025-10-15T16:17:16","modified_gmt":"2025-10-15T16:17:16","slug":"tiril-eckhoff-og-santino-mirenna-om-ryktene","status":"publish","type":"post","link":"https:\/\/www.europesays.com\/no\/61305\/","title":{"rendered":"Tiril Eckhoff og Santino Mirenna om ryktene:"},"content":{"rendered":"<p class=\"kicker \" style=\"\">Tiril Eckhoff:\u00a0<\/p>\n<p>  &#8211; Det er koselig, sier danseduoen etter at ryktene begynte \u00e5 svirre.\u00a0<\/p>\n<p>\n    AVSL\u00d8RER: Tiril Eckhoff og Santino Mirenna forteller at de har blitt godt kjent de siste ukene. Foto: Andreas Fadum\/Se og H\u00f8r\n  <\/p>\n<p>I mai kunne den tidligere skiskytterstjernen <a href=\"https:\/\/www.seher.no\/kjendis\/hva-har-jeg-gjort-na\/83524073\" rel=\"nofollow noopener\" target=\"_blank\">Tiril Eckhoff (35)<\/a> avsl\u00f8re at hun og langrennsl\u00f8per \u00c5nund Lid Byggland (35) hadde gjort det slutt.\u00a0<\/p>\n<p>    <a itemprop=\"url\" href=\"https:\/\/www.seher.no\/kjendis\/hva-har-jeg-gjort-na\/83524073\" rel=\"nofollow noopener\" target=\"_blank\"><\/p>\n<p>      <img loading=\"lazy\" decoding=\"async\" src=\"https:\/\/www.europesays.com\/no\/wp-content\/uploads\/2025\/10\/83524132.webp\" width=\"980\" height=\"441\" title=\"\u00abHva har jeg gjort n\u00e5?\u00bb\" alt=\"\" class=\"lazyload\" style=\"--aspect-ratio-image: 2.22; \"\/><\/p>\n<p>        \u00abHva har jeg gjort n\u00e5?\u00bb<\/p>\n<p>    <\/a><\/p>\n<p>Duoen hadde v\u00e6rt kj\u00e6rester siden 2011, og i 2022 forlovet de seg.\u00a0<\/p>\n<p class=\"font-weight-bold m-font-weight-bold\" data-lab-font_weight=\"font-weight-bold\">&#8211; Vi har etter 13 fine \u00e5r sammen, valgt \u00e5 g\u00e5 hvert til v\u00e5rt, avsl\u00f8rte Eckhoff til TV 2.\u00a0<\/p>\n<p>N\u00e5 svinger Eckhoff seg p\u00e5 parketten i <a href=\"https:\/\/www.seher.no\/kjendis\/tok-grep-etter-kritikken\/83712052\" rel=\"nofollow noopener\" target=\"_blank\">\u00abSkal vi danse\u00bb <\/a>sammen med proffdanser Santino Mirenna (31). Og som vanlig n\u00e5r programmet ruller over skjermen, har spekulasjonene om romantikk mellom deltakerne begynt \u00e5 svirre.<\/p>\n<p>    <a itemprop=\"url\" href=\"https:\/\/www.seher.no\/kjendis\/tok-grep-etter-kritikken\/83712052\" rel=\"nofollow noopener\" target=\"_blank\"><\/p>\n<p>      <img loading=\"lazy\" decoding=\"async\" src=\"https:\/\/www.europesays.com\/no\/wp-content\/uploads\/2025\/10\/83711872.webp\" width=\"980\" height=\"441\" title=\"Tok grep etter kritikken\" alt=\"\" class=\"lazyload\" style=\"--aspect-ratio-image: 2.22; \"\/><\/p>\n<p>        Tok grep etter kritikken<\/p>\n<p>    <\/a><\/p>\n<p>N\u00e5r <a href=\"https:\/\/www.nettavisen.no\/kjendis\/skal-vi-danse-tiril-eckhoff-snakker-ut-om-romanseryktene-med-dansepartneren-det-er-koselig\/s\/5-95-2669498\" rel=\"nofollow noopener\" target=\"_blank\">Nettavisen<\/a> konfronterer Eckhoff med romanseryktene, svarer hun f\u00f8lgende:<\/p>\n<p class=\"no_italic m-no_italic font-weight-bold m-font-weight-bold\" data-lab-italic=\"\" data-lab-font_weight=\"font-weight-bold\">&#8211; \u00c5, det er koselig.\u00a0<\/p>\n<p>          <img loading=\"lazy\" decoding=\"async\" src=\"https:\/\/www.europesays.com\/no\/wp-content\/uploads\/2025\/10\/83726985.webp\" width=\"686\" height=\"947\" title=\"DANSEPARTNERE: Tiril Eckhoff og proffdanser Santino Mirenna er dansepartnere i \u00e5rets sesong av \u00abSkal vi danse\u00bb. Foto: Andreas Fadum\/Se og H\u00f8r\" alt=\"\" class=\"\" style=\"--aspect-ratio-image: 0.72; \"\/><\/p>\n<p>\n          DANSEPARTNERE: Tiril Eckhoff og proffdanser Santino Mirenna er dansepartnere i \u00e5rets sesong av \u00abSkal vi danse\u00bb. Foto: Andreas Fadum\/Se og H\u00f8r\n      <\/p>\n<p>Duoen forteller at de har rukket \u00e5 bli godt kjent, men avkrefter samtidig at det er mer enn vennskap mellom dem.<\/p>\n<p class=\"font-weight-bold m-font-weight-bold\" data-lab-font_weight=\"font-weight-bold\">&#8211; Jeg f\u00f8ler at han er blitt en lillebror for meg, forteller 35-\u00e5ringen til avisen.\u00a0<\/p>\n<p>        FEIL: Det gikk i ball for Merete Lingj\u00e6rde da Tale Torjussen skulle f\u00e5 \u00e5rets f\u00f8rste poeng under \u00abSkal vi danse\u00bb-premieren. Bilder fra TV 2. <\/p>\n<p>B\u00e5de Eckhoff og Mirenna \u00f8nsker for \u00f8vrig \u00e5 holde sivilstatusen sin privat.<\/p>\n<p>\u00abSkal vi danse\u00bb sendes p\u00e5 TV 2 l\u00f8rdager fra 4. oktober 2025.<\/p>\n","protected":false},"excerpt":{"rendered":"Tiril Eckhoff:\u00a0 &#8211; Det er koselig, sier danseduoen etter at ryktene begynte \u00e5 svirre.\u00a0 AVSL\u00d8RER: Tiril Eckhoff og&hellip;\n","protected":false},"author":2,"featured_media":61306,"comment_status":"","ping_status":"","sticky":false,"template":"","format":"standard","meta":{"footnotes":""},"categories":[59],"tags":[479,2543,30,28,29,8977,2280,83,82,2287],"class_list":{"0":"post-61305","1":"post","2":"type-post","3":"status-publish","4":"format-standard","5":"has-post-thumbnail","7":"category-sport","8":"tag-kjendis","9":"tag-kjendisdesken","10":"tag-no","11":"tag-norge","12":"tag-norway","13":"tag-santino-mirenna","14":"tag-skal-vi-danse","15":"tag-sport","16":"tag-sports","17":"tag-tiril-eckhoff"},"share_on_mastodon":{"url":"","error":""},"_links":{"self":[{"href":"https:\/\/www.europesays.com\/no\/wp-json\/wp\/v2\/posts\/61305","targetHints":{"allow":["GET"]}}],"collection":[{"href":"https:\/\/www.europesays.com\/no\/wp-json\/wp\/v2\/posts"}],"about":[{"href":"https:\/\/www.europesays.com\/no\/wp-json\/wp\/v2\/types\/post"}],"author":[{"embeddable":true,"href":"https:\/\/www.europesays.com\/no\/wp-json\/wp\/v2\/users\/2"}],"replies":[{"embeddable":true,"href":"https:\/\/www.europesays.com\/no\/wp-json\/wp\/v2\/comments?post=61305"}],"version-history":[{"count":0,"href":"https:\/\/www.europesays.com\/no\/wp-json\/wp\/v2\/posts\/61305\/revisions"}],"wp:featuredmedia":[{"embeddable":true,"href":"https:\/\/www.europesays.com\/no\/wp-json\/wp\/v2\/media\/61306"}],"wp:attachment":[{"href":"https:\/\/www.europesays.com\/no\/wp-json\/wp\/v2\/media?parent=61305"}],"wp:term":[{"taxonomy":"category","embeddable":true,"href":"https:\/\/www.europesays.com\/no\/wp-json\/wp\/v2\/categories?post=61305"},{"taxonomy":"post_tag","embeddable":true,"href":"https:\/\/www.europesays.com\/no\/wp-json\/wp\/v2\/tags?post=61305"}],"curies":[{"name":"wp","href":"https:\/\/api.w.org\/{rel}","templated":true}]}}