{"id":61345,"date":"2025-10-15T17:05:14","date_gmt":"2025-10-15T17:05:14","guid":{"rendered":"https:\/\/www.europesays.com\/no\/61345\/"},"modified":"2025-10-15T17:05:14","modified_gmt":"2025-10-15T17:05:14","slug":"farevarsel-for-sno-ikke-forberedt","status":"publish","type":"post","link":"https:\/\/www.europesays.com\/no\/61345\/","title":{"rendered":"Farevarsel for sn\u00f8: &#8211; Ikke forberedt"},"content":{"rendered":"<p>  Etter en mild h\u00f8st kan det se ut som vinteren n\u00e5 melder sin ankomst &#8211; i hvert fall i h\u00f8yden.<\/p>\n<p>\n    FAREVARSEL: Det er sendt ut gult farevarsel for sn\u00f8 i fjellomr\u00e5dene i Midt-Norge og Nordfjord. Her fra Trondheim by, som ble rammet av kraftig sn\u00f8v\u00e6r i januar. Sn\u00f8glade innbyggere i bartebyen m\u00e5 imidlertid sm\u00f8re seg med t\u00e5lmodighet &#8211; for sn\u00f8en kommer ikke i lavlandet helt enn\u00e5. Foto: Jan Langhaug \/ NTB\n  <\/p>\n<p>Allerede torsdag morgen kan sn\u00f8en legge seg i fjellomr\u00e5dene i Midt-Norge og Nordfjord, og Meteorologisk institutt har sendt ut gult farevarsel.<\/p>\n<p>&#8211; Det er ventet 10\u201325 centimeter sn\u00f8 over cirka 500 meter fra torsdag morgen til fredag morgen, sier vakthavende meteorolog ved Meteorologisk institutt, Rebecca Roggentin, til Dagbladet.<\/p>\n<p class=\"font-weight-bold m-font-weight-bold\" data-lab-font_weight=\"font-weight-bold\">\u00c5rsaken til farevarselet er ikke bare mengden sn\u00f8, men at vinteren kan komme overraskende p\u00e5 mange, if\u00f8lge meteorologene.<\/p>\n<p>&#8211; Vi har hatt en veldig mild h\u00f8st og folk er kanskje ikke helt forberedt p\u00e5 at det kan komme sn\u00f8 n\u00e5. Det har v\u00e6rt noe sn\u00f8fall i fjellet tidligere, men det har smeltet fort. Denne gangen blir det skikkelig sn\u00f8fall over 500 meter, og derfor har vi sendt ut farevarsel, sier hun &#8211; og minner alle bilister om \u00e5 skifte til vinterdekk dersom de skal kj\u00f8re over fjellet de neste dagene.<\/p>\n<blockquote class=\"twitter-tweet\">\n<p lang=\"no\" dir=\"ltr\">Sn\u00f8 i vente\u2744\ufe0f vi har sendt gult farevarsel\u26a0\ufe0f <\/p>\n<p>Fr\u00e5 torsdag morgon til fredag morgon er det venta sn\u00f8 p\u00e5 fjellovergangar over ca 500 meter i Nordfjord og Midt-Noreg. I l\u00f8pet av 24 timer er det venta 10-25 cm sn\u00f8. Bruk riktige dekk og sjekk ver og f\u00f8reforhold f\u00f8r du legg ut p\u00e5 tur! <a href=\"https:\/\/t.co\/uavtH5raET\" rel=\"nofollow\">pic.twitter.com\/uavtH5raET<\/a><\/p>\n<p>\u2014 Meteorologene (@Meteorologene) <a href=\"https:\/\/twitter.com\/Meteorologene\/status\/1978380844101152862?ref_src=twsrc%5Etfw\" rel=\"nofollow noopener\" target=\"_blank\">October 15, 2025<\/a><\/p><\/blockquote>\n<p>Liten storm p\u00e5 kysten\t<\/p>\n<p>Det er ogs\u00e5 kraftig vind flere steder i nord. Et lavtrykk i Norskehavet gir vestlig vind over store deler av Vestlandet, Nordvestlandet og Nord-Norge.\u00a0<\/p>\n<p>Onsdag kveld kan det bl\u00e5se opp til liten storm p\u00e5 kysten av Troms og Nordland.<\/p>\n<p>&#8211; Det ventes vindkast opp mot 30 meter per sekund, s\u00e6rlig i ytre str\u00f8k av Nordland og s\u00f8r i Troms, sier Roggentin.<\/p>\n<p>Torsdag dreier vinden over i en nordvestlig retning, og det blir lavere temperaturer og bygev\u00e6r langs kysten &#8211; noe som alts\u00e5 gir sn\u00f8 i h\u00f8yden.<\/p>\n<p>          <img loading=\"lazy\" decoding=\"async\" src=\"https:\/\/www.europesays.com\/no\/wp-content\/uploads\/2025\/10\/83728728.webp\" width=\"686\" height=\"460\" title=\"VARM H\u00d8ST: Det har v\u00e6rt en uvanlig varm h\u00f8st p\u00e5 S\u00f8r- og \u00d8stlandet. Onsdag var det over 15 grader i hovedstaden klokka 16. Foto: Javad Parsa \/ NTB\" alt=\"\" class=\"\" style=\"--aspect-ratio-image: 1.49; \"\/><\/p>\n<p>\n          VARM H\u00d8ST: Det har v\u00e6rt en uvanlig varm h\u00f8st p\u00e5 S\u00f8r- og \u00d8stlandet. Onsdag var det over 15 grader i hovedstaden klokka 16. Foto: Javad Parsa \/ NTB\n      <\/p>\n<p>Kj\u00f8rligere ogs\u00e5 p\u00e5 \u00d8stlandet\t<\/p>\n<p>P\u00e5 S\u00f8r- og \u00d8stlandet har temperaturene v\u00e6rt h\u00f8yere enn normalt for \u00e5rstida, men ogs\u00e5 her blir det kj\u00f8ligere de neste dagene.<\/p>\n<p>&#8211; Det har lenge v\u00e6rt temperaturer p\u00e5 12-15 grader p\u00e5 S\u00f8r- og \u00d8stlandet. I dag &#8211; 15. oktober &#8211; ble det m\u00e5lt 15,3 grader i Oslo klokka 16. Det er ganske mildt, sier Roggentin.<\/p>\n<p>Torsdag synker temperaturen til under 10 grader flere steder. Fredag blir det enda kaldere.<\/p>\n<p>&#8211; Det kan det bli minusgrader om natta &#8211; s\u00e6rlig i omr\u00e5dene med klarv\u00e6r, sier Roggentin.<\/p>\n<p>Til tross for temperaturene faller, ser v\u00e6ret ut til \u00e5 holde seg fint i S\u00f8r-Norge.<\/p>\n<p>&#8211; Det blir mye sol fremover, kanskje litt mer skyer torsdag og s\u00f8ndag. I h\u00f8yden i Innlandet kan det komme noen sn\u00f8byger, men ellers blir det fint, sier meteorologen.<\/p>\n<p><script async src=\"https:\/\/platform.twitter.com\/widgets.js\" charset=\"utf-8\"><\/script><\/p>\n","protected":false},"excerpt":{"rendered":"Etter en mild h\u00f8st kan det se ut som vinteren n\u00e5 melder sin ankomst &#8211; i hvert fall&hellip;\n","protected":false},"author":2,"featured_media":61346,"comment_status":"","ping_status":"","sticky":false,"template":"","format":"standard","meta":{"footnotes":""},"categories":[5],"tags":[20,21,24,25,15,19,2539,22,23,17,18,13,30,28,29,14,16,26,27],"class_list":{"0":"post-61345","1":"post","2":"type-post","3":"status-publish","4":"format-standard","5":"has-post-thumbnail","7":"category-overskrifter","8":"tag-breaking-news","9":"tag-breakingnews","10":"tag-featured-news","11":"tag-featurednews","12":"tag-headlines","13":"tag-hovedoppslag","14":"tag-innenriks","15":"tag-latest-news","16":"tag-latestnews","17":"tag-main-news","18":"tag-mainnews","19":"tag-news","20":"tag-no","21":"tag-norge","22":"tag-norway","23":"tag-nyheter","24":"tag-overskrifter","25":"tag-top-stories","26":"tag-topstories"},"share_on_mastodon":{"url":"","error":""},"_links":{"self":[{"href":"https:\/\/www.europesays.com\/no\/wp-json\/wp\/v2\/posts\/61345","targetHints":{"allow":["GET"]}}],"collection":[{"href":"https:\/\/www.europesays.com\/no\/wp-json\/wp\/v2\/posts"}],"about":[{"href":"https:\/\/www.europesays.com\/no\/wp-json\/wp\/v2\/types\/post"}],"author":[{"embeddable":true,"href":"https:\/\/www.europesays.com\/no\/wp-json\/wp\/v2\/users\/2"}],"replies":[{"embeddable":true,"href":"https:\/\/www.europesays.com\/no\/wp-json\/wp\/v2\/comments?post=61345"}],"version-history":[{"count":0,"href":"https:\/\/www.europesays.com\/no\/wp-json\/wp\/v2\/posts\/61345\/revisions"}],"wp:featuredmedia":[{"embeddable":true,"href":"https:\/\/www.europesays.com\/no\/wp-json\/wp\/v2\/media\/61346"}],"wp:attachment":[{"href":"https:\/\/www.europesays.com\/no\/wp-json\/wp\/v2\/media?parent=61345"}],"wp:term":[{"taxonomy":"category","embeddable":true,"href":"https:\/\/www.europesays.com\/no\/wp-json\/wp\/v2\/categories?post=61345"},{"taxonomy":"post_tag","embeddable":true,"href":"https:\/\/www.europesays.com\/no\/wp-json\/wp\/v2\/tags?post=61345"}],"curies":[{"name":"wp","href":"https:\/\/api.w.org\/{rel}","templated":true}]}}