{"id":61466,"date":"2025-10-15T19:53:11","date_gmt":"2025-10-15T19:53:11","guid":{"rendered":"https:\/\/www.europesays.com\/no\/61466\/"},"modified":"2025-10-15T19:53:11","modified_gmt":"2025-10-15T19:53:11","slug":"usas-forsvarsminister-pete-hegseth-takker-gud-etter-nodlanding","status":"publish","type":"post","link":"https:\/\/www.europesays.com\/no\/61466\/","title":{"rendered":"USAs forsvarsminister Pete Hegseth takker gud etter n\u00f8dlanding"},"content":{"rendered":"\n<p class=\"_lead_o9xde_2 _lead_xtcu6_50 layout-component text-serif-m layout-normal text-serif-l layout-component layout-wide layout-padded _wide_17hqh_1 layout-padded\">Han var p\u00e5 vei hjem over Atlanteren etter Nato-toppm\u00f8te i Brussel, da en sprekk i et vindu gjorde at flyet m\u00e5tte snu.<\/p>\n<p><img alt=\"USAs forsvarsminister Pete Hegseth m\u00e5tte n\u00f8dlande etter Nato-toppm\u00f8te i Brussel. Foto: Omar Havana \/ AP \/ NTB\" class=\"_image_qp4xg_65 layout-component layout-wide\" data-fullscreen- data-track-element-type=\"Article image fullscreen\" data-track-name=\"ImageFullscreen\" fetchpriority=\"high\" decoding=\"sync\" loading=\"eager\" height=\"3566\" itemprop=\"image\"  src=\"https:\/\/www.europesays.com\/no\/wp-content\/uploads\/2025\/10\/62435bd1-cc1f-4daa-9b9b-39c9f3e1f4d8\"  style=\"object-position:0% 0%\" width=\"5348\"\/>USAs forsvarsminister Pete Hegseth m\u00e5tte n\u00f8dlande etter Nato-toppm\u00f8te i Brussel. Foto: Omar Havana \/ AP \/ NTB<\/p>\n<ul aria-hidden=\"true\" class=\"_images_1y6fe_106\">\n<li><a class=\"_link_1y6fe_111\" href=\"https:\/\/www.vg.no\/forfatter\/ola-haram\" style=\"z-index:1\" title=\"Ola Haram\" rel=\"nofollow noopener\" target=\"_blank\"><img alt=\"Bilde av Ola Haram\" class=\"_image_1y6fe_88\" fetchpriority=\"low\" loading=\"lazy\" decoding=\"async\" itemprop=\"image\"  src=\"https:\/\/www.europesays.com\/no\/wp-content\/uploads\/2025\/10\/1760557989_288_eb1cd510-8bbd-41ad-8377-f4ff91e91460\"  width=\"480\"\/><\/a><\/li>\n<\/ul>\n<p> Oppdatert onsdag 15. oktober kl. 21:05     <\/p>\n<p class=\"_paragraph_o9xde_4 _paragraph_xtcu6_10 layout-component text-serif-m layout-normal text-serif-m layout-padded\">\u2013 Alt bra. Takk gud. Oppdraget fortsetter, skriver ministeren p\u00e5 sin X-profil.<\/p>\n<p class=\"_paragraph_o9xde_4 _paragraph_xtcu6_10 layout-component text-serif-m layout-normal text-serif-m layout-padded\">Talsperson Sean Parnell opplyser at flyet landet etter standard prosedyre, og at alle som var om bord er trygge.<\/p>\n<p class=\"_paragraph_o9xde_4 _paragraph_xtcu6_10 layout-component text-serif-m layout-normal text-serif-m layout-padded\">\u2013 P\u00e5 vei tilbake til USA fra NATOs forsvarsministerm\u00f8te, landet krigsminister Hegseths fly uplanlagt i Storbritannia p\u00e5 grunn av en sprekk i flyets frontrute. Flyet landet i henhold til standardprosedyrer, og alle om bord, inkludert forsvarsminister Hegseth, er trygge, skriver Parnell p\u00e5 X.<\/p>\n<p class=\"_root_1xq52_1\" lang=\"en\" dir=\"auto\">All good. Thank God. Continue mission!<\/p>\n<p class=\"_root_175ot_1\" lang=\"en\" dir=\"auto\">On the way back to the United States from NATO\u2019s Defense Ministers meeting, Secretary of War Hegseth\u2019s plane made an unscheduled landing in the United Kingdom due to a crack in the aircraft windshield. The plane landed based on standard procedures and everyone onboard, including<\/p>\n<p class=\"_paragraph_o9xde_4 _paragraph_xtcu6_10 layout-component text-serif-m layout-normal text-serif-m layout-padded\">Hegseth var p\u00e5 vei tilbake til USA etter et kort opphold i Belgia. Natos forsvarsministre m\u00f8ttes onsdag i Brussel.<\/p>\n<p class=\"_paragraph_o9xde_4 _paragraph_xtcu6_10 layout-component text-serif-m layout-normal text-serif-m layout-padded\">Det er forel\u00f8pig ukjent hvor skaden p\u00e5 flyet kom fra.<\/p>\n<p class=\"_paragraph_o9xde_4 _paragraph_xtcu6_10 layout-component text-serif-m layout-normal text-serif-m layout-padded\">Dette er ikke f\u00f8rste gang en h\u00f8ytst\u00e5ende amerikansk politiker har opplevd flytr\u00f8bbel i \u00e5r. Tidligere m\u00e5tte utenriksminister Marco Rubio avbryte en reise til M\u00fcnchen p\u00e5 grunn av mekaniske problemer med flyet.<\/p>\n<p class=\"_paragraph_o9xde_4 _paragraph_xtcu6_10 layout-component text-serif-m layout-normal text-serif-m layout-padded\">Hegseth b\u00e6rer tittelen \u00abkrigsminister\u00bb etter at Donald Trump tidligere i \u00e5r ga forsvarsdepartementet det alternative navnet \u00abkrigsdepartementet\u00bb i en presidentordre. Trump-administrasjonen understreker at de foretrekker disse navnene i egen omtale.<\/p>\n<p class=\"_paragraph_o9xde_4 _paragraph_xtcu6_10 layout-component text-serif-m layout-normal text-serif-m layout-padded\"><strong class=\"_strong_o9xde_25\">Hegseth holdt tidligere i september en tale for landets \u00f8verste offiserer som vekket oppsikt: <\/strong><\/p>\n<p>       <img decoding=\"async\" alt=\"Tips oss illustrasjon\" width=\"62px\" height=\"auto\" src=\"https:\/\/www.europesays.com\/no\/wp-content\/uploads\/2025\/08\/1754784428_95_W9avJzE.png\"\/>    <\/p>\n<p class=\"title-serif-s\">Har du tips til oss?<\/p>\n<p class=\"text-sans-m\">Send oss informasjon, bilder eller video<\/p>\n<p>  <a href=\"https:\/\/www.vg.no\/tips-oss\" rel=\"nofollow noopener\" target=\"_blank\"> Tips oss <\/a>      <\/p>\n","protected":false},"excerpt":{"rendered":"Han var p\u00e5 vei hjem over Atlanteren etter Nato-toppm\u00f8te i Brussel, da en sprekk i et vindu gjorde&hellip;\n","protected":false},"author":2,"featured_media":61467,"comment_status":"","ping_status":"","sticky":false,"template":"","format":"standard","meta":{"footnotes":""},"categories":[5],"tags":[31,20,21,24,25,15,19,22,23,17,18,233,13,30,28,29,14,16,6506,26,27],"class_list":{"0":"post-61466","1":"post","2":"type-post","3":"status-publish","4":"format-standard","5":"has-post-thumbnail","7":"category-overskrifter","8":"tag-breaking","9":"tag-breaking-news","10":"tag-breakingnews","11":"tag-featured-news","12":"tag-featurednews","13":"tag-headlines","14":"tag-hovedoppslag","15":"tag-latest-news","16":"tag-latestnews","17":"tag-main-news","18":"tag-mainnews","19":"tag-nato","20":"tag-news","21":"tag-no","22":"tag-norge","23":"tag-norway","24":"tag-nyheter","25":"tag-overskrifter","26":"tag-pete-hegseth","27":"tag-top-stories","28":"tag-topstories"},"share_on_mastodon":{"url":"","error":""},"_links":{"self":[{"href":"https:\/\/www.europesays.com\/no\/wp-json\/wp\/v2\/posts\/61466","targetHints":{"allow":["GET"]}}],"collection":[{"href":"https:\/\/www.europesays.com\/no\/wp-json\/wp\/v2\/posts"}],"about":[{"href":"https:\/\/www.europesays.com\/no\/wp-json\/wp\/v2\/types\/post"}],"author":[{"embeddable":true,"href":"https:\/\/www.europesays.com\/no\/wp-json\/wp\/v2\/users\/2"}],"replies":[{"embeddable":true,"href":"https:\/\/www.europesays.com\/no\/wp-json\/wp\/v2\/comments?post=61466"}],"version-history":[{"count":0,"href":"https:\/\/www.europesays.com\/no\/wp-json\/wp\/v2\/posts\/61466\/revisions"}],"wp:featuredmedia":[{"embeddable":true,"href":"https:\/\/www.europesays.com\/no\/wp-json\/wp\/v2\/media\/61467"}],"wp:attachment":[{"href":"https:\/\/www.europesays.com\/no\/wp-json\/wp\/v2\/media?parent=61466"}],"wp:term":[{"taxonomy":"category","embeddable":true,"href":"https:\/\/www.europesays.com\/no\/wp-json\/wp\/v2\/categories?post=61466"},{"taxonomy":"post_tag","embeddable":true,"href":"https:\/\/www.europesays.com\/no\/wp-json\/wp\/v2\/tags?post=61466"}],"curies":[{"name":"wp","href":"https:\/\/api.w.org\/{rel}","templated":true}]}}