{"id":61502,"date":"2025-10-15T20:40:12","date_gmt":"2025-10-15T20:40:12","guid":{"rendered":"https:\/\/www.europesays.com\/no\/61502\/"},"modified":"2025-10-15T20:40:12","modified_gmt":"2025-10-15T20:40:12","slug":"gunstigere-skattevilkar-for-rentefond-dnb-nyheter","status":"publish","type":"post","link":"https:\/\/www.europesays.com\/no\/61502\/","title":{"rendered":"Gunstigere skattevilk\u00e5r for rentefond &#8211; DNB Nyheter"},"content":{"rendered":"<p>Hittil har <a href=\"https:\/\/www.dnb.no\/sparing\/fond\/rentefond\" target=\"_blank\" rel=\"nofollow noopener\">norske rentefond,<\/a> men ikke n\u00f8dvendigvis rentefond satt opp utenfor Norge, m\u00e5tte dele ut s\u00e5kalte avkastningsandeler fordi du har m\u00e5ttet skatte av avkastningen i rentefondene \u00e5rlig. Alternativt har rentefondene m\u00e5tte betale skatten.<\/p>\n<p>\u2013 En sentral side ved dette er \u00e5 utforme skatteregler som b\u00e5de ivaretar fondenes behov, og samtidig er godt forankret i grunnprinsippene i skattesystemet, sier finansminister Jens Stoltenberg.\u00a0<\/p>\n<p>Skatten skal selvsagt betales n\u00e5r du selger fondet, men i mellomtiden kan du f\u00e5 avkastning p\u00e5 den utsatte skatten helt fram til du trenger pengene.<\/p>\n<p>\u2013 Dette er viktig av flere \u00e5rsaker, blant annet for at norske rentefond skal v\u00e6re konkurransedyktige mot rentefond satt opp i utlandet. Det viktigste for deg er riktignok at det blir en vesentlig bedre opplevelse av \u00e5 spare i rentefond framover, sier konserndirekt\u00f8r H\u00e5kon Hansen.<\/p>\n<p>\u2013 Kundene slipper \u00e5 betale skatt hvert \u00e5r og f\u00e5r mer igjen for pengene sine over tid n\u00e5r skatten f\u00f8rst betales ved realisering av fondsandelene, sier han videre.<\/p>\n<p>Fra f\u00f8r har rentefond en rente som er direkte lenket opp mot avkastningsmulighetene i rentemarkedene. Du finner rentefond i flere ulike risikoklasser, fra likviditetsfond som har noe h\u00f8yere risiko enn sparekonto, til h\u00f8yrentefond som begynner \u00e5 n\u00e6rme seg aksjefond i svingningene.<\/p>\n<p>De viktigste forslagene er:\u00a0<\/p>\n<ul>\n<li>Aksjeinntekt, renteinntekt og inntekt fra finansielle instrumenter fritas for ordin\u00e6r beskatning i fondet.\u00a0<\/li>\n<li>Fondet skal ha en egen sjablongbeskatning av mottatt utbytte, etter m\u00f8nster av treprosentregelen i fritaksmetoden. Satsen skal imidlertid ikke v\u00e6re 3 prosent, men 1 prosent.\u00a0<\/li>\n<li>\u00d8vrig beskatning skal skje hos andelseierne i fondet. Det foresl\u00e5s ikke endringer i m\u00e5ten andelseierne skattlegges p\u00e5.\u00a0<\/li>\n<li>Anvendelsesomr\u00e5det for bestemmelsene presiseres. S\u00e6rreglene for skattlegging av selve fondet skal gjelde for UCITS-fond, norske nasjonale fond og fond etablert i andre E\u00d8S-land som tilsvarer norske nasjonale fond.\u00a0<\/li>\n<li>For fondskonto foresl\u00e5s en endring i reglene for beregning av aksjeandel og virkeomr\u00e5det for fritaksmetoden, for \u00e5 stenge for uheldige tilpasninger n\u00e5r selskap investerer i fondskonto.\u00a0<\/li>\n<li>Til sammen gir endringene \u00e5rlig skattelettelse p\u00e5 anslagsvis 570 millioner kroner.\u00a0<\/li>\n<\/ul>\n<p><b>Endringene foresl\u00e5s \u00e5 f\u00e5 virkning fra og med inntekts\u00e5ret 2026.\u202f \u202f\u00a0<\/b><\/p>\n","protected":false},"excerpt":{"rendered":"Hittil har norske rentefond, men ikke n\u00f8dvendigvis rentefond satt opp utenfor Norge, m\u00e5tte dele ut s\u00e5kalte avkastningsandeler fordi&hellip;\n","protected":false},"author":2,"featured_media":61503,"comment_status":"","ping_status":"","sticky":false,"template":"","format":"standard","meta":{"footnotes":""},"categories":[5],"tags":[8995,20,21,24,25,350,15,19,22,23,17,18,13,30,28,29,14,16,1795,137,1289,8578,26,27],"class_list":{"0":"post-61502","1":"post","2":"type-post","3":"status-publish","4":"format-standard","5":"has-post-thumbnail","7":"category-overskrifter","8":"tag-avkastning","9":"tag-breaking-news","10":"tag-breakingnews","11":"tag-featured-news","12":"tag-featurednews","13":"tag-fond","14":"tag-headlines","15":"tag-hovedoppslag","16":"tag-latest-news","17":"tag-latestnews","18":"tag-main-news","19":"tag-mainnews","20":"tag-news","21":"tag-no","22":"tag-norge","23":"tag-norway","24":"tag-nyheter","25":"tag-overskrifter","26":"tag-rente","27":"tag-rentefond","28":"tag-skatt","29":"tag-statsbudsjettet","30":"tag-top-stories","31":"tag-topstories"},"share_on_mastodon":{"url":"","error":""},"_links":{"self":[{"href":"https:\/\/www.europesays.com\/no\/wp-json\/wp\/v2\/posts\/61502","targetHints":{"allow":["GET"]}}],"collection":[{"href":"https:\/\/www.europesays.com\/no\/wp-json\/wp\/v2\/posts"}],"about":[{"href":"https:\/\/www.europesays.com\/no\/wp-json\/wp\/v2\/types\/post"}],"author":[{"embeddable":true,"href":"https:\/\/www.europesays.com\/no\/wp-json\/wp\/v2\/users\/2"}],"replies":[{"embeddable":true,"href":"https:\/\/www.europesays.com\/no\/wp-json\/wp\/v2\/comments?post=61502"}],"version-history":[{"count":0,"href":"https:\/\/www.europesays.com\/no\/wp-json\/wp\/v2\/posts\/61502\/revisions"}],"wp:featuredmedia":[{"embeddable":true,"href":"https:\/\/www.europesays.com\/no\/wp-json\/wp\/v2\/media\/61503"}],"wp:attachment":[{"href":"https:\/\/www.europesays.com\/no\/wp-json\/wp\/v2\/media?parent=61502"}],"wp:term":[{"taxonomy":"category","embeddable":true,"href":"https:\/\/www.europesays.com\/no\/wp-json\/wp\/v2\/categories?post=61502"},{"taxonomy":"post_tag","embeddable":true,"href":"https:\/\/www.europesays.com\/no\/wp-json\/wp\/v2\/tags?post=61502"}],"curies":[{"name":"wp","href":"https:\/\/api.w.org\/{rel}","templated":true}]}}