{"id":61513,"date":"2025-10-15T21:20:16","date_gmt":"2025-10-15T21:20:16","guid":{"rendered":"https:\/\/www.europesays.com\/no\/61513\/"},"modified":"2025-10-15T21:20:16","modified_gmt":"2025-10-15T21:20:16","slug":"dette-er-en-latterliggjoring-av-oss","status":"publish","type":"post","link":"https:\/\/www.europesays.com\/no\/61513\/","title":{"rendered":"\u2013 Dette er en latterliggj\u00f8ring av oss"},"content":{"rendered":"<p>    \u2013 Jeg er steinforbannet. Dette er et slag under beltested, sier oljepioner Bjarne Kapstad. Han er sjokkert over det han mener er et sm\u00e5lig tilbud fra staten for et \u00f8delagt liv for Norges oljerikdom.<\/p>\n<p>\n        Oljepionerene Bjarne Kapstad (til venstre) og Tord Lillehavn i samtale med R\u00f8dts M\u00edmir Kristj\u00e1nsson, da de m\u00f8tte dav\u00e6rende arbeids- og inkluderingsminister Tonje Brenna (Ap). Her fra desember 2024.<br \/>\n        Tom Vestreng\n    <\/p>\n<p>Oljepioner Bjarne Kapstad ble sjokkert da han fikk nyheten om hvor mye staten verdsatte deres \u00f8delagte liv for \u00e5 v\u00e6re med p\u00e5 \u00e5 skape Norges rikdom.<\/p>\n<p>Sjokkert og forbannet<\/p>\n<p>\u2013 Dette er helt meningsl\u00f8st. Jeg er sjokkert, og forbannet, sier han til Dagsavisen om statens tilbud p\u00e5 8 G, eller i overkant av en million kroner.\u00a0<\/p>\n<p>\u2013 Dette er en latterliggj\u00f8ring av oss. Man kan lure p\u00e5 om dette er virkelig, sier han oppr\u00f8rt.<\/p>\n<p>Han setter n\u00e5 sin lit til at de andre partiene p\u00e5 Stortinget ikke vil godta dette.<\/p>\n<p>\u2013 Tidligere har det v\u00e6rt flertall for at vi skal f\u00e5 en skikkelig kompensasjonsordning. Jeg h\u00e5per det vil bli endring n\u00e5r det skal forhandles om budsjettet, sier han.<\/p>\n<p>\u2013 Jeg er steinforbannet. Dette er et slag under beltestedet, sier han.<\/p>\n<p>Arbeids- og inkluderingsminister Kjersti Stenseng (Ap) samlet 1. oktober <a href=\"https:\/\/www.dagsavisen.no\/nyheter\/syke-oljepionerer-dette-skal-til-for-a-fa-erstatning\/9985266\" rel=\"nofollow noopener\" target=\"_blank\">oljepionerenes fagorganisasjoner <\/a>til et avsluttende m\u00f8te om kompensasjonsordningen for kjemikalieskadde oljepionerer.<\/p>\n<p>P\u00e5 m\u00f8tet fikk de vite rammene, alts\u00e5 s\u00f8knadskriteriene. Selve st\u00f8rrelsen p\u00e5 ordningen, hvor mange G (grunnbel\u00f8p er i dag p\u00e5 124.028 kroner), kom i statsbudsjettet som ble lagt frem i dag.<\/p>\n<p>Etter det m\u00f8tet dro Bjarne Kapstad og andre oljepionerer hjem med en god f\u00f8lelse.<\/p>\n<p>Men at de skulle bli avspist med kun 8 G hadde ingen av dem trodd.\u00a0<\/p>\n<p><a href=\"https:\/\/www.dagsavisen.no\/nyheter\/oljepionerer-stadig-horer-vi-om-arbeidskamerater-som-dor\/4871951\" rel=\"nofollow noopener\" target=\"_blank\">Bjarne Kapstad,<\/a>\u00a0som sammen med flere andre har st\u00e5tt i bresjen for kompensasjon, ble uf\u00f8r allerede som 44-\u00e5ring.<\/p>\n<p>Skambud fra regjeringen<\/p>\n<p>\u2013 Myndighetene var flinke til \u00e5 s\u00f8rge for at oljerikdommen ble i Norge. Men n\u00e5r det gjaldt oljearbeidernes helse, har de v\u00e6rt altfor d\u00e5rlige, sa han til Dagsavisen i juli for litt over ett \u00e5r siden.<\/p>\n<p>Han har f\u00e5tt\u00a0hjerneskade og alvorlig kognitiv svikt som f\u00f8lge av jobben i oljebarndommen.<\/p>\n<p>434 millioner kroner<\/p>\n<p>I statsbudsjettet for 2026 foresl\u00e5r regjeringen \u00e5 gi 434 millioner kroner til en helt ny kompensasjonsordning for oljepionerene. Midlene skal sikre at arbeidstakere som ble utsette for helseskadelige kjemikalier i pionertida f\u00e5r en rettferdig og verdig kompensasjon, st\u00e5r det i budsjettet for arbeids- og inkluderings departementet.<\/p>\n<p>\u2013\u00a0\u00a0Dette er et viktig og etterlengtet l\u00f8ft for oljepionerene. De var med p\u00e5 \u00e5 bygge opp en helt ny industri under forhold som i dag ville v\u00e6rt utenkelige. Med denne ordningen gir vi de kjemikalieskadde arbeidstakerne den anerkjennelsen og kompensasjonen de fortjener, sier arbeids- og inkluderingsminister Kjersti Stenseng (Ap). <\/p>\n<p>Kompensasjonen settes til 1,04 millioner kroner til hver oljepioner som oppfyller vilk\u00e5rene. Ordningen omfatter ogs\u00e5 etterlatte dersom den avd\u00f8de oppfyller vilk\u00e5rene.<\/p>\n<p>Regjeringen arbeider n\u00e5 med \u00e5 f\u00e5 p\u00e5 plass en nemnd som skal behandle s\u00f8knadene. M\u00e5let er at utbetalingen kan starte allerede i 2026.<\/p>\n<p>        <a itemprop=\"url\" class=\"\" href=\"https:\/\/www.dagsavisen.no\/nyheter\/stortinget-vedtok-erstatning-til-alexander-kielland-etterlatte-etter-thriller\/9802861\" data-k5a-url=\"https:\/\/www.dagsavisen.no\/a\/9802861\" rel=\"nofollow noopener\" target=\"_blank\"><\/p>\n<p>            Stortinget vedtok erstatning til Alexander Kielland-etterlatte etter thriller<\/p>\n<p>        <\/a><\/p>\n<p> Til sammenligning fikk Nordsj\u00f8dykkerne 65 G. <\/p>\n<p>Dagsavisen har de siste \u00e5rene skrevet en rekke artikler om skadde og syke oljepionerer, og deres \u00e5relange kamp for kompensasjon.\u00a0<\/p>\n<p>                <img decoding=\"async\" src=\"https:\/\/www.europesays.com\/no\/wp-content\/uploads\/2025\/10\/10008180.webp\" width=\"480\" height=\"274\" title=\"Dagsavisen har tidligere fortalt de sterke historiene til Bjarne Kapstad (til venstre), Tord Lillehavn og Hans Marwoll. Her fra desember 2024.\" alt=\"\" loading=\"lazy\" style=\"\"\/><\/p>\n<p>\n            Dagsavisen har tidligere fortalt de sterke historiene til Bjarne Kapstad (til venstre), Tord Lillehavn og Hans Marwoll. Her fra desember 2024.<br \/>\n            Tom Vestreng\n        <\/p>\n<p>\u2013 Kreften g\u00e5r ikke an \u00e5 kurere, s\u00e5 jeg skal d\u00f8 av jobben jeg har gjort for oljeselskapene og staten. Det er prisen jeg betaler, sa <a href=\"https:\/\/www.dagsavisen.no\/nyheter\/kreften-gar-ikke-an-a-kurere-sa-jeg-skal-do-av-jobben-jeg-har-gjort-for-oljeselskapene-og-staten\/6752712\" rel=\"nofollow noopener\" target=\"_blank\">Hans Marwoll <\/a>til Dagsavisen i mai 24.<\/p>\n<p>Skambud<\/p>\n<p>R\u00f8dt-leder Marie Sneve Martinussen mener det er et skambud regjeringen har kommet med.\u00a0<\/p>\n<p>        Tilbudet regjeringen kommer med til oljepionerene tilsvarer kun \u00e9n br\u00f8kdel av den kompensasjonen som Nordsj\u00f8dykkerne har f\u00e5tt.<\/p>\n<p class=\"author \" style=\"\">Marie Sneve Martinussen, R\u00f8dt-leder<\/p>\n<p>\u2013\u00a0\u00a0\u00a0Det er en<br \/>\ngrell kontrast mellom den enorme oljerikdommen og statens manglende vilje til \u00e5<br \/>\nkompensere oljepionerene for helseskader fra det farlige arbeidet de ble utsatt<br \/>\nfor. Mange oljepionerer har levd med alvorlig sykdom, etter \u00e5 ha v\u00e6rt i kontakt<br \/>\nmed farlige stoffer uten verneutstyr, og tapt arbeidsinntekt, sier hun til Dagsavisen.<\/p>\n<p>                <img decoding=\"async\" src=\"https:\/\/www.europesays.com\/no\/wp-content\/uploads\/2025\/10\/10008743.webp\" width=\"480\" height=\"274\" title=\"R\u00f8dt-leder Marie Sneve Martinussen.\" alt=\"\" loading=\"lazy\" style=\"\"\/><\/p>\n<p>\n            R\u00f8dt-leder Marie Sneve Martinussen.<br \/>\n            JFoto: Jonas Fagereng Jacobsen\n        <\/p>\n<p>\u2013 Tilbudet<br \/>\nregjeringen kommer med til oljepionerene tilsvarer kun \u00e9n br\u00f8kdel av den<br \/>\nkompensasjonen som Nordsj\u00f8dykkerne har f\u00e5tt. Vi skal f\u00f8lge opp dette i det<br \/>\nvidere budsjettarbeidet og snakke direkte med oljepionerene, sier Marie Sneve Rasmussen.\u00a0<\/p>\n<p>N\u00e5 er det opp til Stortinget \u00e5 bestemme veien videre.<\/p>\n<p>\u2013\u00a0\u00a0Et betydelig<br \/>\nstortingsflertall har gjentatte ganger vist at de er p\u00e5 v\u00e5r side i kampen for<br \/>\nrettferdige ordninger for oljepionerene, og for overlevende og etterlatte etter<br \/>\nKielland-ulykken, slik vi s\u00e5 senest i en stortingsvotering i g\u00e5r. Det er<br \/>\nskuffende at Arbeiderpartiet gang p\u00e5 gang har stilt seg p\u00e5 feil side, sier R\u00f8dt-lederen.\u00a0<\/p>\n<p>Enormt skuffet<\/p>\n<p>Heller ikke Frp hadde mye til overs for regjeringens forslag til kompensasjon.<\/p>\n<p>        F\u00f8rst og fremst er vi jo enormt skuffet, men vi frykter jo at det ville komme et lavt bel\u00f8p. S\u00e5 vi vil jo n\u00e5 jobbe videre i Stortinget for \u00e5 f\u00e5 \u00f8kt et anstendig bel\u00f8p.<\/p>\n<p class=\"author \" style=\"\">Alf Erik Andersen, Frp<\/p>\n<p>\u2013\u00a0 F\u00f8rst og fremst er vi jo enormt skuffet, men vi frykter jo<br \/>\nat det ville komme et lavt bel\u00f8p. S\u00e5 vi vil jo n\u00e5 jobbe videre i Stortinget for<br \/>\n\u00e5 f\u00e5 \u00f8kt et anstendig bel\u00f8p, sier Alf Erik Andersen i Frp.<\/p>\n<p>\u2013 Hva mener dere er et anstendig bel\u00f8p?<\/p>\n<p>\u2013 Tidligere har Nordsj\u00f8dykkerne f\u00e5tt 65 G, sier han om hva et anstendig bel\u00f8p er.<\/p>\n<p>\u2013 N\u00e5 m\u00e5 i se hva vi kan gj\u00f8r i v\u00e5rt alternative budsjett, og hvem vi skal forhandle med. S\u00e5 skal vi komme tilbake med hva en god og rettferdig l\u00f8sning skal v\u00e6re.\u00a0Vi forventer<br \/>\nat regjeringens st\u00f8ttepartier ikke lar dette st\u00e5,\u00a0sier han.\u00a0<\/p>\n<p>SVs Ingrid Fiskaa er sjokkert og provosert over tilbudet regjeringen kom med i statsbudsjettet.<\/p>\n<p>\u2013\u00a0\u00a0Regjeringen foresl\u00e5r at oljepionerene, som<br \/>\ner sterkt skadet p\u00e5 jobb for den norske stat, skal avspises med inntil 8G i<br \/>\nkompensasjon. Det er en h\u00e5n. Vi forventet, og oljepionerene forventet at<br \/>\nkompensasjonsniv\u00e5et skulle v\u00e6re p\u00e5 linje med nordsj\u00f8dykkerne p\u00e5 65G, sier hun til Dagsavisen.\u00a0<\/p>\n<p>Et h\u00e5n mot oljepionerene<\/p>\n<p>Kreftforeningen har i lang tid jobbet for, og st\u00f8tte oljepionerene i deres kamp for rettferdighet og kompensasjon. De er ikke forn\u00f8yd.<\/p>\n<p>                <img decoding=\"async\" src=\"https:\/\/www.europesays.com\/no\/wp-content\/uploads\/2025\/10\/10008850.webp\" width=\"480\" height=\"274\" title=\"Generalsekret\u00e6r i Kreftforeningen Ingrid Stenstadvold Ross.\" alt=\"\" loading=\"lazy\" style=\"\"\/><\/p>\n<p>\n            Generalsekret\u00e6r i Kreftforeningen Ingrid Stenstadvold Ross.<br \/>\n            Foto: Jorunn Valle Nilsen\n        <\/p>\n<p>\u2013\u00a0 Regjeringens erstatning er en h\u00e5n mot<br \/>\noljepionerene og en ny ydmykelse av en gruppe som har bygget velferden v\u00e5r, sier\u00a0 generalsekret\u00e6r i Kreftforeningen, Ingrid<br \/>\nStenstadvold Ross til Dagsavisen.<\/p>\n<p>\u2013\u00a0\u00a0N\u00e5r \u00e8n av fire budsjettkroner kommer fra olje, kan ikke<br \/>\ntakken til dem som ble d\u00f8dssyke av \u00e5 skape disse verdiene, v\u00e6re s\u00e5 mye lavere<br \/>\nenn den erstatningen som ble gitt til Nordsj\u00f8dykkerne. Det er utrolig vondt at<br \/>\nflere av oljepionerene allerede har g\u00e5tt bort, og vi mener gjenv\u00e6rende og<br \/>\netterlatte fortjener en rask, rettferdig og verdig kompensasjon, sier hun.\u00a0<\/p>\n<p>null<\/p>\n<p>        <a itemprop=\"url\" class=\"\" href=\"https:\/\/www.dagsavisen.no\/nyheter\/frp-og-hoyre-sikrer-flertall-for-raskere-kompensasjonsordning-for-kielland-ofre\/10006459\" data-k5a-url=\"https:\/\/www.dagsavisen.no\/a\/10006459\" rel=\"nofollow noopener\" target=\"_blank\"><\/p>\n<p>            Frp og H\u00f8yre sikrer flertall for raskere kompensasjonsordning for Kielland-ofre<\/p>\n<p>        <\/a><\/p>\n<p class=\"no_italic m-no_italic\" data-lab-italic=\"\">F\u00e5 nyhetsbrev fra Dagsavisen. Meld deg p\u00e5\u00a0<a href=\"https:\/\/www.dagsavisen.no\/om-dagsavisen\/2023\/12\/20\/fa-daglig-nyhetsbrev\/\" rel=\"nofollow noopener\" target=\"_blank\">her<\/a>!<\/p>\n","protected":false},"excerpt":{"rendered":"\u2013 Jeg er steinforbannet. Dette er et slag under beltested, sier oljepioner Bjarne Kapstad. Han er sjokkert over&hellip;\n","protected":false},"author":2,"featured_media":61514,"comment_status":"","ping_status":"","sticky":false,"template":"","format":"standard","meta":{"footnotes":""},"categories":[5],"tags":[20,21,24,25,15,19,22,23,17,18,13,30,28,29,14,16,26,27],"class_list":{"0":"post-61513","1":"post","2":"type-post","3":"status-publish","4":"format-standard","5":"has-post-thumbnail","7":"category-overskrifter","8":"tag-breaking-news","9":"tag-breakingnews","10":"tag-featured-news","11":"tag-featurednews","12":"tag-headlines","13":"tag-hovedoppslag","14":"tag-latest-news","15":"tag-latestnews","16":"tag-main-news","17":"tag-mainnews","18":"tag-news","19":"tag-no","20":"tag-norge","21":"tag-norway","22":"tag-nyheter","23":"tag-overskrifter","24":"tag-top-stories","25":"tag-topstories"},"share_on_mastodon":{"url":"","error":""},"_links":{"self":[{"href":"https:\/\/www.europesays.com\/no\/wp-json\/wp\/v2\/posts\/61513","targetHints":{"allow":["GET"]}}],"collection":[{"href":"https:\/\/www.europesays.com\/no\/wp-json\/wp\/v2\/posts"}],"about":[{"href":"https:\/\/www.europesays.com\/no\/wp-json\/wp\/v2\/types\/post"}],"author":[{"embeddable":true,"href":"https:\/\/www.europesays.com\/no\/wp-json\/wp\/v2\/users\/2"}],"replies":[{"embeddable":true,"href":"https:\/\/www.europesays.com\/no\/wp-json\/wp\/v2\/comments?post=61513"}],"version-history":[{"count":0,"href":"https:\/\/www.europesays.com\/no\/wp-json\/wp\/v2\/posts\/61513\/revisions"}],"wp:featuredmedia":[{"embeddable":true,"href":"https:\/\/www.europesays.com\/no\/wp-json\/wp\/v2\/media\/61514"}],"wp:attachment":[{"href":"https:\/\/www.europesays.com\/no\/wp-json\/wp\/v2\/media?parent=61513"}],"wp:term":[{"taxonomy":"category","embeddable":true,"href":"https:\/\/www.europesays.com\/no\/wp-json\/wp\/v2\/categories?post=61513"},{"taxonomy":"post_tag","embeddable":true,"href":"https:\/\/www.europesays.com\/no\/wp-json\/wp\/v2\/tags?post=61513"}],"curies":[{"name":"wp","href":"https:\/\/api.w.org\/{rel}","templated":true}]}}