{"id":61520,"date":"2025-10-15T21:41:09","date_gmt":"2025-10-15T21:41:09","guid":{"rendered":"https:\/\/www.europesays.com\/no\/61520\/"},"modified":"2025-10-15T21:41:09","modified_gmt":"2025-10-15T21:41:09","slug":"regjeringen-kutter-i-flere-barnefamilieordninger","status":"publish","type":"post","link":"https:\/\/www.europesays.com\/no\/61520\/","title":{"rendered":"Regjeringen kutter i flere barnefamilieordninger"},"content":{"rendered":"\n<ul class=\"_list_o9xde_3 _list_64s2r_85 _unordered_o9xde_106 text-sans-m\">\n<li class=\"_item_o9xde_30\">Regjeringen vil i 2026 kutte kraftig i foreldrefradraget mens barnehageprisene senkes; fradraget dekker minst for SFO p\u00e5 4. trinn.<\/li>\n<li class=\"_item_o9xde_30\">R\u00f8dt kaller det \u00abm\u00e5lrettede kutt\u00bb, og SV reagerer kraftig: overgangsst\u00f8naden fases ut med f\u00e5 unntak, engangsst\u00f8naden ned til 60.000, og barnetrygd, grunn- og hjelpest\u00f8nad prisjusteres ikke.<\/li>\n<\/ul>\n<p>Vis mer <\/p>\n<p class=\"_paragraph_o9xde_4 _paragraph_xtcu6_10 layout-component text-serif-m layout-normal text-serif-m layout-padded\">I forslaget til statsbudsjettet for 2026 vil regjeringen blant annet kutte kraftig i foreldrefradraget. Det g\u00e5r ut over de som har barn i skolealder \u2013 s\u00e6rlig i fjerdeklasse.<\/p>\n<p class=\"_paragraph_o9xde_4 _paragraph_xtcu6_10 layout-component text-serif-m layout-normal text-serif-m layout-padded\">\u2013 Foreldrefradraget er dessverre bare et av flere m\u00e5lrettede kutt mot barnefamiliene i budsjettet, og jeg m\u00e5 si at jeg er mildt sagt sv\u00e6rt skuffet over at en Ap-regjering kommer med disse forslagene, sier Marthe Hammer, som skal lede SV i forhandlingene om regjeringens budsjett, til VG, og fortsetter: <\/p>\n<p class=\"_paragraph_o9xde_4 _paragraph_xtcu6_10 layout-component text-serif-m layout-normal text-serif-m layout-padded\"><strong class=\"_strong_o9xde_25\">\u2013 Vi brukte fire \u00e5r p\u00e5 \u00e5 rette opp i H\u00f8yre og Frps usosiale kutt etter \u00e5tte \u00e5r med h\u00f8yrestyre. S\u00e5 starter Ap denne perioden med direkte, m\u00e5lrettede kutt mot barnefamiliene, og det gir en veldig, veldig krevende start for disse forhandlingene. <\/strong><\/p>\n<p>Dette er foreldrefradraget<\/p>\n<p class=\"_paragraph_o9xde_4 _paragraph_xtcu6_10 _paragraph_16v91_10 layout-component text-serif-m layout-normal text-sans-m layout-padded\"><strong class=\"_strong_o9xde_25\">HVA: <\/strong>Foreldrefradraget er et s\u00e6rskilt skattefradrag som skal dekke dokumenterte kostnader til pass og stell av barn. Form\u00e5let er \u00e5 redusere skattbar inntekt for foreldre som har utgifter til barnepass, slik at foreldre f\u00e5r \u00f8konomisk lettelse for disse kostnadene<\/p>\n<p class=\"_paragraph_o9xde_4 _paragraph_xtcu6_10 _paragraph_16v91_10 layout-component text-serif-m layout-normal text-sans-m layout-padded\"><strong class=\"_strong_o9xde_25\">HVEM:<\/strong> Foreldre (ektefeller, samboere eller enslige fors\u00f8rgere) med utgifter til barnepass for barn som<strong class=\"_strong_o9xde_25\"> <\/strong>ved utgangen av inntekts\u00e5ret er 11 \u00e5r eller yngre.<strong class=\"_strong_o9xde_25\"> <\/strong>Barn som er 12 \u00e5r eller eldre kan ogs\u00e5 omfattes dersom de har s\u00e6rlige behov for omsorg og pleie.<\/p>\n<p class=\"_paragraph_o9xde_4 _paragraph_xtcu6_10 _paragraph_16v91_10 layout-component text-serif-m layout-normal text-sans-m layout-padded\"><strong class=\"_strong_o9xde_25\">FRADRAG FOR: <\/strong><\/p>\n<ol class=\"_list_o9xde_3 _list_xtcu6_9 _list_16v91_9 _ordered_o9xde_79 layout-component text-serif-m layout-normal text-sans-m layout-padded\">\n<li class=\"_item_o9xde_30\">Barnehage og SFO\/AKS (aktivitetsskole)<\/li>\n<li class=\"_item_o9xde_30\">Privat barnepass, som dagmamma eller au pair<\/li>\n<li class=\"_item_o9xde_30\">Fritidsordninger som et fullverdig alternativ til SFO<\/li>\n<li class=\"_item_o9xde_30\">Transportkostnader til og fra barnepasstedet<\/li>\n<li class=\"_item_o9xde_30\">Formidlingstjenester for barnepass, for eksempel via bemanningsselskap eller byr\u00e5.<\/li>\n<\/ol>\n<p class=\"_paragraph_o9xde_4 _paragraph_xtcu6_10 _paragraph_16v91_10 layout-component text-serif-m layout-normal text-sans-m layout-padded\">Dokumentasjon kreves kun hvis de samlede utgiftene overstiger 10 000 kr. Da m\u00e5 kostnadene v\u00e6re betalt via bank eller l\u00f8nnstrekk, og kunne dokumenteres med kvitteringer eller l\u00f8nnsslipp <\/p>\n<p>Vis mer<\/p>\n<p class=\"_paragraph_o9xde_4 _paragraph_xtcu6_10 layout-component text-serif-m layout-normal text-serif-m layout-padded\">I forslaget til statsbudsjett for 2026 kutter regjeringen kraftig i foreldrefradraget, som gis for dokumenterte kostnader til pass og stell av hjemmeboende barn som er 11 \u00e5r eller yngre. <\/p>\n<ul class=\"_list_o9xde_3 _list_xtcu6_9 _unordered_o9xde_106 layout-component text-serif-m layout-normal text-serif-m layout-padded\">\n<li class=\"_item_o9xde_30\">I 2025 er skattefradraget p\u00e5 maksimalt 25 000 kroner for f\u00f8rste barn, og 15 000 kroner per barn ut over det f\u00f8rste. <\/li>\n<li class=\"_item_o9xde_30\">Regjeringen foresl\u00e5r \u00e5 redusere grensen til 15 000 kroner for ett barn og 10 000 kroner for hvert barn utover det f\u00f8rste. <\/li>\n<\/ul>\n<p><img decoding=\"async\" alt=\"Bilde av Marthe Hammer\" class=\"_image_ygndg_42\" height=\"60\" itemprop=\"image\" loading=\"lazy\"  src=\"https:\/\/www.europesays.com\/no\/wp-content\/uploads\/2025\/10\/0942acdc-a1d6-4634-b08e-370c0708eabd\"  width=\"40\"\/><strong class=\"_name_ygndg_51 title-serif-xs\">Marthe Hammer<\/strong><\/p>\n<p class=\"_paragraph_o9xde_4 text-sans-m _description_ygndg_56\">Finanspolitisk talsperson, SV<\/p>\n<p class=\"_paragraph_o9xde_4 _paragraph_xtcu6_10 layout-component text-serif-m layout-normal text-serif-m layout-padded\">I budsjettet argumenterer de med at dette kan gj\u00f8res fordi prisene for \u00e5 ha barn i barnehage og SFO har blitt kraftig redusert de siste \u00e5rene. <\/p>\n<p>Dyrest for fjerdeklassinger<\/p>\n<p class=\"_paragraph_o9xde_4 _paragraph_xtcu6_10 layout-component text-serif-m layout-normal text-serif-m layout-padded\">Regjeringen har kuttet kraftig i barnehageprisen i budsjettene. Med forslaget til ny bel\u00f8psgrense vil foreldrefradraget fortsatt dekke 100 prosent av utgiftene til barnehage, skriver de. <\/p>\n<p class=\"_paragraph_o9xde_4 _paragraph_xtcu6_10 layout-component text-serif-m layout-normal text-serif-m layout-padded\">Men SFO, eller AKS som det heter i Oslo, er det opp til kommunene \u00e5 bestemme over. <\/p>\n<p class=\"_paragraph_o9xde_4 _paragraph_xtcu6_10 layout-component text-serif-m layout-normal text-serif-m layout-padded\">Regjeringen har innf\u00f8rt 12 timer gratis kjernetid i SFO for 1\u20133. trinn, men man m\u00e5 betale utover dette, og prisene varierer mellom kommunene. Det er ikke noen nasjonal gratisordninger for elever p\u00e5 4. trinn. <\/p>\n<p class=\"_paragraph_o9xde_4 _paragraph_xtcu6_10 layout-component text-serif-m layout-normal text-serif-m layout-padded\">Gjennomsnittlig SFO-pris i 1.\u20133. trinn for en heltidsplass er ansl\u00e5tt til i underkant av 18 000 kroner i 2026, if\u00f8lge regjeringen. <\/p>\n<p class=\"_paragraph_o9xde_4 _paragraph_xtcu6_10 layout-component text-serif-m layout-normal text-serif-m layout-padded\">\u00abAndelen av kostnadene som dekkes av fradraget, er lavere for 4. trinn. Samtidig er det en vesentlig mindre andel av barna som deltar i SFO p\u00e5 4. trinn enn p\u00e5 lavere trinn\u00bb, argumenterer regjeringen.<\/p>\n<p> \u2013 Hadde tatt dealen<\/p>\n<p class=\"_paragraph_o9xde_4 _paragraph_xtcu6_10 layout-component text-serif-m layout-normal text-serif-m layout-padded\">Kjersti Gr\u00f8nseth er trebarnsmamma, sivil\u00f8konom og driver instagramkontoen \u00abforbrukerfrue\u00bb.<\/p>\n<p class=\"_paragraph_o9xde_4 _paragraph_xtcu6_10 layout-component text-serif-m layout-normal text-serif-m layout-padded\">S\u00e5pass lite kjent er foreldrefradraget og hvordan det egentlig sl\u00e5r inn i familie\u00f8konomien, at \u00f8konomen m\u00e5 inn p\u00e5 skatteligningen sin for \u00e5 sjekke n\u00e5r VG sp\u00f8r.<\/p>\n<p class=\"_paragraph_o9xde_4 _paragraph_xtcu6_10 layout-component text-serif-m layout-normal text-serif-m layout-padded\">De to eldste barna har benyttet seg av 12 timer gratis kjernetid p\u00e5 SFO. Dermed hadde ikke familien utgifter og heller ikke rett p\u00e5 foreldrefradag for dette.<\/p>\n<p><img alt=\"Kjersti Gr\u00f8nseth med sin familie. Fra venstre mannen Paul og barne Live (snart 10), Iver (12) og Even (7).\" class=\"_image_qp4xg_65 layout-component layout-normal\" data-fullscreen- data-track-element-type=\"Article image fullscreen\" data-track-name=\"ImageFullscreen\" decoding=\"async\" loading=\"lazy\" height=\"3024\" itemprop=\"image\"  src=\"https:\/\/www.europesays.com\/no\/wp-content\/uploads\/2025\/10\/d591bffe-cee9-4586-9dc6-cc4d08a16cf2\"  style=\"object-position:0% 0%\" width=\"4032\"\/>Kjersti Gr\u00f8nseth med sin familie. Fra venstre mannen Paul og barne Live (snart 10), Iver (12) og Even (7).<\/p>\n<p class=\"_paragraph_o9xde_4 _paragraph_xtcu6_10 layout-component text-serif-m layout-normal text-serif-m layout-padded\">Etter fjerdeklasse dropper barna ut av SFO.<\/p>\n<p class=\"_paragraph_o9xde_4 _paragraph_xtcu6_10 layout-component text-serif-m layout-normal text-serif-m layout-padded\">Minstemann sluttet i barnehagen sommeren 2024. Da betalte familien 18 000 kroner for et halvt \u00e5r i privat barnehage, og hun og mannen fikk 9 000 i foreldrefradrag hver. Det ga en skattegevinst p\u00e5 3150 kroner p\u00e5 hver av foreldrene.<\/p>\n<p class=\"_paragraph_o9xde_4 _paragraph_xtcu6_10 layout-component text-serif-m layout-normal text-serif-m layout-padded\">\u2013 N\u00e5 som maksprisen p\u00e5 barnehagene g\u00e5r ned, forst\u00e5r jeg at man m\u00e5 se reduksjonen i foreldrefradraget i forhold til det. Regnestykket ser ut som en grei deal. Men er man i en situasjon der hver krone i \u00f8konomien teller, og man benytter seg av dokumentert foreldrefradrag, s\u00e5 er det ikke sikkert ordningen er like hyggelig, sier Gr\u00f8nseth.<\/p>\n<p>R\u00f8dt: M\u00e5lrettede kutt<\/p>\n<p class=\"_paragraph_o9xde_4 _paragraph_xtcu6_10 layout-component text-serif-m layout-normal text-serif-m layout-padded\">\u2013 Dette er et av de m\u00e5lrettede kuttene til barneforeldre, og s\u00e6rlig barneforeldre med d\u00e5rlig r\u00e5d, som ikke er spesielt heldig. Og n\u00e5r du sier at du kutter i foreldrefradraget for \u00e5 \u00abmotvirke\u00bb at barnehageprisene settes ned, s\u00e5 g\u00e5r vinningen opp i spinningen, sier R\u00f8dts forhandlingsleder <a href=\"https:\/\/www.vg.no\/tag\/mimir-kristjansson?utm_source=vg-article&amp;utm_medium=auto-tagger&amp;utm_campaign=JbVe5R\" class=\"_link_o9xde_39\" rel=\"nofollow noopener\" target=\"_blank\">M\u00edmir Kristj\u00e1nsson<\/a>.<\/p>\n<p><img decoding=\"async\" alt=\"Bilde av M\u00edmir Kristj\u00e1nsson\" class=\"_image_ygndg_42\" height=\"27\" itemprop=\"image\" loading=\"lazy\"  src=\"https:\/\/www.europesays.com\/no\/wp-content\/uploads\/2025\/10\/e62abf60-b419-45f3-bc7d-da4132082517\"  width=\"40\"\/><strong class=\"_name_ygndg_51 title-serif-xs\">M\u00edmir Kristj\u00e1nsson<\/strong><\/p>\n<p class=\"_paragraph_o9xde_4 text-sans-m _description_ygndg_56\">R\u00f8dts forhandlingsleder<\/p>\n<p class=\"_paragraph_o9xde_4 _paragraph_xtcu6_10 layout-component text-serif-m layout-normal text-serif-m layout-padded\">Kunnskapsminister Kari Nessa Nordtun er ikke spesielt bekymret for kritikken fra SV og R\u00f8dt og sier:<\/p>\n<p class=\"_paragraph_o9xde_4 _paragraph_xtcu6_10 layout-component text-serif-m layout-normal text-serif-m layout-padded\">\u2013 Vi er glade for at vi har f\u00e5tt ned kostnadene b\u00e5de for barnehage og SFO gjennom flere statsbudsjetter sammen med SV og Sp. Foreldre betaler n\u00e5 mye mindre for tjenester som gj\u00f8r at de kan v\u00e6re arbeid samtidig som at alle barn f\u00e5r delta i fellesskapet.<\/p>\n<p><img decoding=\"async\" alt=\"Bilde av Kari Nessa Nordtun (Ap)\" class=\"_image_ygndg_42\" height=\"27\" itemprop=\"image\" loading=\"lazy\"  src=\"https:\/\/www.europesays.com\/no\/wp-content\/uploads\/2025\/10\/56a66981-2524-4dca-af7f-31ccee630d59\"  width=\"40\"\/><strong class=\"_name_ygndg_51 title-serif-xs\">Kari Nessa Nordtun (Ap)<\/strong><\/p>\n<p class=\"_paragraph_o9xde_4 text-sans-m _description_ygndg_56\">Kunnskapsminister<\/p>\n<p class=\"_paragraph_o9xde_4 _paragraph_xtcu6_10 layout-component text-serif-m layout-normal text-serif-m layout-padded\">\u2013 Er det en reell fare for at maksprisen p\u00e5 barnehager ikke settes videre ned, samtidig som foreldrefradraget reduseres?<\/p>\n<p class=\"_paragraph_o9xde_4 _paragraph_xtcu6_10 layout-component text-serif-m layout-normal text-serif-m layout-padded\">Maksprisen er satt ned i flere omganger. N\u00e5 er den historisk lav. Og den skal forbli lav. Det er jeg sikker p\u00e5 at b\u00e5de SV og R\u00f8dt er veldig forn\u00f8yd med. Og ikke minst: Alle foreldre!<\/p>\n<p class=\"_paragraph_o9xde_4 _paragraph_xtcu6_10 layout-component text-serif-m layout-normal text-serif-m layout-padded\">\u2013 Blir det mindre penger totalt sett til barnefamiliene med forslaget om kutt i foreldrefradraget.?<\/p>\n<p class=\"_paragraph_o9xde_4 _paragraph_xtcu6_10 layout-component text-serif-m layout-normal text-serif-m layout-padded\">Nei. Det er det korte og kontante svaret fra kunnskapsministeren.<\/p>\n<p> \u2013 Direkte frekt<\/p>\n<p class=\"_paragraph_o9xde_4 _paragraph_xtcu6_10 layout-component text-serif-m layout-normal text-serif-m layout-padded\">Regjeringen foresl\u00e5r kutt i flere ordninger for barnefamilier. R\u00f8dt og SV reagerer begge p\u00e5 at de vil fase ut overgangsst\u00f8naden for enslige fors\u00f8rgere, og kutte i engangsst\u00f8naden. <\/p>\n<p class=\"_paragraph_o9xde_4 _paragraph_xtcu6_10 layout-component text-serif-m layout-normal text-serif-m layout-padded\">Overgangsst\u00f8naden for enslige fors\u00f8rgere Overgangsst\u00f8naden for enslige fors\u00f8rgere For \u00e5 ha rett p\u00e5 st\u00f8naden, m\u00e5 du v\u00e6re alene om omsorgen for barnet ditt, og v\u00e6re ugift, separert eller skilt. Du m\u00e5 ogs\u00e5 ha bodd i Norge i minst tre \u00e5r. er en inntektssikring for enslige fors\u00f8rgere i inntil tre \u00e5r.<\/p>\n<p class=\"_paragraph_o9xde_4 _paragraph_xtcu6_10 layout-component text-serif-m layout-normal text-serif-m layout-padded\">Regjeringen foresl\u00e5r \u00e5 fase den ut, med unntak av for enslige med aleneomsorg for s\u00e6rlig tilsynskrevende barn og enslige med barn under 14 m\u00e5neder. De argumenterer med at det b\u00f8r gj\u00f8res fordi st\u00f8naden gir svake incentiver til arbeid. <\/p>\n<p><img alt=\"Foto: Hallgeir V\u00e5genes \/ VG\" class=\"_image_qp4xg_65 layout-component layout-normal\" data-fullscreen- data-track-element-type=\"Article image fullscreen\" data-track-name=\"ImageFullscreen\" decoding=\"async\" loading=\"lazy\" height=\"4000\" itemprop=\"image\"  src=\"https:\/\/www.europesays.com\/no\/wp-content\/uploads\/2025\/10\/bf14db55-7e07-4e3a-8da3-bf354a43912f\"  style=\"object-position:0% 0%\" width=\"5524\"\/>Foto: Hallgeir V\u00e5genes \/ VG<\/p>\n<p class=\"_paragraph_o9xde_4 _paragraph_xtcu6_10 layout-component text-serif-m layout-normal text-serif-m layout-padded\">Engangsst\u00f8naden er et skattefritt engangsbel\u00f8p hvis du f\u00f8der eller adopterer, og ikke har rett til foreldrepenger. <\/p>\n<p class=\"_paragraph_o9xde_4 _paragraph_xtcu6_10 layout-component text-serif-m layout-normal text-serif-m layout-padded\">I budsjettforslaget reduserer regjeringen denne fra 92 648 kroner, til 60.000 kroner. Det vil gi en innsparing p\u00e5 134 millioner kroner i 2026, ansl\u00e5r de. De begrunner dette med at st\u00f8naden i dag er en god del h\u00f8yere enn overslaget over kostnader ved \u00e5 ha barn det f\u00f8rste \u00e5ret. <\/p>\n<p class=\"_paragraph_o9xde_4 _paragraph_xtcu6_10 layout-component text-serif-m layout-normal text-serif-m layout-padded\">\u2013 N\u00e5r vi f\u00e5r til viktige grep som \u00e5 redusere barnehageprisen og innf\u00f8re gratis SFO, s\u00e5 er det aldri for at man skal kutte i viktige velferdstiltak andre steder, det er for \u00e5 redusere forskjellene i samfunnet permanent, sier SVs Marthe Hammer.<\/p>\n<p class=\"_paragraph_o9xde_4 _paragraph_xtcu6_10 layout-component text-serif-m layout-normal text-serif-m layout-padded\">\u2013 At Arbeiderpartiet n\u00e5 legger seg p\u00e5 en linje hvor SV-seiere skal m\u00f8tes med kutt andre steder, er direkte frekt overfor barnefamilier. <\/p>\n<p class=\"_paragraph_o9xde_4 _paragraph_xtcu6_10 layout-component text-serif-m layout-normal text-serif-m layout-padded\">Barnetrygden prisjusteres ikke, og er derfor reelt sett ett kutt. Grunnst\u00f8nad og hjelpest\u00f8nad prisjusteres heller ikke, legger R\u00f8dt til. <\/p>\n","protected":false},"excerpt":{"rendered":"Regjeringen vil i 2026 kutte kraftig i foreldrefradraget mens barnehageprisene senkes; fradraget dekker minst for SFO p\u00e5 4.&hellip;\n","protected":false},"author":2,"featured_media":61521,"comment_status":"","ping_status":"","sticky":false,"template":"","format":"standard","meta":{"footnotes":""},"categories":[5],"tags":[1301,20,21,24,25,15,19,1688,22,23,17,18,8997,1226,13,30,28,29,14,16,3166,3302,8578,26,27],"class_list":{"0":"post-61520","1":"post","2":"type-post","3":"status-publish","4":"format-standard","5":"has-post-thumbnail","7":"category-overskrifter","8":"tag-barn","9":"tag-breaking-news","10":"tag-breakingnews","11":"tag-featured-news","12":"tag-featurednews","13":"tag-headlines","14":"tag-hovedoppslag","15":"tag-kari-nessa-nordtun","16":"tag-latest-news","17":"tag-latestnews","18":"tag-main-news","19":"tag-mainnews","20":"tag-marthe-hammer","21":"tag-mimir-kristjansson","22":"tag-news","23":"tag-no","24":"tag-norge","25":"tag-norway","26":"tag-nyheter","27":"tag-overskrifter","28":"tag-regjeringen","29":"tag-skattefradrag","30":"tag-statsbudsjettet","31":"tag-top-stories","32":"tag-topstories"},"share_on_mastodon":{"url":"","error":""},"_links":{"self":[{"href":"https:\/\/www.europesays.com\/no\/wp-json\/wp\/v2\/posts\/61520","targetHints":{"allow":["GET"]}}],"collection":[{"href":"https:\/\/www.europesays.com\/no\/wp-json\/wp\/v2\/posts"}],"about":[{"href":"https:\/\/www.europesays.com\/no\/wp-json\/wp\/v2\/types\/post"}],"author":[{"embeddable":true,"href":"https:\/\/www.europesays.com\/no\/wp-json\/wp\/v2\/users\/2"}],"replies":[{"embeddable":true,"href":"https:\/\/www.europesays.com\/no\/wp-json\/wp\/v2\/comments?post=61520"}],"version-history":[{"count":0,"href":"https:\/\/www.europesays.com\/no\/wp-json\/wp\/v2\/posts\/61520\/revisions"}],"wp:featuredmedia":[{"embeddable":true,"href":"https:\/\/www.europesays.com\/no\/wp-json\/wp\/v2\/media\/61521"}],"wp:attachment":[{"href":"https:\/\/www.europesays.com\/no\/wp-json\/wp\/v2\/media?parent=61520"}],"wp:term":[{"taxonomy":"category","embeddable":true,"href":"https:\/\/www.europesays.com\/no\/wp-json\/wp\/v2\/categories?post=61520"},{"taxonomy":"post_tag","embeddable":true,"href":"https:\/\/www.europesays.com\/no\/wp-json\/wp\/v2\/tags?post=61520"}],"curies":[{"name":"wp","href":"https:\/\/api.w.org\/{rel}","templated":true}]}}