{"id":61537,"date":"2025-10-15T22:11:10","date_gmt":"2025-10-15T22:11:10","guid":{"rendered":"https:\/\/www.europesays.com\/no\/61537\/"},"modified":"2025-10-15T22:11:10","modified_gmt":"2025-10-15T22:11:10","slug":"oktoberfest-oktoberfest-2025-folkefesten-naermer-seg-utsolgt-kjemperespons","status":"publish","type":"post","link":"https:\/\/www.europesays.com\/no\/61537\/","title":{"rendered":"Oktoberfest, Oktoberfest 2025 | Folkefesten n\u00e6rmer seg utsolgt: \u2013 Kjemperespons"},"content":{"rendered":"<p>   <img decoding=\"async\" width=\"3394\" height=\"2736\" fetchpriority=\"high\"  loading=\"eager\"  src=\"https:\/\/www.europesays.com\/no\/wp-content\/uploads\/2025\/10\/Oktober1-1.jpg\" alt=\"\" class=\"brick-c-cFOWSL\" style=\"--brick-image-ratio: 3394 \/ 2736;\"\/><\/p>\n<p>    KLARE: Hege Lund-Zetterzuit, Einar Lund-Zetterquist,J\u00f8rn Atle S\u00f8rlie og Tonje Heiestad stiller i Dirndl og Lederhosen til \u00e6re for fotografen. Om halvannen uke er det Oktoberfest i Langhushallen to kvelder p\u00e5 rad..<br \/>\n    Foto: Stig Erlend Persson\n  <\/p>\n<p data-content=\"lead-text\" class=\"lead-text story&#10;        brick-c-SOGIC\">\n<p>        Det har tatt helt av de siste m\u00e5nedene. N\u00e6rmere 800 personer skal n\u00e5 samles.\n    <\/p>\n<p>    Plussmerking. Denne artikkelen kan bare leses av abonenter<\/p>\n<p>  For abonnenter<\/p>\n","protected":false},"excerpt":{"rendered":"KLARE: Hege Lund-Zetterzuit, Einar Lund-Zetterquist,J\u00f8rn Atle S\u00f8rlie og Tonje Heiestad stiller i Dirndl og Lederhosen til \u00e6re for&hellip;\n","protected":false},"author":2,"featured_media":61538,"comment_status":"","ping_status":"","sticky":false,"template":"","format":"standard","meta":{"footnotes":""},"categories":[58],"tags":[71,30,28,29,72],"class_list":{"0":"post-61537","1":"post","2":"type-post","3":"status-publish","4":"format-standard","5":"has-post-thumbnail","7":"category-underholdning","8":"tag-entertainment","9":"tag-no","10":"tag-norge","11":"tag-norway","12":"tag-underholdning"},"share_on_mastodon":{"url":"","error":""},"_links":{"self":[{"href":"https:\/\/www.europesays.com\/no\/wp-json\/wp\/v2\/posts\/61537","targetHints":{"allow":["GET"]}}],"collection":[{"href":"https:\/\/www.europesays.com\/no\/wp-json\/wp\/v2\/posts"}],"about":[{"href":"https:\/\/www.europesays.com\/no\/wp-json\/wp\/v2\/types\/post"}],"author":[{"embeddable":true,"href":"https:\/\/www.europesays.com\/no\/wp-json\/wp\/v2\/users\/2"}],"replies":[{"embeddable":true,"href":"https:\/\/www.europesays.com\/no\/wp-json\/wp\/v2\/comments?post=61537"}],"version-history":[{"count":0,"href":"https:\/\/www.europesays.com\/no\/wp-json\/wp\/v2\/posts\/61537\/revisions"}],"wp:featuredmedia":[{"embeddable":true,"href":"https:\/\/www.europesays.com\/no\/wp-json\/wp\/v2\/media\/61538"}],"wp:attachment":[{"href":"https:\/\/www.europesays.com\/no\/wp-json\/wp\/v2\/media?parent=61537"}],"wp:term":[{"taxonomy":"category","embeddable":true,"href":"https:\/\/www.europesays.com\/no\/wp-json\/wp\/v2\/categories?post=61537"},{"taxonomy":"post_tag","embeddable":true,"href":"https:\/\/www.europesays.com\/no\/wp-json\/wp\/v2\/tags?post=61537"}],"curies":[{"name":"wp","href":"https:\/\/api.w.org\/{rel}","templated":true}]}}