{"id":61549,"date":"2025-10-15T22:24:09","date_gmt":"2025-10-15T22:24:09","guid":{"rendered":"https:\/\/www.europesays.com\/no\/61549\/"},"modified":"2025-10-15T22:24:09","modified_gmt":"2025-10-15T22:24:09","slug":"ada-hegerberg-pyntet-pa-cl-rekorden-innbyttermal-av-caroline-graham-hansen","status":"publish","type":"post","link":"https:\/\/www.europesays.com\/no\/61549\/","title":{"rendered":"Ada Hegerberg pyntet p\u00e5 CL-rekorden \u2013 innbytterm\u00e5l av Caroline Graham Hansen"},"content":{"rendered":"\n<p class=\"_lead_o9xde_2 _lead_xtcu6_50 layout-component text-serif-m layout-normal text-serif-l layout-component layout-wide layout-padded _wide_17hqh_1 layout-padded\">Ada Hegerberg \u00e5pnet m\u00e5lkontoen i mesterligaen p\u00e5 en kraftfull heading da OL Lyonnes banket St. P\u00f6lten 3-0.<\/p>\n<p><img alt=\"Ada Hegerberg fant nettmaskene i mesterligaen onsdag.  Foto: Geir Olsen \/ NTB\" class=\"_image_qp4xg_65 layout-component layout-wide\" data-fullscreen- data-track-element-type=\"Article image fullscreen\" data-track-name=\"ImageFullscreen\" fetchpriority=\"high\" decoding=\"sync\" loading=\"eager\" height=\"4000\" itemprop=\"image\"  src=\"https:\/\/www.europesays.com\/no\/wp-content\/uploads\/2025\/10\/bee9d970-9208-43a3-acce-8af3edfa252c\"  style=\"object-position:0% 0%\" width=\"6000\"\/>Ada Hegerberg fant nettmaskene i mesterligaen onsdag.  Foto: Geir Olsen \/ NTB<\/p>\n<ul aria-hidden=\"true\" class=\"_images_1y6fe_106\">\n<li><a class=\"_link_1y6fe_111\" href=\"https:\/\/www.vg.no\/forfatter\/ntb\" style=\"z-index:1\" title=\"NTB\" rel=\"nofollow noopener\" target=\"_blank\"><img alt=\"Bilde av NTB\" class=\"_image_1y6fe_88\" fetchpriority=\"low\" loading=\"lazy\" decoding=\"async\" itemprop=\"image\"  src=\"https:\/\/www.europesays.com\/no\/wp-content\/uploads\/2025\/10\/1760567049_490_c33980b0-5d07-4027-84a1-813f90a7c8d6\"  width=\"480\"\/><\/a><\/li>\n<\/ul>\n<p> Oppdatert onsdag 15. oktober kl. 23:07     <\/p>\n<p class=\"_paragraph_o9xde_4 _paragraph_xtcu6_10 layout-component text-serif-m layout-normal text-serif-m layout-padded\">Hun doblet den franske hjemmeledelsen rett f\u00f8r pause. Midt i boksen timet hun bevegelsene sine perfekt og fikk hodet p\u00e5 et innlegg.<\/p>\n<p class=\"_paragraph_o9xde_4 _paragraph_xtcu6_10 layout-component text-serif-m layout-normal text-serif-m layout-padded\">Det var Hegerbergs 67. m\u00e5l p\u00e5 77 kamper i Champions League, og ingen er i n\u00e6rheten av \u00e5 ha s\u00e5 mange i turneringens historie. N\u00e6rmest er Anja Mittag p\u00e5 51.<\/p>\n<p class=\"_paragraph_o9xde_4 _paragraph_xtcu6_10 layout-component text-serif-m layout-normal text-serif-m layout-padded\">Scoringen var 30-\u00e5ringens f\u00f8rste siden hun fikk nettsus i den franske ligaen 7. september. Tidligere p\u00e5 dagen ble spissveteranen tatt ut i Norges tropp til den kommende landskampen mot Japan.<\/p>\n<p class=\"_paragraph_o9xde_4 _paragraph_xtcu6_10 layout-component text-serif-m layout-normal text-serif-m layout-padded\">Jule Brand ga OL Lyonnes ledelsen etter en snau halvtime, mens Lily Yohannes \u00f8kte til 3-0 tidlig etter hvilen. Storklubben st\u00e5r med full pott etter to kamper og er blant favorittene til \u00e5 vinne mesterligaen.<\/p>\n<p class=\"_paragraph_o9xde_4 _paragraph_xtcu6_10 layout-component text-serif-m layout-normal text-serif-m layout-padded\">Ingrid Syrstad Engen ble sittende p\u00e5 hjemmelagets benk gjennom hele oppgj\u00f8ret.<\/p>\n<p class=\"_paragraph_o9xde_4 _paragraph_xtcu6_10 layout-component text-serif-m layout-normal text-serif-m layout-padded\">Senere p\u00e5 kvelden slapp Caroline Graham Hansen til med en dr\u00f8y halvtime igjen og scoret p\u00e5 tampen i Barcelonas 4-0-seier borte mot Roma. Emilie Haavi startet for vertene og ble byttet ut midtveis i 2. omgang.<\/p>\n<p class=\"_paragraph_o9xde_4 _paragraph_xtcu6_10 layout-component text-serif-m layout-normal text-serif-m layout-padded\">Barcelona topper CL-tabellen med seks poeng og 11-1 i m\u00e5lscore. I andre enden er Roma med null poeng og sju minusm\u00e5l.<\/p>\n<p class=\"_paragraph_o9xde_4 _paragraph_xtcu6_10 layout-component text-serif-m layout-normal text-serif-m layout-padded\">Guro Reiten fikk 35 minutter som innbytter da Chelsea knuste Paris FC 4-0 p\u00e5 Stamford Bridge. London-laget har plukket fire poeng.<\/p>\n","protected":false},"excerpt":{"rendered":"Ada Hegerberg \u00e5pnet m\u00e5lkontoen i mesterligaen p\u00e5 en kraftfull heading da OL Lyonnes banket St. P\u00f6lten 3-0. Ada&hellip;\n","protected":false},"author":2,"featured_media":61550,"comment_status":"","ping_status":"","sticky":false,"template":"","format":"standard","meta":{"footnotes":""},"categories":[59],"tags":[9000,451,9001,92,9002,557,30,28,29,83,82,3373],"class_list":{"0":"post-61549","1":"post","2":"type-post","3":"status-publish","4":"format-standard","5":"has-post-thumbnail","7":"category-sport","8":"tag-ada-hegerberg","9":"tag-caroline-graham-hansen","10":"tag-emilie-haavi","11":"tag-fotball","12":"tag-guro-reiten","13":"tag-ingrid-syrstad-engen","14":"tag-no","15":"tag-norge","16":"tag-norway","17":"tag-sport","18":"tag-sports","19":"tag-womens-champions-league"},"share_on_mastodon":{"url":"","error":""},"_links":{"self":[{"href":"https:\/\/www.europesays.com\/no\/wp-json\/wp\/v2\/posts\/61549","targetHints":{"allow":["GET"]}}],"collection":[{"href":"https:\/\/www.europesays.com\/no\/wp-json\/wp\/v2\/posts"}],"about":[{"href":"https:\/\/www.europesays.com\/no\/wp-json\/wp\/v2\/types\/post"}],"author":[{"embeddable":true,"href":"https:\/\/www.europesays.com\/no\/wp-json\/wp\/v2\/users\/2"}],"replies":[{"embeddable":true,"href":"https:\/\/www.europesays.com\/no\/wp-json\/wp\/v2\/comments?post=61549"}],"version-history":[{"count":0,"href":"https:\/\/www.europesays.com\/no\/wp-json\/wp\/v2\/posts\/61549\/revisions"}],"wp:featuredmedia":[{"embeddable":true,"href":"https:\/\/www.europesays.com\/no\/wp-json\/wp\/v2\/media\/61550"}],"wp:attachment":[{"href":"https:\/\/www.europesays.com\/no\/wp-json\/wp\/v2\/media?parent=61549"}],"wp:term":[{"taxonomy":"category","embeddable":true,"href":"https:\/\/www.europesays.com\/no\/wp-json\/wp\/v2\/categories?post=61549"},{"taxonomy":"post_tag","embeddable":true,"href":"https:\/\/www.europesays.com\/no\/wp-json\/wp\/v2\/tags?post=61549"}],"curies":[{"name":"wp","href":"https:\/\/api.w.org\/{rel}","templated":true}]}}