{"id":61555,"date":"2025-10-15T22:42:19","date_gmt":"2025-10-15T22:42:19","guid":{"rendered":"https:\/\/www.europesays.com\/no\/61555\/"},"modified":"2025-10-15T22:42:19","modified_gmt":"2025-10-15T22:42:19","slug":"ordforerkandidat-vil-arrestere-netanyahu-hvis-han-kommer-til-new-york","status":"publish","type":"post","link":"https:\/\/www.europesays.com\/no\/61555\/","title":{"rendered":"Ordf\u00f8rerkandidat vil arrestere Netanyahu hvis han kommer til New York"},"content":{"rendered":"\n<p class=\"_lead_o9xde_2 _lead_xtcu6_50 layout-component text-serif-m layout-normal text-serif-l layout-component layout-wide layout-padded _wide_17hqh_1 layout-padded\">Zohran Mamdani mener det er for tidlig \u00e5 gi Trump \u00e6ren for v\u00e5penhvilen.<\/p>\n<p><img alt=\"Den demokratiske borgermesterkandidaten i New York, Zohran Mamdani Foto: Evan Agostini \/ AP \/ NTB\" class=\"_image_qp4xg_65 layout-component layout-wide\" data-fullscreen- data-track-element-type=\"Article image fullscreen\" data-track-name=\"ImageFullscreen\" fetchpriority=\"high\" decoding=\"sync\" loading=\"eager\" height=\"2359\" itemprop=\"image\"  src=\"https:\/\/www.europesays.com\/no\/wp-content\/uploads\/2025\/10\/d38a3631-c9b6-432f-8169-a57ac5e4a3dd\"  style=\"object-position:0% 0%\" width=\"3500\"\/>Den demokratiske borgermesterkandidaten i New York, Zohran Mamdani Foto: Evan Agostini \/ AP \/ NTB<\/p>\n<ul aria-hidden=\"true\" class=\"_images_1y6fe_106\">\n<li><a class=\"_link_1y6fe_111\" href=\"https:\/\/www.vg.no\/forfatter\/kari-aarstad-aase\" style=\"z-index:1\" title=\"Kari Aarstad Aase\" rel=\"nofollow noopener\" target=\"_blank\"><img alt=\"Bilde av Kari Aarstad Aase\" class=\"_image_1y6fe_88\" fetchpriority=\"low\" loading=\"lazy\" decoding=\"async\" itemprop=\"image\"  src=\"https:\/\/www.europesays.com\/no\/wp-content\/uploads\/2025\/10\/1760568138_31_0dbde33e-6d8e-4680-8e4f-e2a64281e2b8\"  width=\"480\"\/><\/a><\/li>\n<\/ul>\n<p> Oppdatert torsdag 16. oktober kl. 00:29     <\/p>\n<p class=\"_paragraph_o9xde_4 _paragraph_xtcu6_10 layout-component text-serif-m layout-normal text-serif-m layout-padded\">Den demokratiske borgermesterkandidaten i <a href=\"https:\/\/www.vg.no\/tag\/new-york?utm_source=vg-article&amp;utm_medium=auto-tagger&amp;utm_campaign=xmGoBB\" class=\"_link_o9xde_39\" rel=\"nofollow noopener\" target=\"_blank\">New York<\/a>, Zohran Mamdani, sier han vil f\u00f8lge opp arrestordrer fra Den internasjonale straffedomstolen hvis noen som er etterlyst bes\u00f8ker byen.<\/p>\n<p class=\"_paragraph_o9xde_4 _paragraph_xtcu6_10 layout-component text-serif-m layout-normal text-serif-m layout-padded\">\u2013 Dette er en by som tror p\u00e5 internasjonal lov, sa Mamdani til Fox News onsdag, if\u00f8lge <a href=\"https:\/\/www.nbcnews.com\/politics\/politics-news\/zohran-mamdani-trump-credit-too-early-negotiate-gaza-ceasefire-israel-rcna237866\" class=\"_link_o9xde_39\" rel=\"nofollow noopener\" target=\"_blank\">NBC News<\/a>.<\/p>\n<p><img alt=\"Foto: CHARLY TRIBALLEAU \/ AFP \/ NTB\" class=\"_image_qp4xg_65 layout-component layout-normal\" data-fullscreen- data-track-element-type=\"Article image fullscreen\" data-track-name=\"ImageFullscreen\" decoding=\"async\" loading=\"lazy\" height=\"2759\" itemprop=\"image\"  src=\"https:\/\/www.europesays.com\/no\/wp-content\/uploads\/2025\/10\/e0dfa154-1b4f-45e4-a20f-8cdcda90f435\"  style=\"object-position:0% 0%\" width=\"4137\"\/>Foto: CHARLY TRIBALLEAU \/ AFP \/ NTB<\/p>\n<p class=\"_paragraph_o9xde_4 _paragraph_xtcu6_10 layout-component text-serif-m layout-normal text-serif-m layout-padded\">Netanyahu er etterlyst av Den internasjonale straffedomstolen (ICC). Mamdani sa han ikke vil lage ny lovgivning, men vil \u00abutnytte alle juridiske muligheter\u00bb for \u00e5 arrestere noen som er etterlyst av ICC.<\/p>\n<p class=\"_paragraph_o9xde_4 _paragraph_xtcu6_10 layout-component text-serif-m layout-normal text-serif-m layout-padded\">Mamdani, som vant det demokratiske prim\u00e6rvalget i juni, er ogs\u00e5 skeptisk til \u00e5 gi president Donald Trump \u00e6ren for v\u00e5penhvilen mellom Israel og Hamas.<\/p>\n<p><img alt=\"Foto: Suzanne Plunkett \/ AP \/ NTB\" class=\"_image_qp4xg_65 layout-component layout-normal\" data-fullscreen- data-track-element-type=\"Article image fullscreen\" data-track-name=\"ImageFullscreen\" decoding=\"async\" loading=\"lazy\" height=\"2229\" itemprop=\"image\"  src=\"https:\/\/www.europesays.com\/no\/wp-content\/uploads\/2025\/10\/e3579a3a-27e8-424b-bb06-27e6945eb8e2\"  style=\"object-position:0% 0%\" width=\"3343\"\/>Foto: Suzanne Plunkett \/ AP \/ NTB<\/p>\n<p class=\"_paragraph_o9xde_4 _paragraph_xtcu6_10 layout-component text-serif-m layout-normal text-serif-m layout-padded\">\u2013 Jeg tror det er for tidlig \u00e5 gj\u00f8re det, sa han.<\/p>\n<p class=\"_paragraph_o9xde_4 _paragraph_xtcu6_10 layout-component text-serif-m layout-normal text-serif-m layout-padded\">\u2013 Hvis det viser seg \u00e5 v\u00e6re noe som varer, noe som er holdbart, da tror jeg det er der du gir \u00e6ren.<\/p>\n<p class=\"_paragraph_o9xde_4 _paragraph_xtcu6_10 layout-component text-serif-m layout-normal text-serif-m layout-padded\">Mamdani har lenge st\u00f8ttet anerkjennelse av Palestina som stat og kalt krigen i Gaza for folkemord. Han uttrykte bekymring for at v\u00e5penhvilen ikke vil vare, og viste til rapporter om at israelske soldater drepte fem palestinere tirsdag.<\/p>\n<p class=\"_paragraph_o9xde_4 _paragraph_xtcu6_10 layout-component text-serif-m layout-normal text-serif-m layout-padded\">\u2013 Det er det som gir meg grunn til \u00e5 v\u00e6re forsiktig med \u00e5 gi ros eller feire i et \u00f8yeblikk n\u00e5r det fortsatt er i sin spede begynnelse, sa han.<\/p>\n<p>Kjemper mot Mamdani<\/p>\n<p class=\"_paragraph_o9xde_4 _paragraph_xtcu6_10 layout-component text-serif-m layout-normal text-serif-m layout-padded\">Onsdag kveld ble det ogs\u00e5 kjent at milliard\u00e6ren Bill Ackman har donert \u00e9n million dollar til en organisasjon som jobber mot den demokratiske  borgermesterkandidaten Zohran Mamdani i New York, melder\u00a0<a href=\"https:\/\/www.politico.com\/news\/2025\/10\/15\/bill-ackman-donates-to-anti-mamdani-effort-00609490\" class=\"_link_o9xde_39\" rel=\"nofollow noopener\" target=\"_blank\">Politico<\/a>.<\/p>\n<p><img alt=\"Bill Ackman   Foto: Manuel Balce Ceneta \/ AP \/ NTB\" class=\"_image_qp4xg_65 layout-component layout-normal\" data-fullscreen- data-track-element-type=\"Article image fullscreen\" data-track-name=\"ImageFullscreen\" decoding=\"async\" loading=\"lazy\" height=\"3328\" itemprop=\"image\"  src=\"https:\/\/www.europesays.com\/no\/wp-content\/uploads\/2025\/10\/5181a2e5-2bbf-4f64-93f2-dfa59ebaf288\"  style=\"object-position:0% 0%\" width=\"4824\"\/>Bill Ackman   Foto: Manuel Balce Ceneta \/ AP \/ NTB<\/p>\n<p class=\"_paragraph_o9xde_4 _paragraph_xtcu6_10 layout-component text-serif-m layout-normal text-serif-m layout-padded\">Ackman, som er en prominent st\u00f8ttespiller av president Donald Trump, ga pengene til super PAC-en \u00abDefend NYC\u00bb. Det er den st\u00f8rste donasjonen til organisasjonen, som har som m\u00e5l \u00e5 hindre den 33 \u00e5r gamle Mamdani fra \u00e5 bli borgermester.<\/p>\n<p class=\"_paragraph_o9xde_4 _paragraph_xtcu6_10 layout-component text-serif-m layout-normal text-serif-m layout-padded\">Mamdani leder med 13 prosentpoeng over Andrew Cuomo i en fersk meningsm\u00e5ling fra Quinnipiac University. Likevel er flere rike New York-borgere villige til \u00e5 bruke store summer for \u00e5 stoppe ham.<\/p>\n<p class=\"_paragraph_o9xde_4 _paragraph_xtcu6_10 layout-component text-serif-m layout-normal text-serif-m layout-padded\">Ackman har tidligere gitt en halv million dollar til en annen organisasjon som st\u00f8tter Cuomo. Den nye donasjonen gj\u00f8r ham til en av de st\u00f8rste giverne i borgermestervalget.<\/p>\n<p class=\"_paragraph_o9xde_4 _paragraph_xtcu6_10 layout-component text-serif-m layout-normal text-serif-m layout-padded\">\u2013 Milliard\u00e6rer som Bill Ackman kan ikke t\u00e5le tanken p\u00e5 at New York-borgere skal velge sin neste borgermester, s\u00e5 han gj\u00f8r det eneste han kan: kaster penger p\u00e5 dette valget, sier Mamadanis talsmann Dora Pekec, if\u00f8lge <a href=\"https:\/\/thearabdailynews.com\/2025\/10\/15\/mamdani-campaign-criticizes-trump-billionaire-bill-ackman-1-million-donation-to-andrew-cuomo\/\" class=\"_link_o9xde_39\" rel=\"nofollow noopener\" target=\"_blank\">The Arab Daily News.<\/a><\/p>\n<p>Les ogs\u00e5<\/p>\n","protected":false},"excerpt":{"rendered":"Zohran Mamdani mener det er for tidlig \u00e5 gi Trump \u00e6ren for v\u00e5penhvilen. Den demokratiske borgermesterkandidaten i New&hellip;\n","protected":false},"author":2,"featured_media":61556,"comment_status":"","ping_status":"","sticky":false,"template":"","format":"standard","meta":{"footnotes":""},"categories":[12],"tags":[20,21,9003,55,24,25,15,22,23,97,13,30,28,29,14,16,26,27,42,46,43,44,45],"class_list":{"0":"post-61555","1":"post","2":"type-post","3":"status-publish","4":"format-standard","5":"has-post-thumbnail","7":"category-verden","8":"tag-breaking-news","9":"tag-breakingnews","10":"tag-den-internasjonale-straffedomstolen","11":"tag-donald-trump","12":"tag-featured-news","13":"tag-featurednews","14":"tag-headlines","15":"tag-latest-news","16":"tag-latestnews","17":"tag-new-york","18":"tag-news","19":"tag-no","20":"tag-norge","21":"tag-norway","22":"tag-nyheter","23":"tag-overskrifter","24":"tag-top-stories","25":"tag-topstories","26":"tag-verden","27":"tag-vgai","28":"tag-world","29":"tag-world-news","30":"tag-worldnews"},"share_on_mastodon":{"url":"","error":""},"_links":{"self":[{"href":"https:\/\/www.europesays.com\/no\/wp-json\/wp\/v2\/posts\/61555","targetHints":{"allow":["GET"]}}],"collection":[{"href":"https:\/\/www.europesays.com\/no\/wp-json\/wp\/v2\/posts"}],"about":[{"href":"https:\/\/www.europesays.com\/no\/wp-json\/wp\/v2\/types\/post"}],"author":[{"embeddable":true,"href":"https:\/\/www.europesays.com\/no\/wp-json\/wp\/v2\/users\/2"}],"replies":[{"embeddable":true,"href":"https:\/\/www.europesays.com\/no\/wp-json\/wp\/v2\/comments?post=61555"}],"version-history":[{"count":0,"href":"https:\/\/www.europesays.com\/no\/wp-json\/wp\/v2\/posts\/61555\/revisions"}],"wp:featuredmedia":[{"embeddable":true,"href":"https:\/\/www.europesays.com\/no\/wp-json\/wp\/v2\/media\/61556"}],"wp:attachment":[{"href":"https:\/\/www.europesays.com\/no\/wp-json\/wp\/v2\/media?parent=61555"}],"wp:term":[{"taxonomy":"category","embeddable":true,"href":"https:\/\/www.europesays.com\/no\/wp-json\/wp\/v2\/categories?post=61555"},{"taxonomy":"post_tag","embeddable":true,"href":"https:\/\/www.europesays.com\/no\/wp-json\/wp\/v2\/tags?post=61555"}],"curies":[{"name":"wp","href":"https:\/\/api.w.org\/{rel}","templated":true}]}}