{"id":61558,"date":"2025-10-15T23:45:17","date_gmt":"2025-10-15T23:45:17","guid":{"rendered":"https:\/\/www.europesays.com\/no\/61558\/"},"modified":"2025-10-15T23:45:17","modified_gmt":"2025-10-15T23:45:17","slug":"statsselskapene-betaler-sine-sjefer-godt","status":"publish","type":"post","link":"https:\/\/www.europesays.com\/no\/61558\/","title":{"rendered":"Statsselskapene betaler sine sjefer godt"},"content":{"rendered":"<p>    Kort fortalt<\/p>\n<p lang=\"nb-NO\">Statkraft og Posten har de h\u00f8yeste lederl\u00f8nningene blant statlige selskaper heleid av N\u00e6rings- og fiskeridepartementet.<\/p>\n<p lang=\"nb-NO\">Staten forventer betydelig avkastning fra mange av sine selskaper.<\/p>\n<p class=\"italic ai-disclaimer\" data-lab-italic=\"italic\">Sammendraget er laget av ChatGPT og godkjent av B\u00f8rsen.<\/p>\n<p>      Vis mer<br \/>\n      Vis mindre<\/p>\n<p>Statkraft har trolig utbetalt h\u00f8yest lederl\u00f8nn blant de heleide statlige selskapene, eid av N\u00e6rings- og fiskeridepartementet, i 2024. Det kommer fram i statsbudsjettforslaget for 2026 og fra selskapenes egne lederl\u00f8nnsrapporter.\u00a0<\/p>\n<p>Statkraft hadde et lederbytte i fjor. Christian-Rynning T\u00f8nnesen (66) var konsernsjef fram til 31. mars 2024, og fikk 2,2 millioner i godtgj\u00f8relse for det. Han sa senere p\u00e5 \u00e5ret fra seg en gullkantet sluttavtale i Statkraft, da kan begynte i Aker-selskapet\u00a0ICP Infrastructure.<\/p>\n<p>        I dag ble statsbudsjettet for 2026 lagt fram p\u00e5 Stortinget.<br \/>\nI dag ble statsbudsjettet for 2026 lagt fram p\u00e5 Stortinget. Dette betyr det for deg. Video: Embla Hjort-Larsen \/ Storyblocks \/ NTB<\/p>\n<p>I 2024-regnskapet til private ICP infrastructure st\u00e5r det at Rynning-T\u00f8nnesen fikk en samlet godtgj\u00f8relse, inkludert pensjon og annet, p\u00e5 dr\u00f8ye 10,7 millioner kroner, for fire og en halv m\u00e5neds arbeid i 2024. L\u00f8nn utgjorde da 10,6 millioner kroner, skrev Dagens N\u00e6ringsliv i sommer.<\/p>\n<p>          <img loading=\"lazy\" decoding=\"async\" src=\"https:\/\/www.europesays.com\/no\/wp-content\/uploads\/2025\/10\/83727822.webp\" width=\"980\" height=\"559\" title=\"BETTER OFF: Tidligere konsernsjef Christian Rynning-T\u00f8nnesen (66) kom mye bedre ut i det private. Dit gikk han ogs\u00e5 til slutt. Foto: Rodrigo Freitas \/ NTB\" alt=\"\" class=\"\" style=\"--aspect-ratio-image: 1.75; \"\/><\/p>\n<p>\n          BETTER OFF: Tidligere konsernsjef Christian Rynning-T\u00f8nnesen (66) kom mye bedre ut i det private. Dit gikk han ogs\u00e5 til slutt. Foto: Rodrigo Freitas \/ NTB\n      <\/p>\n<p>Mens Birgitte Ringstad Vartdal (48) var konsernsjef i Statkraft fra 1. april 2024, og fikk 6,6 millioner i samlet kompensasjon for det, for \u00e5ret 2024.\u00a0 Dermed blir samlet utlegg i 2024 for Statkraft for konsernsjefposten 8,8 millioner kroner, samt det de m\u00e5tte ha betalt ut p\u00e5 Rynning-T\u00f8nnesens sluttavtale.<\/p>\n<p>\u00a0Vartdal hadde nesten 1 million i bonus (variabel l\u00f8nn) i fjor.<\/p>\n<p>    <a itemprop=\"url\" href=\"https:\/\/borsen.dagbladet.no\/nyheter\/fikk-35-millioner-for-en-maned\/83722032\" rel=\"nofollow noopener\" target=\"_blank\"><\/p>\n<p>      <img loading=\"lazy\" decoding=\"async\" src=\"https:\/\/www.europesays.com\/no\/wp-content\/uploads\/2025\/10\/83723288.webp\" width=\"980\" height=\"441\" title=\"Fikk 3,5 millioner for \u00e9n m\u00e5ned\" alt=\"\" class=\"lazyload\" style=\"--aspect-ratio-image: 2.22; \"\/><\/p>\n<p>        Fikk 3,5 millioner for \u00e9n m\u00e5ned<\/p>\n<p>    <\/a><\/p>\n<p>Men dette er innenfor Statens retningslinjer for direkteeide selskaper, som setter et tak p\u00e5 at maksimalt 25 prosent av godtgj\u00f8relsen skal v\u00e6re bonus, og 55 prosent n\u00e5r aksjeprogrammer er inkludert.<\/p>\n<p>Avtalt grunnl\u00f8nn for konsernsjef i Statkraft var fra sommeren 2024 p\u00e5 7,1 millioner kroner.<\/p>\n<p>Delt f\u00f8rsteplass\t<\/p>\n<p>F\u00f8rsteplassen m\u00e5 nok deles med statlig heleide Posten Bring AS, som ogs\u00e5 brukte rundt 9 millioner p\u00e5 konsernsjefer i fjor.\u00a0 Konsernsjefbyttet gjorde det nok ogs\u00e5 her ekstra dyrt.<\/p>\n<p>          <img loading=\"lazy\" decoding=\"async\" src=\"https:\/\/www.europesays.com\/no\/wp-content\/uploads\/2025\/10\/83728570.webp\" width=\"980\" height=\"559\" title=\"POSTEN-SJEF: Petter-B\u00f8rre Furberg (58) i Posten Bring ble konsernsjef i siste del av 2024, og hadde noe overlapping med forgjengeren, Tone Wille. Foto: Thomas Fure \/ NTB\" alt=\"\" class=\"\" style=\"--aspect-ratio-image: 1.75; \"\/><\/p>\n<p>\n          POSTEN-SJEF: Petter-B\u00f8rre Furberg (58) i Posten Bring ble konsernsjef i siste del av 2024, og hadde noe overlapping med forgjengeren, Tone Wille. Foto: Thomas Fure \/ NTB\n      <\/p>\n<p>Konsernsjef Petter-B\u00f8rre Furberg (58) i Posten Bring hadde en \u00e5rsl\u00f8nn ved<br \/>\nutl\u00f8pet av 2024 p\u00e5 6,45 millioner, men fungerte bare fra<br \/>\naugust og fikk utbetalt knapt 2,7 pluss i naturalytelser og hadde f\u00e5tt opptjent\/innbetalt pensjon. Totalpakken var 2,9 millioner kroner.<\/p>\n<p> Avtroppende konsernsjef Tone Wille i\u00a0 (62)\u00a0 Posten Bring fungerte som konsernsjef ut<br \/>\nseptember. Total godtgj\u00f8relse til Wille ble p\u00e5 dr\u00f8yt 6 millioner i 2024.<\/p>\n<p>Dermed hadde Posten Bring ogs\u00e5 rundt 9 millioner i utgifter til konsernsjefer i 2024.<\/p>\n<p>    <a itemprop=\"url\" href=\"https:\/\/www.dagbladet.no\/nyheter\/tar-av-13-400-kroner\/83728572\" rel=\"nofollow noopener\" target=\"_blank\"><\/p>\n<p>      <img loading=\"lazy\" decoding=\"async\" src=\"https:\/\/www.europesays.com\/no\/wp-content\/uploads\/2025\/10\/83728583.webp\" width=\"980\" height=\"441\" title=\"Tar av: 13 400 kroner\" alt=\"\" class=\"lazyload\" style=\"--aspect-ratio-image: 2.22; \"\/><\/p>\n<p>        Tar av: 13 400 kroner<\/p>\n<p>    <\/a><\/p>\n<p>Investeringer p\u00e5 andreplass\t<\/p>\n<p>P\u00e5 en annenplass kommer Argentum Fondsinvesteringer, blant de heleide statlige selskapene,\u00a0der konsernsjefen i 2024 hadde rundt 7 millioner i samlet kompensasjon.<\/p>\n<p>P\u00e5 tredjeplassen kommer Petoro, som &#8211; uten konkurranse &#8211; forvalter Statens direkte \u00f8konomiske engasjement i oljesektoren. Her hadde konsernsjefen en samlet kompensasjon p\u00e5 dr\u00f8yt 6 millioner i 2024.<\/p>\n<p>Forventer avkastning\t<\/p>\n<p>Mesta inntok fjerdeplassen, der samlet kompensasjon til konsernsjefen utgjorde temmelig n\u00f8yaktig 5 millioner.<\/p>\n<p>          <img loading=\"lazy\" decoding=\"async\" src=\"https:\/\/www.europesays.com\/no\/wp-content\/uploads\/2025\/10\/83727891.webp\" width=\"980\" height=\"559\" title=\"I AKSJON: Her fors\u00f8ker Mesta \u00e5 dirigere trafikken under et sn\u00f8fall i Agder. Foto: Tor Erik Schr\u00f8der \/ NTB\" alt=\"\" class=\"\" style=\"--aspect-ratio-image: 1.75; \"\/><\/p>\n<p>\n          I AKSJON: Her fors\u00f8ker Mesta \u00e5 dirigere trafikken under et sn\u00f8fall i Agder. Foto: Tor Erik Schr\u00f8der \/ NTB\n      <\/p>\n<p>I alle disse selskapene, unntatt Petoro, forventer staten mest mulig avkastning innenfor \u00abb\u00e6rekraftige rammer\u00bb.<\/p>\n<p>Vy, tidligere kalt Norges statsbaner (NSB), er eid av Samferdselsdepartementet. Men ogs\u00e5 her forventer staten mest mulig avkastning. Selskapet, som n\u00e5 lever i konkurranse, hadde en konsernsjef-kompensasjon p\u00e5 nesten fem millioner i fjor.<\/p>\n<p>    <a itemprop=\"url\" href=\"https:\/\/www.dagbladet.no\/nyheter\/beklager-debatten-uttalelse\/83719049\" rel=\"nofollow noopener\" target=\"_blank\"><\/p>\n<p>      <img loading=\"lazy\" decoding=\"async\" src=\"https:\/\/www.europesays.com\/no\/wp-content\/uploads\/2025\/10\/83719056.webp\" width=\"980\" height=\"441\" title=\"Beklager \u00abDebatten\u00bb-uttalelse\" alt=\"\" class=\"lazyload\" style=\"--aspect-ratio-image: 2.22; \"\/><\/p>\n<p>        Beklager \u00abDebatten\u00bb-uttalelse<\/p>\n<p>    <\/a><\/p>\n<p>Avinor, som driver landets flyplasser,\u00a0\u00a0hadde en samlet kompensasjon til konsernsjefen p\u00e5 ca 4 millioner i 2024. Bane NOR, som eier jernbanens infrastruktur, hadde en samlet kompensasjon for konsernsjefen i 2024 p\u00e5 3,7 millioner. Ingen av de to har konkurranse. Begge selskaper er eid av Samferdselsdepartementet.<\/p>\n<p>    <a itemprop=\"url\" href=\"https:\/\/borsen.dagbladet.no\/nyheter\/slakter-oslofjordgrep-en-vits\/83727429\" rel=\"nofollow noopener\" target=\"_blank\"><\/p>\n<p>      <img loading=\"lazy\" decoding=\"async\" src=\"https:\/\/www.europesays.com\/no\/wp-content\/uploads\/2025\/10\/83276295.webp\" width=\"980\" height=\"441\" title=\"Slakter Oslofjord\u2011grep: - En vits!\" alt=\"\" class=\"lazyload\" style=\"--aspect-ratio-image: 2.22; \"\/><\/p>\n<p>        Slakter Oslofjord\u2011grep: &#8211; En vits!<\/p>\n<p>    <\/a><\/p>\n<p>Betydelig utbytte\t<\/p>\n<p>Staten forventer direkte inntekter fra statsselskapene i N\u00e6rings- og fiskeridepartementet p\u00e5 285 millioner p\u00e5 statsbudsjettet neste \u00e5r, noe som er betydelig ned fra i fjor. Brorparten, 229 millioner, skal komme fra Statens direkte \u00f8konomiske engasjement i oljesektoren, alts\u00e5 via Petoro.<\/p>\n<p>Da regjeringen presenterte eiermeldingen i juni sa n\u00e6ringsminister Cecilie Myrseth (Ap) om de n\u00e6r 70 statlige selskapene i 2024:<\/p>\n<p>          <img loading=\"lazy\" decoding=\"async\" src=\"https:\/\/www.europesays.com\/no\/wp-content\/uploads\/2025\/10\/83727929.webp\" width=\"980\" height=\"559\" title=\"UTBYTTE. N\u00e6ringsminister Cecilie Myrseth forventer betydelig avkastning fra mange av statsselskapene. Foto: J\u00f8rn H. Moen \/ Dagbladet,\" alt=\"\" class=\"\" style=\"--aspect-ratio-image: 1.75; \"\/><\/p>\n<p>\n          UTBYTTE. N\u00e6ringsminister Cecilie Myrseth forventer betydelig avkastning fra mange av statsselskapene. Foto: J\u00f8rn H. Moen \/ Dagbladet,\n      <\/p>\n<p>&#8211; P\u00e5 tross av et urolig \u00e5r bidro det statlige eierskapet gjennom utbytter og tilbakekj\u00f8psprogram med til sammen 151,2 milliarder kroner til felleskapet.<\/p>\n<p>Her inng\u00e5r ogs\u00e5 statlig deleierskap, som i Telenor, Equinor, Norsk Hydro Yara og Kongsberg Gruppen. Dr\u00f8yt 100 milliarder kroner er utbytter.<\/p>\n<p>Fikk oppstrammer\t<\/p>\n<p>Jenbaneentrepren\u00f8r Baneservice er eid av N\u00e6rings- og fiskeridepartementet. Der hadde konsernsjefen en samlet kompensasjon p\u00e5 2,8 millioner i 2024, mens finansdirekt\u00f8ren l\u00e5 p\u00e5 omtrent det samme.<\/p>\n<p>Baneservice-konsernsjef Kjersti Kanne hadde imidlertid et kraftig hopp i fastl\u00f8nnen fra 2023 til 2024, skrev Nettavisen i fjor. Da minnet N\u00e6rings- og fiskeridepartementet om nye regler for lederl\u00f8nninger i statlige selskaper, og skrev f\u00f8lgende til selskapet sitt:\u00a0<\/p>\n<p class=\"italic m-italic\" data-lab-italic=\"italic\">\u00abFor fremtidige l\u00f8nnsjusteringer<br \/>\nunderstreker NFD statens forventning om at styrene ivaretar hensynet til moderasjon ved<br \/>\nfastsettelse av godtgj\u00f8relse til ledende ansatte. Det er verken i selskapets eller eiernes<br \/>\ninteresse om selskapet betaler mer i godtgj\u00f8relse enn n\u00f8dvendig.\u00a0\u00bb<\/p>\n<p>    <a itemprop=\"url\" href=\"https:\/\/www.dagbladet.no\/sport\/svimlende-sum\/83626392\" rel=\"nofollow noopener\" target=\"_blank\"><\/p>\n<p>      <img loading=\"lazy\" decoding=\"async\" src=\"https:\/\/www.europesays.com\/no\/wp-content\/uploads\/2025\/10\/1760571917_19_83626940.webp\" width=\"980\" height=\"441\" title=\"Svimlende sum\" alt=\"\" class=\"lazyload\" style=\"--aspect-ratio-image: 2.22; \"\/><\/p>\n<p>        Svimlende sum<\/p>\n<p>    <\/a><\/p>\n<p class=\"no_italic m-no_italic\" data-lab-italic=\"\">NFD ville ha ned bonus-elementet og kom med nye statlige regler i 2022. Men flere selskaper svarte med \u00e5 sette opp fastl\u00f8nnen, skrev Dagens N\u00e6ringsliv.<\/p>\n<p>Langt over statsministeren<\/p>\n<p class=\"no_italic m-no_italic\" data-lab-italic=\"\">Til sammenligning ligger statsminister Jonas Gahr St\u00f8re (65) i 2025 p\u00e5 2,1 millioner kroner i l\u00f8nn, uten noe bonus-element.\u00a0<\/p>\n<p class=\"no_italic m-no_italic\" data-lab-italic=\"\">Alle som her er listet opp, ligger alts\u00e5 h\u00f8yt over det.<\/p>\n","protected":false},"excerpt":{"rendered":"Kort fortalt Statkraft og Posten har de h\u00f8yeste lederl\u00f8nningene blant statlige selskaper heleid av N\u00e6rings- og fiskeridepartementet. Staten&hellip;\n","protected":false},"author":2,"featured_media":61559,"comment_status":"","ping_status":"","sticky":false,"template":"","format":"standard","meta":{"footnotes":""},"categories":[5],"tags":[20,21,24,25,15,19,22,23,8921,17,18,13,30,28,29,14,16,9004,8578,26,27],"class_list":{"0":"post-61558","1":"post","2":"type-post","3":"status-publish","4":"format-standard","5":"has-post-thumbnail","7":"category-overskrifter","8":"tag-breaking-news","9":"tag-breakingnews","10":"tag-featured-news","11":"tag-featurednews","12":"tag-headlines","13":"tag-hovedoppslag","14":"tag-latest-news","15":"tag-latestnews","16":"tag-lederlonn-i-staten","17":"tag-main-news","18":"tag-mainnews","19":"tag-news","20":"tag-no","21":"tag-norge","22":"tag-norway","23":"tag-nyheter","24":"tag-overskrifter","25":"tag-statlig-eierskap","26":"tag-statsbudsjettet","27":"tag-top-stories","28":"tag-topstories"},"share_on_mastodon":{"url":"","error":""},"_links":{"self":[{"href":"https:\/\/www.europesays.com\/no\/wp-json\/wp\/v2\/posts\/61558","targetHints":{"allow":["GET"]}}],"collection":[{"href":"https:\/\/www.europesays.com\/no\/wp-json\/wp\/v2\/posts"}],"about":[{"href":"https:\/\/www.europesays.com\/no\/wp-json\/wp\/v2\/types\/post"}],"author":[{"embeddable":true,"href":"https:\/\/www.europesays.com\/no\/wp-json\/wp\/v2\/users\/2"}],"replies":[{"embeddable":true,"href":"https:\/\/www.europesays.com\/no\/wp-json\/wp\/v2\/comments?post=61558"}],"version-history":[{"count":0,"href":"https:\/\/www.europesays.com\/no\/wp-json\/wp\/v2\/posts\/61558\/revisions"}],"wp:featuredmedia":[{"embeddable":true,"href":"https:\/\/www.europesays.com\/no\/wp-json\/wp\/v2\/media\/61559"}],"wp:attachment":[{"href":"https:\/\/www.europesays.com\/no\/wp-json\/wp\/v2\/media?parent=61558"}],"wp:term":[{"taxonomy":"category","embeddable":true,"href":"https:\/\/www.europesays.com\/no\/wp-json\/wp\/v2\/categories?post=61558"},{"taxonomy":"post_tag","embeddable":true,"href":"https:\/\/www.europesays.com\/no\/wp-json\/wp\/v2\/tags?post=61558"}],"curies":[{"name":"wp","href":"https:\/\/api.w.org\/{rel}","templated":true}]}}