{"id":61566,"date":"2025-10-16T00:14:46","date_gmt":"2025-10-16T00:14:46","guid":{"rendered":"https:\/\/www.europesays.com\/no\/61566\/"},"modified":"2025-10-16T00:14:46","modified_gmt":"2025-10-16T00:14:46","slug":"sliter-med-a-anbefale-yrket","status":"publish","type":"post","link":"https:\/\/www.europesays.com\/no\/61566\/","title":{"rendered":"\u2013 Sliter med \u00e5 anbefale yrket"},"content":{"rendered":"\n<ul class=\"_list_o9xde_3 _list_64s2r_85 _unordered_o9xde_106 text-sans-m\">\n<li class=\"_item_o9xde_30\">Etter drapet p\u00e5 en svensk ambulansearbeider advarer norske AMK-ledere om vold og trusler, og mer v\u00e5pen blant pasientene.<\/li>\n<li class=\"_item_o9xde_30\">Fagforeningsleder Christin \u00d8deg\u00e5rd Haslestad sier hun sliter med \u00e5 anbefale yrket, og vil ha nasjonal base for farlige pasienter.<\/li>\n<li class=\"_item_o9xde_30\">Statssekret\u00e6r Karl Kristian Bekeng sier det er foresl\u00e5tt endringer i taushetsplikt og deling.<\/li>\n<\/ul>\n<p>Vis mer <\/p>\n<p class=\"_paragraph_o9xde_4 _paragraph_xtcu6_10 layout-component text-serif-m layout-normal text-serif-m layout-padded\">VG har tidligere skrevet om hvordan norske ambulansearbeidere stiller krav om bedre muligheter for \u00e5 flagge farligeflagge farligePasienter som utgj\u00f8r en risiko for vold eller trusler merkes i et eget system. Dette gj\u00f8r det mulig for blant annet ambulansearbeidere \u00e5 planlegge for \u00e5 f\u00e5 bistand fra politiet ved spesielle helseoppdrag. pasienter, etter at en <a href=\"https:\/\/www.vg.no\/nyheter\/i\/o34AeW\/ambulansearbeider-doed-etter-overfall-i-sverige-mann-paagrepet-for-drap\" data-track-element-type=\"Link\" data-track-id=\"link:o34AeW\" class=\"_link_o9xde_39\" rel=\"nofollow noopener\" target=\"_blank\">svensk ambulansearbeider ble drept p\u00e5 jobb<\/a> i september. <\/p>\n<p class=\"_paragraph_o9xde_4 _paragraph_xtcu6_10 layout-component text-serif-m layout-normal text-serif-m layout-padded\">I dag finnes det ingen nasjonale retningslinjer for hvem som b\u00f8r flagges, eller systemer som gj\u00f8r det mulig \u00e5 dele denne informasjonen mellom politi, sykehus, legevakt og fastleger. <\/p>\n<p class=\"_paragraph_o9xde_4 _paragraph_xtcu6_10 layout-component text-serif-m layout-normal text-serif-m layout-padded\"><strong class=\"_strong_o9xde_25\">N\u00e5 reagerer lederne ved flere av Norges 16 AMK-sentralerAMK-sentralerAkuttmedisinsk kommunikasjonssentral (AMK) betjener n\u00f8dnummeret 113 og h\u00e5ndterer medisinsk n\u00f8dmelde- og kommunikasjonstjeneste.. <\/strong><\/p>\n<p class=\"_paragraph_o9xde_4 _paragraph_xtcu6_10 layout-component text-serif-m layout-normal text-serif-m layout-padded\">Samtidig forteller de om t\u00f8ffe arbeidsdager for ambulansearbeiderne. Om trusler, sjikane, psykisk og fysisk vold. <\/p>\n<p class=\"_paragraph_o9xde_4 _paragraph_xtcu6_10 layout-component text-serif-m layout-normal text-serif-m layout-padded\">\u2013 Vi har ingen medarbeidere \u00e5 miste, sier avdelingssjef for akuttmedisinsk avdeling i Helse Bergen, Tommy Nybakk, til VG. <\/p>\n<p>   <img decoding=\"async\" alt=\"Tips oss illustrasjon\" width=\"62px\" height=\"auto\" src=\"https:\/\/www.europesays.com\/no\/wp-content\/uploads\/2025\/08\/1754784428_95_W9avJzE.png\"\/>    <\/p>\n<p class=\"title-serif-s\">Har du tips til oss?<\/p>\n<p class=\"text-sans-m\">Send oss informasjon, bilder eller video<\/p>\n<p>  <a href=\"https:\/\/www.vg.no\/tips-oss\" rel=\"nofollow noopener\" target=\"_blank\"> Tips oss <\/a>   <img alt=\"Lokalmilj\u00f8et i Nordanstig kommune i \u00d8st-Sverige samlet seg i sorgen etter at en ambulansearbeider ble drept p\u00e5 jobb i september.   Foto: Mats Andersson\/TT \/ TT Nyhetsbyr\u00e5n \/ NTB\" class=\"_image_qp4xg_65 layout-component layout-normal\" data-fullscreen- data-track-element-type=\"Article image fullscreen\" data-track-name=\"ImageFullscreen\" decoding=\"async\" loading=\"lazy\" height=\"4000\" itemprop=\"image\"  src=\"https:\/\/www.europesays.com\/no\/wp-content\/uploads\/2025\/10\/ceaa5412-7994-4eb9-8644-f01ed1d40d53\"  style=\"object-position:0% 0%\" width=\"6000\"\/>Lokalmilj\u00f8et i Nordanstig kommune i \u00d8st-Sverige samlet seg i sorgen etter at en ambulansearbeider ble drept p\u00e5 jobb i september.   Foto: Mats Andersson\/TT \/ TT Nyhetsbyr\u00e5n \/ NTB<\/p>\n<p class=\"_paragraph_o9xde_4 _paragraph_xtcu6_10 layout-component text-serif-m layout-normal text-serif-m layout-padded\">Han forteller om et h\u00f8yt antall trusler mot sine ansatte. <\/p>\n<p class=\"_paragraph_o9xde_4 _paragraph_xtcu6_10 layout-component text-serif-m layout-normal text-serif-m layout-padded\">\u2013 Derfor trenger vi st\u00f8tteverkt\u00f8y, oppl\u00e6ring og strukturer som gj\u00f8r det mulig \u00e5 identifisere risiko, h\u00e5ndtere trusler og ivareta sikkerheten til v\u00e5re ansatte.<\/p>\n<p class=\"_paragraph_o9xde_4 _paragraph_xtcu6_10 layout-component text-serif-m layout-normal layout-padded\"><strong class=\"_strong_o9xde_25\">Les ogs\u00e5:<\/strong> <a href=\"https:\/\/www.vg.no\/i\/qPGWng\" data-track-element-type=\"Link\" data-track-id=\"link:qPGWng\" class=\"_link_o9xde_39\" rel=\"nofollow noopener\" target=\"_blank\">Sl\u00e5r alarm etter ambulanse\u00addrap: \u2013 Kjempe\u00adskummelt<\/a><\/p>\n<p>Fagforeningsleder: \u2013 Sliter med \u00e5 anbefale yrket<\/p>\n<p class=\"_paragraph_o9xde_4 _paragraph_xtcu6_10 layout-component text-serif-m layout-normal text-serif-m layout-padded\">N\u00e5r potensielt farlige pasienter drar til S\u00f8rlandet om sommeren, blir ikke denne infoen med p\u00e5 ferie. Hvis de f\u00e5r problemer og m\u00e5 ringe etter ambulanse, rykker helsepersonellet ut \u00abi blinde\u00bb.<\/p>\n<p class=\"_paragraph_o9xde_4 _paragraph_xtcu6_10 layout-component text-serif-m layout-normal text-serif-m layout-padded\">Christin \u00d8deg\u00e5rd Haslestad har jobbet som ambulansearbeider i Agder siden 2004. Hun er ogs\u00e5 politisk leder av Fagforbundets prehospitale faggruppe. <\/p>\n<p class=\"_paragraph_o9xde_4 _paragraph_xtcu6_10 layout-component text-serif-m layout-normal text-serif-m layout-padded\">Hun forteller at det ofte skjer u\u00f8nskede hendelser mot ambulansepersonellet der. <\/p>\n<p class=\"_paragraph_o9xde_4 _paragraph_xtcu6_10 layout-component text-serif-m layout-normal text-serif-m layout-padded\"><strong class=\"_strong_o9xde_25\">\u2013 Disse situasjonene er nesten s\u00e5 vanlige at det ene avl\u00f8ser det andre, sier hun til VG. <\/strong><\/p>\n<p><img decoding=\"async\" alt=\"Bilde av Christin \u00d8deg\u00e5rd Haslestad\" class=\"_image_ygndg_42\" height=\"53\" itemprop=\"image\" loading=\"lazy\"  src=\"https:\/\/www.europesays.com\/no\/wp-content\/uploads\/2025\/10\/dfb06d6c-36f6-4675-8a81-d8a67d72268d\"  width=\"40\"\/><strong class=\"_name_ygndg_51 title-serif-xs\">Christin \u00d8deg\u00e5rd Haslestad<\/strong><\/p>\n<p class=\"_paragraph_o9xde_4 text-sans-m _description_ygndg_56\">Ambulansearbeider, yrkesseksjonsleder i Fagforbundet Agder og politisk leder av forbundets prehospitale faggruppe. <\/p>\n<p class=\"_paragraph_o9xde_4 _paragraph_xtcu6_10 layout-component text-serif-m layout-normal text-serif-m layout-padded\">Hun forteller om oppdrag der de har rykket ut til bevisstl\u00f8se pasienter, som det etter kartlegging kommer frem at har inntatt rusmiddelet GHBGHBEt rusmiddel som gir en kortvarig rus som minner om alkohol. Har oppkvikkende virkning i moderate doser og mer beroligende virkning i h\u00f8yere doser. Har blitt brukt som bed\u00f8vende middel. . Med helsepersonellet lenende over seg, v\u00e5kner pasienten plutselig opp. <\/p>\n<p class=\"_paragraph_o9xde_4 _paragraph_xtcu6_10 layout-component text-serif-m layout-normal text-serif-m layout-padded\">\u2013 Og s\u00e5 tror pasienten at vi er ute etter \u00e5 ta ham, og da st\u00e5r du der. Pasienter som er p\u00e5virket av s\u00e5nne type stoffer har ofte voldsomme krefter, sier Haslestad. <\/p>\n<p class=\"_paragraph_o9xde_4 _paragraph_xtcu6_10 layout-component text-serif-m layout-normal text-serif-m layout-padded\">Haslestad forteller at hun flere ganger har f\u00f8lt seg bitte liten, men at hun har klart \u00e5 komme seg ut av disse situasjonene. <\/p>\n<p class=\"_paragraph_o9xde_4 _paragraph_xtcu6_10 layout-component text-serif-m layout-normal text-serif-m layout-padded\">\u2013 Jeg har f\u00e5tt et \u00abskall\u00bb etter hvert. Det preller av. Men disse hendelsene gj\u00f8r at jeg sliter med \u00e5 anbefale unge om \u00e5 g\u00e5 inn i samme yrke, sier Haslestad.<\/p>\n<p class=\"_paragraph_o9xde_4 _paragraph_xtcu6_10 layout-component text-serif-m layout-normal text-serif-m layout-padded\"><strong class=\"_strong_o9xde_25\">\u2013 Jeg har en datter som ambulansearbeider, og det gj\u00f8r inntrykk n\u00e5r hun forteller om lignende episoder som jeg har opplevd. Det er ikke noe greit. <\/strong><\/p>\n<p><img alt=\"MOR OG DATTER: Christin og Amalie \u00d8deg\u00e5rd Haslestad jobber begge som ambulansearbeidere p\u00e5 S\u00f8rlandet.   Foto: Privat\" class=\"_image_qp4xg_65 layout-component layout-normal\" data-fullscreen- data-track-element-type=\"Article image fullscreen\" data-track-name=\"ImageFullscreen\" decoding=\"async\" loading=\"lazy\" height=\"3024\" itemprop=\"image\"  src=\"https:\/\/www.europesays.com\/no\/wp-content\/uploads\/2025\/10\/6dd4c22d-1e8a-4cf1-986d-92d2837c0fa0\"  style=\"object-position:0% 0%\" width=\"4032\"\/>MOR OG DATTER: Christin og Amalie \u00d8deg\u00e5rd Haslestad jobber begge som ambulansearbeidere p\u00e5 S\u00f8rlandet.   Foto: Privat<\/p>\n<p class=\"_paragraph_o9xde_4 _paragraph_xtcu6_10 layout-component text-serif-m layout-normal text-serif-m layout-padded\">Haslestad tror det er kraftig underrapportering av slike hendelser, fordi \u00abdet elleville\u00bb har blitt det normale. Hun sier helsepersonell unnskylder vold med at pasienter er syke og ruset, og at det f\u00f8rer til at hendelser ikke rapporteres. <\/p>\n<p class=\"_paragraph_o9xde_4 _paragraph_xtcu6_10 layout-component text-serif-m layout-normal text-serif-m layout-padded\"><strong class=\"_strong_o9xde_25\">Hun etterlyser derfor en nasjonal base over potensielt farlige pasienter.<\/strong><\/p>\n<p class=\"_paragraph_o9xde_4 _paragraph_xtcu6_10 layout-component text-serif-m layout-normal text-serif-m layout-padded\">\u2013 Da vil pasientene f\u00e5 bedre helsehjelp. Hvis vi vet at det er noe \u00e5 ta hensyn til, velger vi en annen m\u00e5te \u00e5 tiln\u00e6rme oss situasjonen. <\/p>\n<p>Advarer: \u2013 Mer v\u00e5pen blant pasientene<\/p>\n<p class=\"_paragraph_o9xde_4 _paragraph_xtcu6_10 layout-component text-serif-m layout-normal text-serif-m layout-padded\">VG har v\u00e6rt i kontakt med alle landets 16 AMK-sentraler. <\/p>\n<p class=\"_paragraph_o9xde_4 _paragraph_xtcu6_10 layout-component text-serif-m layout-normal text-serif-m layout-padded\">Samtlige bekrefter at de har systemer for flagging, men hvilke systemer som brukes varierer. Siden det ikke finnes nasjonale retningslinjer, er det store lokale forskjeller i hvor mange som er registrert som potensielt farlige. <\/p>\n<p class=\"_paragraph_o9xde_4 _paragraph_xtcu6_10 layout-component text-serif-m layout-normal text-serif-m layout-padded\">Fra 0 flaggede pasienter i Finnmark, til godt over 100 i Oslo. <\/p>\n<p class=\"_paragraph_o9xde_4 _paragraph_xtcu6_10 layout-component text-serif-m layout-normal text-serif-m layout-padded\"><strong class=\"_strong_o9xde_25\">Felles for flere av AMK-sentralene, er at de ansatte blir utsatt for vold og trusler. <\/strong><\/p>\n<p><img alt=\"Foto: Helge Mikalsen \/ VG\" class=\"_image_qp4xg_65 layout-component layout-normal\" data-fullscreen- data-track-element-type=\"Article image fullscreen\" data-track-name=\"ImageFullscreen\" decoding=\"async\" loading=\"lazy\" height=\"5504\" itemprop=\"image\"  src=\"https:\/\/www.europesays.com\/no\/wp-content\/uploads\/2025\/10\/98894075-19a5-4395-8756-3a88f9e0da7c\"  style=\"object-position:0% 0%\" width=\"8256\"\/>Foto: Helge Mikalsen \/ VG<\/p>\n<p class=\"_paragraph_o9xde_4 _paragraph_xtcu6_10 layout-component text-serif-m layout-normal text-serif-m layout-padded\">\u00abEn \u00f8kende utfordring\u00bb, forteller AMK Innlandet. <\/p>\n<p class=\"_paragraph_o9xde_4 _paragraph_xtcu6_10 layout-component text-serif-m layout-normal text-serif-m layout-padded\">\u00abI perioder kan det v\u00e6re nesten daglig. Enten verbalt eller fysisk.\u00bb, if\u00f8lge AMK Oslo. <\/p>\n<p class=\"_paragraph_o9xde_4 _paragraph_xtcu6_10 layout-component text-serif-m layout-normal text-serif-m layout-padded\">\u00abTrusler og truende adferd, men sjeldent alvorlig fysisk vold.\u00bb, sier AMK Vestfold og Telemark.<\/p>\n<p class=\"_paragraph_o9xde_4 _paragraph_xtcu6_10 layout-component text-serif-m layout-normal text-serif-m layout-padded\">Hans-Christian Stoud Platou er fagsjef medisin i klinikk for prehospitale tjenester i Vestre Viken AMK i Drammen. Han forteller VG om en bekymringsfull trend.<\/p>\n<p class=\"_paragraph_o9xde_4 _paragraph_xtcu6_10 layout-component text-serif-m layout-normal text-serif-m layout-padded\"><strong class=\"_strong_o9xde_25\">\u2013 Vi registrerer at det er mer v\u00e5pen blant pasientene, sier han.<\/strong><\/p>\n<p><img decoding=\"async\" alt=\"Bilde av Hans-Christian Stoud Platou\" class=\"_image_ygndg_42\" height=\"27\" itemprop=\"image\" loading=\"lazy\"  src=\"https:\/\/www.europesays.com\/no\/wp-content\/uploads\/2025\/10\/a4af9d3d-7bcc-404f-8519-160df875d017\"  width=\"40\"\/><strong class=\"_name_ygndg_51 title-serif-xs\">Hans-Christian Stoud Platou<\/strong><\/p>\n<p class=\"_paragraph_o9xde_4 text-sans-m _description_ygndg_56\">Medisinsk fagsjef i klinikk for prehospitale tjenester, Vestre Viken AMK<\/p>\n<p class=\"_paragraph_o9xde_4 _paragraph_xtcu6_10 layout-component text-serif-m layout-normal text-serif-m layout-padded\">For at de skal flagge en pasient, m\u00e5 en gruppe best\u00e5ende av en jurist, medisinske r\u00e5dgivere og en medisinsk fagsjef vurdere at det har v\u00e6rt en alvorlig hendelse med fare for gjentagelse. <\/p>\n<p class=\"_paragraph_o9xde_4 _paragraph_xtcu6_10 layout-component text-serif-m layout-normal text-serif-m layout-padded\">\u2013 Det er et problem i v\u00e5rt AMK-distrikt at ambulansepersonell utsettes for vold og trusler.<\/p>\n<p>S\u00e5 mange er flagget av AMK-sentralene<\/p>\n<p class=\"_paragraph_o9xde_4 _paragraph_xtcu6_10 _paragraph_16v91_10 layout-component text-serif-m layout-normal text-sans-m layout-padded\">Det finnes ingen nasjonale retningslinjer hvor hvilke pasienter som b\u00f8r flagges, og det er opp til hver enkelt av de 16 AMK-sentralene om de vil flagge pasienter eller ikke. <\/p>\n<p class=\"_paragraph_o9xde_4 _paragraph_xtcu6_10 _paragraph_16v91_10 layout-component text-serif-m layout-normal text-sans-m layout-padded\">Flere mener det trolig er store m\u00f8rketall. <\/p>\n<p class=\"_paragraph_o9xde_4 _paragraph_xtcu6_10 _paragraph_16v91_10 layout-component text-serif-m layout-normal text-sans-m layout-padded\"><strong class=\"_strong_o9xde_25\">S\u00e5 mange pasienter er flagget for potensiell voldsrisiko:<\/strong><\/p>\n<p class=\"_paragraph_o9xde_4 _paragraph_xtcu6_10 _paragraph_16v91_10 layout-component text-serif-m layout-normal text-sans-m layout-padded\">AMK Finnmark: 0 personer<\/p>\n<p class=\"_paragraph_o9xde_4 _paragraph_xtcu6_10 _paragraph_16v91_10 layout-component text-serif-m layout-normal text-sans-m layout-padded\">AMK Troms\u00f8: 4 personer<\/p>\n<p class=\"_paragraph_o9xde_4 _paragraph_xtcu6_10 _paragraph_16v91_10 layout-component text-serif-m layout-normal text-sans-m layout-padded\">AMK Bod\u00f8: Ukjent antall*<\/p>\n<p class=\"_paragraph_o9xde_4 _paragraph_xtcu6_10 _paragraph_16v91_10 layout-component text-serif-m layout-normal text-sans-m layout-padded\">AMK Helgeland: Ukjent antall**<\/p>\n<p class=\"_paragraph_o9xde_4 _paragraph_xtcu6_10 _paragraph_16v91_10 layout-component text-serif-m layout-normal text-sans-m layout-padded\">AMK Nord-Tr\u00f8ndelag: 15 personer<\/p>\n<p class=\"_paragraph_o9xde_4 _paragraph_xtcu6_10 _paragraph_16v91_10 layout-component text-serif-m layout-normal text-sans-m layout-padded\">AMK S\u00f8r-Tr\u00f8ndelag (St. Olav): 78 personer<\/p>\n<p class=\"_paragraph_o9xde_4 _paragraph_xtcu6_10 _paragraph_16v91_10 layout-component text-serif-m layout-normal text-sans-m layout-padded\">AMK M\u00f8re og Romsdal: 27 personer<\/p>\n<p class=\"_paragraph_o9xde_4 _paragraph_xtcu6_10 _paragraph_16v91_10 layout-component text-serif-m layout-normal text-sans-m layout-padded\">AMK F\u00f8rde: 5 personer <\/p>\n<p class=\"_paragraph_o9xde_4 _paragraph_xtcu6_10 _paragraph_16v91_10 layout-component text-serif-m layout-normal text-sans-m layout-padded\">AMK Bergen: 402 pasienter flagget***<\/p>\n<p class=\"_paragraph_o9xde_4 _paragraph_xtcu6_10 _paragraph_16v91_10 layout-component text-serif-m layout-normal text-sans-m layout-padded\">AMK Haugesund (Helse Fonna HF): Under 10 pasienter<\/p>\n<p class=\"_paragraph_o9xde_4 _paragraph_xtcu6_10 _paragraph_16v91_10 layout-component text-serif-m layout-normal text-sans-m layout-padded\">AMK Stavanger: 163 personer <\/p>\n<p class=\"_paragraph_o9xde_4 _paragraph_xtcu6_10 _paragraph_16v91_10 layout-component text-serif-m layout-normal text-sans-m layout-padded\">S\u00f8rlandet: Rundt 40 personer<\/p>\n<p class=\"_paragraph_o9xde_4 _paragraph_xtcu6_10 _paragraph_16v91_10 layout-component text-serif-m layout-normal text-sans-m layout-padded\">AMK Oslo: 140 personer (i Oslo, B\u00e6rum, Asker, \u00d8stfold, Romerike og Kongsvinger-regionen)<\/p>\n<p class=\"_paragraph_o9xde_4 _paragraph_xtcu6_10 _paragraph_16v91_10 layout-component text-serif-m layout-normal text-sans-m layout-padded\">AMK Vestfold og Telemark: 144 personer<\/p>\n<p class=\"_paragraph_o9xde_4 _paragraph_xtcu6_10 _paragraph_16v91_10 layout-component text-serif-m layout-normal text-sans-m layout-padded\">AMK Vestre Viken: 73 personer<\/p>\n<p class=\"_paragraph_o9xde_4 _paragraph_xtcu6_10 _paragraph_16v91_10 layout-component text-serif-m layout-normal text-sans-m layout-padded\">AMK Innlandet: 106 personer<\/p>\n<p class=\"_paragraph_o9xde_4 _paragraph_xtcu6_10 _paragraph_16v91_10 layout-component text-serif-m layout-normal text-sans-m layout-padded\">Tallene er hentet inn fra 22. september og fram til 7. oktober<\/p>\n<p class=\"_paragraph_o9xde_4 _paragraph_xtcu6_10 _paragraph_16v91_10 layout-component text-serif-m layout-normal text-sans-m layout-padded\">* If\u00f8lge AMK Bod\u00f8 s\u00e5 lavt tall at de ikke \u00f8nsker \u00e5 informere om antallet.<\/p>\n<p class=\"_paragraph_o9xde_4 _paragraph_xtcu6_10 _paragraph_16v91_10 layout-component text-serif-m layout-normal text-sans-m layout-padded\">** Viser til at de er n\u00f8dt til \u00e5 gj\u00f8re en manuell gjennomgang for \u00e5 gi VG tallene, og sier at de ikke har kapasitet til dette p\u00e5 n\u00e5v\u00e6rende tidspunkt. <\/p>\n<p class=\"_paragraph_o9xde_4 _paragraph_xtcu6_10 _paragraph_16v91_10 layout-component text-serif-m layout-normal text-sans-m layout-padded\">*** AMK Bergen sier til VG at de ikke kan opplyse om tall opp mot direkte voldsrisiko, men sier at de har 402 registrerte pasienter med spesialinformasjon, som ogs\u00e5 omfatter kritisk medisinsk informasjon og informasjon knyttet til adresser. <\/p>\n<p>Vis mer<\/p>\n<p class=\"_paragraph_o9xde_4 _paragraph_xtcu6_10 layout-component text-serif-m layout-normal text-serif-m layout-padded\">VGs kartlegging viser at vold og trusler mot ambulansearbeidere er et problem flere steder i landet.<\/p>\n<p class=\"_paragraph_o9xde_4 _paragraph_xtcu6_10 layout-component text-serif-m layout-normal text-serif-m layout-padded\">Avdelingsleder for AMK og konstituert beredskapssjef ved St. Olavs hospital i Trondheim, Christoffer Str\u00f8m, bekrefter at slike hendelser er et \u00f8kende problem. <\/p>\n<p class=\"_paragraph_o9xde_4 _paragraph_xtcu6_10 layout-component text-serif-m layout-normal text-serif-m layout-padded\"><strong class=\"_strong_o9xde_25\">\u2013 Det bekymringsfulle er at det oftere er fysiske angrep, spytting, slag, spark, lugging og bitt. <\/strong><\/p>\n<p class=\"_paragraph_o9xde_4 _paragraph_xtcu6_10 layout-component text-serif-m layout-normal text-serif-m layout-padded\">Den st\u00f8rste utfordringen, if\u00f8lge Str\u00f8m, er de tilfellene der ambulansepersonell g\u00e5r inn i situasjoner hvor det ikke foreligger tidligere historikk som kan forberede dem p\u00e5 mulig aggressiv adferd. <\/p>\n<p class=\"_paragraph_o9xde_4 _paragraph_xtcu6_10 layout-component text-serif-m layout-normal text-serif-m layout-padded\">Han foresl\u00e5r at vold b\u00f8r registreres i kjernejournalen til pasientene. <\/p>\n<p><img alt=\"Foto: Mattis Sandblad \/ VG\" class=\"_image_qp4xg_65 layout-component layout-normal\" data-fullscreen- data-track-element-type=\"Article image fullscreen\" data-track-name=\"ImageFullscreen\" decoding=\"async\" loading=\"lazy\" height=\"2580\" itemprop=\"image\"  src=\"https:\/\/www.europesays.com\/no\/wp-content\/uploads\/2025\/10\/f3340250-665c-429b-92ab-7aa78ccfd113\"  style=\"object-position:0% 0%\" width=\"3867\"\/>Foto: Mattis Sandblad \/ VG<\/p>\n<p class=\"_paragraph_o9xde_4 _paragraph_xtcu6_10 layout-component text-serif-m layout-normal text-serif-m layout-padded\">I 2021 m\u00f8tte <a href=\"https:\/\/www.vg.no\/tag\/helse-og-omsorgsdepartementet?utm_source=vg-article&amp;utm_medium=auto-tagger&amp;utm_campaign=RzvznA\" class=\"_link_o9xde_39\" rel=\"nofollow noopener\" target=\"_blank\">Helse- og omsorgsdepartementet<\/a> Fagforbundet om utfordringer knyttet til risiko for vold og trusler for prehospitalt personell. <\/p>\n<p class=\"_paragraph_o9xde_4 _paragraph_xtcu6_10 layout-component text-serif-m layout-normal text-serif-m layout-padded\">Fagforbundet hadde sp\u00f8rsm\u00e5l om regler knyttet til registrering og deling om hendelser og risiko for vold og trusler fra pasienter. <\/p>\n<p class=\"_paragraph_o9xde_4 _paragraph_xtcu6_10 layout-component text-serif-m layout-normal text-serif-m layout-padded\">Departementet viste da til at pasientjournalloven sier at relevante og n\u00f8dvendige helseopplysninger skal v\u00e6re tilgjengelige for helsepersonell og annet samarbeidende personell n\u00e5r dette er n\u00f8dvendig for \u00e5 yte, administrere eller kvalitetssikre helsehjelp til den enkelte. <\/p>\n<p class=\"_paragraph_o9xde_4 _paragraph_xtcu6_10 layout-component text-serif-m layout-normal layout-padded\"><strong class=\"_strong_o9xde_25\">Les ogs\u00e5:<\/strong> <a href=\"https:\/\/www.vg.no\/i\/EyOazG\" data-track-element-type=\"Link\" data-track-id=\"link:EyOazG\" class=\"_link_o9xde_39\" rel=\"nofollow noopener\" target=\"_blank\">Jimmie (46) tok imot livstruende skadet kollega i Sverige: \u2013 Verste jeg har v\u00e6rt med p\u00e5<\/a><\/p>\n<p>Helsedepartementet: \u2013 Har foresl\u00e5tt endringer<\/p>\n<p class=\"_paragraph_o9xde_4 _paragraph_xtcu6_10 layout-component text-serif-m layout-normal text-serif-m layout-padded\"><a href=\"https:\/\/www.vg.no\/nyheter\/i\/qPGWng\/ambulansearbeider-drept-i-sverige-frykter-at-det-kan-skje-i-norge\" data-track-element-type=\"Link\" data-track-id=\"link:qPGWng\" class=\"_link_o9xde_39\" rel=\"nofollow noopener\" target=\"_blank\">VG har tidligere stilt Helse- og omsorgsdepartementet flere sp\u00f8rsm\u00e5l<\/a> om at det ikke finnes nasjonale retningslinjer for flagging av potensielt farlige pasienter. <\/p>\n<p class=\"_paragraph_o9xde_4 _paragraph_xtcu6_10 layout-component text-serif-m layout-normal text-serif-m layout-padded\"><strong class=\"_strong_o9xde_25\">\u2013 Helsepersonell skal ha det trygt p\u00e5 jobb, det gjelder ogs\u00e5 ambulansepersonell, skriver statssekret\u00e6r Karl Kristian Bekeng i en e-post til VG.<\/strong><\/p>\n<p><img decoding=\"async\" alt=\"Bilde av Karl Kristian Bekeng (Ap)\" class=\"_image_ygndg_42\" height=\"27\" itemprop=\"image\" loading=\"lazy\"  src=\"https:\/\/www.europesays.com\/no\/wp-content\/uploads\/2025\/10\/0a265caf-3c0c-4fba-9c8e-55da08eb5e51\"  width=\"40\"\/><strong class=\"_name_ygndg_51 title-serif-xs\">Karl Kristian Bekeng (Ap)<\/strong><\/p>\n<p class=\"_paragraph_o9xde_4 text-sans-m _description_ygndg_56\">Statssekret\u00e6r for helse- og omsorgsministeren.<\/p>\n<p class=\"_paragraph_o9xde_4 _paragraph_xtcu6_10 layout-component text-serif-m layout-normal text-serif-m layout-padded\">Statssekret\u00e6ren sier det er viktig at fagfolkene f\u00e5r verkt\u00f8y som bidrar til \u00e5 forebygge alvorlige hendelser.<\/p>\n<p class=\"_paragraph_o9xde_4 _paragraph_xtcu6_10 layout-component text-serif-m layout-normal text-serif-m layout-padded\">\u2013 Mulighet til \u00e5 dele mer pasientinformasjon mellom ulike deler av helsevesenet og med politiet kan bidra til det. Vi har foresl\u00e5tt endringer i regelverket for taushetsplikt og deling av pasientopplysninger, som n\u00e5 skal behandles av Stortinget, sier han. <\/p>\n<p class=\"_paragraph_o9xde_4 _paragraph_xtcu6_10 layout-component text-serif-m layout-normal text-serif-m layout-padded\">Bekeng skriver at det jobbes med \u00e5 hente inn kunnskap om verkt\u00f8y for en medisinsk n\u00f8dmeldetjeneste, og at det vil kunne gj\u00f8re det lettere \u00e5 vurdere en eventuell felles standard.<\/p>\n","protected":false},"excerpt":{"rendered":"Etter drapet p\u00e5 en svensk ambulansearbeider advarer norske AMK-ledere om vold og trusler, og mer v\u00e5pen blant pasientene.&hellip;\n","protected":false},"author":2,"featured_media":61567,"comment_status":"","ping_status":"","sticky":false,"template":"","format":"standard","meta":{"footnotes":""},"categories":[10],"tags":[1586,20,21,9006,24,25,15,9005,22,23,13,30,28,29,14,16,26,27],"class_list":{"0":"post-61566","1":"post","2":"type-post","3":"status-publish","4":"format-standard","5":"has-post-thumbnail","7":"category-norge","8":"tag-ambulanse","9":"tag-breaking-news","10":"tag-breakingnews","11":"tag-fagforbundet","12":"tag-featured-news","13":"tag-featurednews","14":"tag-headlines","15":"tag-helse-og-omsorgsdepartementet","16":"tag-latest-news","17":"tag-latestnews","18":"tag-news","19":"tag-no","20":"tag-norge","21":"tag-norway","22":"tag-nyheter","23":"tag-overskrifter","24":"tag-top-stories","25":"tag-topstories"},"share_on_mastodon":{"url":"","error":""},"_links":{"self":[{"href":"https:\/\/www.europesays.com\/no\/wp-json\/wp\/v2\/posts\/61566","targetHints":{"allow":["GET"]}}],"collection":[{"href":"https:\/\/www.europesays.com\/no\/wp-json\/wp\/v2\/posts"}],"about":[{"href":"https:\/\/www.europesays.com\/no\/wp-json\/wp\/v2\/types\/post"}],"author":[{"embeddable":true,"href":"https:\/\/www.europesays.com\/no\/wp-json\/wp\/v2\/users\/2"}],"replies":[{"embeddable":true,"href":"https:\/\/www.europesays.com\/no\/wp-json\/wp\/v2\/comments?post=61566"}],"version-history":[{"count":0,"href":"https:\/\/www.europesays.com\/no\/wp-json\/wp\/v2\/posts\/61566\/revisions"}],"wp:featuredmedia":[{"embeddable":true,"href":"https:\/\/www.europesays.com\/no\/wp-json\/wp\/v2\/media\/61567"}],"wp:attachment":[{"href":"https:\/\/www.europesays.com\/no\/wp-json\/wp\/v2\/media?parent=61566"}],"wp:term":[{"taxonomy":"category","embeddable":true,"href":"https:\/\/www.europesays.com\/no\/wp-json\/wp\/v2\/categories?post=61566"},{"taxonomy":"post_tag","embeddable":true,"href":"https:\/\/www.europesays.com\/no\/wp-json\/wp\/v2\/tags?post=61566"}],"curies":[{"name":"wp","href":"https:\/\/api.w.org\/{rel}","templated":true}]}}