{"id":61568,"date":"2025-10-16T00:34:09","date_gmt":"2025-10-16T00:34:09","guid":{"rendered":"https:\/\/www.europesays.com\/no\/61568\/"},"modified":"2025-10-16T00:34:09","modified_gmt":"2025-10-16T00:34:09","slug":"journalister-forlater-pentagon-i-protest-mot-nye-regler","status":"publish","type":"post","link":"https:\/\/www.europesays.com\/no\/61568\/","title":{"rendered":"Journalister forlater Pentagon i protest mot nye regler"},"content":{"rendered":"\n<p class=\"_lead_o9xde_2 _lead_xtcu6_50 layout-component text-serif-m layout-normal text-serif-l layout-component layout-wide layout-padded _wide_17hqh_1 layout-padded\">Titalls reportere leverte tilbake pressekort og forlot bygningen.<\/p>\n<p><img alt=\"Journalister forlater Pentagon Foto: Kevin Wolf \/ AP \/ NTB\" class=\"_image_qp4xg_65 layout-component layout-wide\" data-fullscreen- data-track-element-type=\"Article image fullscreen\" data-track-name=\"ImageFullscreen\" fetchpriority=\"high\" decoding=\"sync\" loading=\"eager\" height=\"5504\" itemprop=\"image\"  src=\"https:\/\/www.europesays.com\/no\/wp-content\/uploads\/2025\/10\/27b2b8ce-535d-42be-8a31-8a9fa0f75ae1\"  style=\"object-position:0% 0%\" width=\"8256\"\/>Journalister forlater Pentagon Foto: Kevin Wolf \/ AP \/ NTB<\/p>\n<ul aria-hidden=\"true\" class=\"_images_1y6fe_106\">\n<li><a class=\"_link_1y6fe_111\" href=\"https:\/\/www.vg.no\/forfatter\/kari-aarstad-aase\" style=\"z-index:1\" title=\"Kari Aarstad Aase\" rel=\"nofollow noopener\" target=\"_blank\"><img alt=\"Bilde av Kari Aarstad Aase\" class=\"_image_1y6fe_88\" fetchpriority=\"low\" loading=\"lazy\" decoding=\"async\" itemprop=\"image\"  src=\"https:\/\/www.europesays.com\/no\/wp-content\/uploads\/2025\/10\/1760574849_954_0dbde33e-6d8e-4680-8e4f-e2a64281e2b8\"  width=\"480\"\/><\/a><\/li>\n<\/ul>\n<p> Oppdatert torsdag 16. oktober kl. 00:58     <\/p>\n<p class=\"_paragraph_o9xde_4 _paragraph_xtcu6_10 layout-component text-serif-m layout-normal text-serif-m layout-padded\">Rundt 40-50 journalister forlot <a href=\"https:\/\/www.vg.no\/tag\/pentagon?utm_source=vg-article&amp;utm_medium=auto-tagger&amp;utm_campaign=mPXomO\" class=\"_link_o9xde_39\" rel=\"nofollow noopener\" target=\"_blank\">Pentagon<\/a> onsdag i protest mot nye regler som begrenser pressens tilgang til det amerikanske krigsdepartementet, melder <a href=\"https:\/\/apnews.com\/article\/pentagon-press-access-hegseth-trump-restrictions-5d9c2a63e4e03b91fc1546bb09ffbf12\" class=\"_link_o9xde_39\" rel=\"nofollow noopener\" target=\"_blank\">Associated Press<\/a>.<\/p>\n<p class=\"_paragraph_o9xde_4 _paragraph_xtcu6_10 layout-component text-serif-m layout-normal text-serif-m layout-padded\">Krigsminister Pete Hegseth hadde gitt journalistene frist til tirsdag for \u00e5 signere p\u00e5 nye retningslinjer eller miste tilgangen til Pentagon. Minst 30 nyhetsorganisasjoner, inkludert Reuters, nektet \u00e5 skrive under.<\/p>\n<p><img alt=\"Pete Hegseth  Foto: Alex Brandon \/ AP \/ NTB\" class=\"_image_qp4xg_65 layout-component layout-normal\" data-fullscreen- data-track-element-type=\"Article image fullscreen\" data-track-name=\"ImageFullscreen\" decoding=\"async\" loading=\"lazy\" height=\"3609\" itemprop=\"image\"  src=\"https:\/\/www.europesays.com\/no\/wp-content\/uploads\/2025\/10\/7eaffaec-2f63-45c1-a6ec-7f97d7875275\"  style=\"object-position:0% 0%\" width=\"5414\"\/>Pete Hegseth  Foto: Alex Brandon \/ AP \/ NTB<\/p>\n<p class=\"_paragraph_o9xde_4 _paragraph_xtcu6_10 layout-component text-serif-m layout-normal text-serif-m layout-padded\">De nye reglene krever at journalister anerkjenner at de kan bli stemplet som sikkerhetsrisiko og f\u00e5 pressekortet trukket tilbake dersom de ber Pentagon-ansatte om \u00e5 dele klassifisert eller visse typer ikke-klassifisert informasjon.<\/p>\n<p class=\"_paragraph_o9xde_4 _paragraph_xtcu6_10 layout-component text-serif-m layout-normal text-serif-m layout-padded\">\u2013 Det er trist, men jeg er ogs\u00e5 stolt av pressekorpset som holdt sammen, sa Nancy Youssef fra The Atlantic, som har hatt pult i Pentagon siden 2007.<\/p>\n<p class=\"_paragraph_o9xde_4 _paragraph_xtcu6_10 layout-component text-serif-m layout-normal text-serif-m layout-padded\">Bilder viste journalister som bar ut stoler, kopimaskiner, b\u00f8ker og gamle bilder fra plutselig forlatte arbeidsplasser. Mange ventet med \u00e5 forlate bygningen sammen klokka 16.<\/p>\n<p class=\"_paragraph_o9xde_4 _paragraph_xtcu6_10 layout-component text-serif-m layout-normal text-serif-m layout-padded\">President Donald Trump st\u00f8tter de nye reglene og sa tirsdag at Hegseth finner pressen \u00absv\u00e6rt forstyrrende n\u00e5r det gjelder verdensfred\u00bb.<\/p>\n<p class=\"_paragraph_o9xde_4 _paragraph_xtcu6_10 layout-component text-serif-m layout-normal text-serif-m layout-padded\">Pentagon Press Association, som representerer over 100 nyhetsorganisasjoner, kalte onsdagen \u00aben m\u00f8rk dag for pressefriheten\u00bb.<\/p>\n<p class=\"_paragraph_o9xde_4 _paragraph_xtcu6_10 layout-component text-serif-m layout-normal text-serif-m layout-padded\">Journalistene understreker at de vil fortsette \u00e5 dekke det amerikanske milit\u00e6ret, bare fra st\u00f8rre avstand.<\/p>\n","protected":false},"excerpt":{"rendered":"Titalls reportere leverte tilbake pressekort og forlot bygningen. Journalister forlater Pentagon Foto: Kevin Wolf \/ AP \/ NTB&hellip;\n","protected":false},"author":2,"featured_media":61569,"comment_status":"","ping_status":"","sticky":false,"template":"","format":"standard","meta":{"footnotes":""},"categories":[12],"tags":[20,21,55,24,25,15,22,23,13,30,28,29,14,16,4422,6506,9007,26,27,42,46,43,44,45],"class_list":{"0":"post-61568","1":"post","2":"type-post","3":"status-publish","4":"format-standard","5":"has-post-thumbnail","7":"category-verden","8":"tag-breaking-news","9":"tag-breakingnews","10":"tag-donald-trump","11":"tag-featured-news","12":"tag-featurednews","13":"tag-headlines","14":"tag-latest-news","15":"tag-latestnews","16":"tag-news","17":"tag-no","18":"tag-norge","19":"tag-norway","20":"tag-nyheter","21":"tag-overskrifter","22":"tag-pentagon","23":"tag-pete-hegseth","24":"tag-pressefrihet","25":"tag-top-stories","26":"tag-topstories","27":"tag-verden","28":"tag-vgai","29":"tag-world","30":"tag-world-news","31":"tag-worldnews"},"share_on_mastodon":{"url":"","error":""},"_links":{"self":[{"href":"https:\/\/www.europesays.com\/no\/wp-json\/wp\/v2\/posts\/61568","targetHints":{"allow":["GET"]}}],"collection":[{"href":"https:\/\/www.europesays.com\/no\/wp-json\/wp\/v2\/posts"}],"about":[{"href":"https:\/\/www.europesays.com\/no\/wp-json\/wp\/v2\/types\/post"}],"author":[{"embeddable":true,"href":"https:\/\/www.europesays.com\/no\/wp-json\/wp\/v2\/users\/2"}],"replies":[{"embeddable":true,"href":"https:\/\/www.europesays.com\/no\/wp-json\/wp\/v2\/comments?post=61568"}],"version-history":[{"count":0,"href":"https:\/\/www.europesays.com\/no\/wp-json\/wp\/v2\/posts\/61568\/revisions"}],"wp:featuredmedia":[{"embeddable":true,"href":"https:\/\/www.europesays.com\/no\/wp-json\/wp\/v2\/media\/61569"}],"wp:attachment":[{"href":"https:\/\/www.europesays.com\/no\/wp-json\/wp\/v2\/media?parent=61568"}],"wp:term":[{"taxonomy":"category","embeddable":true,"href":"https:\/\/www.europesays.com\/no\/wp-json\/wp\/v2\/categories?post=61568"},{"taxonomy":"post_tag","embeddable":true,"href":"https:\/\/www.europesays.com\/no\/wp-json\/wp\/v2\/tags?post=61568"}],"curies":[{"name":"wp","href":"https:\/\/api.w.org\/{rel}","templated":true}]}}