{"id":61582,"date":"2025-10-16T01:02:08","date_gmt":"2025-10-16T01:02:08","guid":{"rendered":"https:\/\/www.europesays.com\/no\/61582\/"},"modified":"2025-10-16T01:02:08","modified_gmt":"2025-10-16T01:02:08","slug":"youtube-nede-for-hundretusenvis-av-brukere","status":"publish","type":"post","link":"https:\/\/www.europesays.com\/no\/61582\/","title":{"rendered":"YouTube nede for hundretusenvis av brukere"},"content":{"rendered":"\n<p class=\"_lead_o9xde_2 _lead_xtcu6_50 layout-component text-serif-m layout-normal text-serif-l layout-component layout-wide layout-padded _wide_17hqh_1 layout-padded\">Over 320.000 brukere rapporterte problemer med videotjenesten.<\/p>\n<ul aria-hidden=\"true\" class=\"_images_1y6fe_106\">\n<li><a class=\"_link_1y6fe_111\" href=\"https:\/\/www.vg.no\/forfatter\/kari-aarstad-aase\" style=\"z-index:1\" title=\"Kari Aarstad Aase\" rel=\"nofollow noopener\" target=\"_blank\"><img alt=\"Bilde av Kari Aarstad Aase\" class=\"_image_1y6fe_88\" fetchpriority=\"low\" loading=\"lazy\" decoding=\"async\" itemprop=\"image\"  src=\"https:\/\/www.europesays.com\/no\/wp-content\/uploads\/2025\/10\/1760576528_942_0dbde33e-6d8e-4680-8e4f-e2a64281e2b8\"  width=\"480\"\/><\/a><\/li>\n<\/ul>\n<p> Oppdatert torsdag 16. oktober kl. 02:49     <\/p>\n<p class=\"_paragraph_o9xde_4 _paragraph_xtcu6_10 layout-component text-serif-m layout-normal text-serif-m layout-padded\">YouTube opplevde en massiv global nedetid onsdag kveld, som rammet millioner av brukere verden over. Problemene startet kort etter klokka 01 norsk tid natt til torsdag, melder\u00a0<a href=\"https:\/\/www.timesnownews.com\/world\/us\/us-news\/why-is-youtube-down-company-issues-official-response-after-massive-outage-article-153007348\" class=\"_link_o9xde_39\" rel=\"nofollow noopener\" target=\"_blank\">Times Now<\/a>.<\/p>\n<p class=\"_paragraph_o9xde_4 _paragraph_xtcu6_10 layout-component text-serif-m layout-normal text-serif-m layout-padded\">Mer enn 320.000 rapporter str\u00f8mmet inn til nettsiden Downdetector, mens tusenvis av andre meldte om problemer med YouTube Music og YouTube TV.<\/p>\n<p class=\"_paragraph_o9xde_4 _paragraph_xtcu6_10 layout-component text-serif-m layout-normal text-serif-m layout-padded\">Brukere rapporterte feilmeldinger som \u00abAn error occurred. Please try again later\u00bb eller m\u00f8tte helt svarte skjermer b\u00e5de p\u00e5 datamaskiner og mobilapper. P\u00e5 YouTube Music fungerte ikke str\u00f8mming i det hele tatt, men nedlastede sanger var fortsatt tilgjengelige.<\/p>\n<p class=\"_paragraph_o9xde_4 _paragraph_xtcu6_10 layout-component text-serif-m layout-normal text-serif-m layout-padded\">TeamYouTube svarte p\u00e5 X med meldingen:<\/p>\n<p class=\"_paragraph_o9xde_4 _paragraph_xtcu6_10 layout-component text-serif-m layout-normal text-serif-m layout-padded\">\u2013 Hvis du ikke klarer \u00e5 spille av videoer p\u00e5 YouTube akkurat n\u00e5 \u2013 vi jobber med det! Takk for t\u00e5lmodigheten.<\/p>\n<p class=\"_paragraph_o9xde_4 _paragraph_xtcu6_10 layout-component text-serif-m layout-normal text-serif-m layout-padded\">Selskapet la til en lenke til en st\u00f8tteside som bekreftet at de var klar over problemene og jobbet med en l\u00f8sning.<\/p>\n<p class=\"_paragraph_o9xde_4 _paragraph_xtcu6_10 layout-component text-serif-m layout-normal text-serif-m layout-padded\">YouTube har ikke oppgitt noen spesifikk \u00e5rsak til nedetiden, men bekreftet senere at problemet var l\u00f8st p\u00e5 tvers av alle tjenester.<\/p>\n","protected":false},"excerpt":{"rendered":"Over 320.000 brukere rapporterte problemer med videotjenesten. Oppdatert torsdag 16. oktober kl. 02:49 YouTube opplevde en massiv global&hellip;\n","protected":false},"author":2,"featured_media":61583,"comment_status":"","ping_status":"","sticky":false,"template":"","format":"standard","meta":{"footnotes":""},"categories":[12],"tags":[20,21,24,25,15,22,23,13,30,28,29,14,16,26,27,42,46,43,44,45,7519],"class_list":{"0":"post-61582","1":"post","2":"type-post","3":"status-publish","4":"format-standard","5":"has-post-thumbnail","7":"category-verden","8":"tag-breaking-news","9":"tag-breakingnews","10":"tag-featured-news","11":"tag-featurednews","12":"tag-headlines","13":"tag-latest-news","14":"tag-latestnews","15":"tag-news","16":"tag-no","17":"tag-norge","18":"tag-norway","19":"tag-nyheter","20":"tag-overskrifter","21":"tag-top-stories","22":"tag-topstories","23":"tag-verden","24":"tag-vgai","25":"tag-world","26":"tag-world-news","27":"tag-worldnews","28":"tag-you-tube"},"share_on_mastodon":{"url":"","error":""},"_links":{"self":[{"href":"https:\/\/www.europesays.com\/no\/wp-json\/wp\/v2\/posts\/61582","targetHints":{"allow":["GET"]}}],"collection":[{"href":"https:\/\/www.europesays.com\/no\/wp-json\/wp\/v2\/posts"}],"about":[{"href":"https:\/\/www.europesays.com\/no\/wp-json\/wp\/v2\/types\/post"}],"author":[{"embeddable":true,"href":"https:\/\/www.europesays.com\/no\/wp-json\/wp\/v2\/users\/2"}],"replies":[{"embeddable":true,"href":"https:\/\/www.europesays.com\/no\/wp-json\/wp\/v2\/comments?post=61582"}],"version-history":[{"count":0,"href":"https:\/\/www.europesays.com\/no\/wp-json\/wp\/v2\/posts\/61582\/revisions"}],"wp:featuredmedia":[{"embeddable":true,"href":"https:\/\/www.europesays.com\/no\/wp-json\/wp\/v2\/media\/61583"}],"wp:attachment":[{"href":"https:\/\/www.europesays.com\/no\/wp-json\/wp\/v2\/media?parent=61582"}],"wp:term":[{"taxonomy":"category","embeddable":true,"href":"https:\/\/www.europesays.com\/no\/wp-json\/wp\/v2\/categories?post=61582"},{"taxonomy":"post_tag","embeddable":true,"href":"https:\/\/www.europesays.com\/no\/wp-json\/wp\/v2\/tags?post=61582"}],"curies":[{"name":"wp","href":"https:\/\/api.w.org\/{rel}","templated":true}]}}