{"id":6171,"date":"2025-08-12T16:33:12","date_gmt":"2025-08-12T16:33:12","guid":{"rendered":"https:\/\/www.europesays.com\/no\/6171\/"},"modified":"2025-08-12T16:33:12","modified_gmt":"2025-08-12T16:33:12","slug":"larvik-innsendt-bidrag-markering-i-larvik-ingen-skal-matte-oppleve-det","status":"publish","type":"post","link":"https:\/\/www.europesays.com\/no\/6171\/","title":{"rendered":"Larvik, Innsendt bidrag | Markering i Larvik: \u2013 Ingen skal m\u00e5tte oppleve det"},"content":{"rendered":"\n<p>Det er i \u00e5r 80 \u00e5r siden atomv\u00e5pen for f\u00f8rste gang \u2013 og forh\u00e5pentligvis siste gang \u2013 ble brukt i krig. Umiddelbart var d\u00f8dstalla i de to japanske byene Hiroshima og Nagasaki ikke til \u00e5 fatte. Ved utgangen av 1945 hadde d\u00f8dstalla steget til 214.000 d\u00f8de mennesker.<\/p>\n<p>Skader, snikende sykdommer fra radioaktiv str\u00e5ling og psykiske skader har ramma ofrene helt opp til v\u00e5re dager. Atomv\u00e5pen dreper b\u00e5de umiddelbart, og i generasjoner.<\/p>\n<p>Hiroshimadagen ble l\u00f8rdag ettermiddag markert ved Fredstreet i Badeparken her i Larvik. Oda Nyborg, som er sentralstyremedlem i Nei til atomv\u00e5pen, kom fra Oslo og holdt appell.<\/p>\n<p>\u2013 Vi m\u00e5 anerkjenne hvilke konsekvenser atomv\u00e5pen faktisk har. Ingen skal m\u00e5tte oppleve det Hiroshima og Nagasaki opplevde, sa hun blant annet.<\/p>\n<p>Et lokalt fredskor under ledelse av Tore Vassdal sang &laquo;Til ungdommen&raquo; og &laquo;Fredssang&raquo; med musikalsk tonef\u00f8lge av Dan Storck. Under truende regnv\u00e6rsskyer og lumske vindkast leste Marit Sundt &laquo;Regn i Hiroshima&raquo; og holdt en flammende fredsappell.<\/p>\n<p>Markeringa ble avrunda med et fredsh\u00e5p, da Dan Storck p\u00e5 sin kornett spilte &laquo;What a wonderfull world&raquo;. Nesten like vakkert som om Louis Armstrong var til stedet.<\/p>\n<p>Fredstreet i Badeparken ble planta 23. mai 2018. Initiativtaker var dav\u00e6rende ordf\u00f8rer Rune H\u00f8iseth, som var med i organisasjonen Ordf\u00f8rere for fred. Treet er avla fram av fr\u00f8 fra et Ginkgo bilobatre, som faktisk overlevde Hiroshima-bomba.<\/p>\n<p>I Japan er dette et tempeltre og kan bli f\u00f8rti meter h\u00f8yt.<\/p>\n<p>  <a href=\"https:\/\/www.op.no\/5-36-1808917\" class=\"related-teaser has-image default-opinion-teaser article--c-eRUmMG article--c-eRUmMG-jKCPdD-design-default\" rel=\"nofollow noopener\" target=\"_blank\"><\/p>\n<p>    <img decoding=\"async\" loading=\"lazy\"  src=\"https:\/\/www.europesays.com\/no\/wp-content\/uploads\/2025\/08\/4b8e262a-f21d-4280-a021-a129eb0b1eaf.bin\" alt=\"\" class=\"brick-c-cFOWSL\" style=\"\"\/><\/p>\n<p>\n            Les ogs\u00e5<\/p>\n<p>              Nei til atomv\u00e5pen!\n        <\/p>\n<p>  <\/a><\/p>\n<p>  <a href=\"https:\/\/www.op.no\/5-36-1807351\" class=\"related-teaser has-image default-opinion-teaser article--c-eRUmMG article--c-eRUmMG-jKCPdD-design-default\" rel=\"nofollow noopener\" target=\"_blank\"><\/p>\n<p>    <img decoding=\"async\" loading=\"lazy\"  src=\"https:\/\/www.europesays.com\/no\/wp-content\/uploads\/2025\/08\/96824624-edd5-4ab7-8a22-323546c8385a.bin\" alt=\"\" class=\"brick-c-cFOWSL\" style=\"\"\/><\/p>\n<p>\n            Les ogs\u00e5<\/p>\n<p>              Aldri mer Hiroshima og Nagasaki!\n        <\/p>\n<p>  <\/a><\/p>\n<p>  <a href=\"https:\/\/www.op.no\/5-36-1796675\" class=\"related-teaser default-opinion-teaser article--c-eRUmMG article--c-eRUmMG-jKCPdD-design-default article--c-eRUmMG-kpKLOW-cv\" rel=\"nofollow noopener\" target=\"_blank\"><\/p>\n<p>\n            Les ogs\u00e5<\/p>\n<p>              Partiguide om atomv\u00e5pen\n        <\/p>\n<p>  <\/a><\/p>\n","protected":false},"excerpt":{"rendered":"Det er i \u00e5r 80 \u00e5r siden atomv\u00e5pen for f\u00f8rste gang \u2013 og forh\u00e5pentligvis siste gang \u2013 ble&hellip;\n","protected":false},"author":2,"featured_media":6172,"comment_status":"","ping_status":"","sticky":false,"template":"","format":"standard","meta":{"footnotes":""},"categories":[12],"tags":[36,335,20,21,24,25,15,1408,1407,113,22,23,1409,13,30,28,29,14,16,26,27,42,43,44,45],"class_list":{"0":"post-6171","1":"post","2":"type-post","3":"status-publish","4":"format-standard","5":"has-post-thumbnail","7":"category-verden","8":"tag-art","9":"tag-atomvapen","10":"tag-breaking-news","11":"tag-breakingnews","12":"tag-featured-news","13":"tag-featurednews","14":"tag-headlines","15":"tag-hiroshima","16":"tag-innsendt-bidrag","17":"tag-larvik","18":"tag-latest-news","19":"tag-latestnews","20":"tag-nagasaki","21":"tag-news","22":"tag-no","23":"tag-norge","24":"tag-norway","25":"tag-nyheter","26":"tag-overskrifter","27":"tag-top-stories","28":"tag-topstories","29":"tag-verden","30":"tag-world","31":"tag-world-news","32":"tag-worldnews"},"share_on_mastodon":{"url":"","error":""},"_links":{"self":[{"href":"https:\/\/www.europesays.com\/no\/wp-json\/wp\/v2\/posts\/6171","targetHints":{"allow":["GET"]}}],"collection":[{"href":"https:\/\/www.europesays.com\/no\/wp-json\/wp\/v2\/posts"}],"about":[{"href":"https:\/\/www.europesays.com\/no\/wp-json\/wp\/v2\/types\/post"}],"author":[{"embeddable":true,"href":"https:\/\/www.europesays.com\/no\/wp-json\/wp\/v2\/users\/2"}],"replies":[{"embeddable":true,"href":"https:\/\/www.europesays.com\/no\/wp-json\/wp\/v2\/comments?post=6171"}],"version-history":[{"count":0,"href":"https:\/\/www.europesays.com\/no\/wp-json\/wp\/v2\/posts\/6171\/revisions"}],"wp:featuredmedia":[{"embeddable":true,"href":"https:\/\/www.europesays.com\/no\/wp-json\/wp\/v2\/media\/6172"}],"wp:attachment":[{"href":"https:\/\/www.europesays.com\/no\/wp-json\/wp\/v2\/media?parent=6171"}],"wp:term":[{"taxonomy":"category","embeddable":true,"href":"https:\/\/www.europesays.com\/no\/wp-json\/wp\/v2\/categories?post=6171"},{"taxonomy":"post_tag","embeddable":true,"href":"https:\/\/www.europesays.com\/no\/wp-json\/wp\/v2\/tags?post=6171"}],"curies":[{"name":"wp","href":"https:\/\/api.w.org\/{rel}","templated":true}]}}